{"id":30941,"date":"2025-12-15T17:58:22","date_gmt":"2025-12-15T16:58:22","guid":{"rendered":"http:\/\/info.sadowne.pl\/?p=30941"},"modified":"2025-12-15T17:58:22","modified_gmt":"2025-12-15T16:58:22","slug":"kronika-strazacka-08-14-12-2025","status":"publish","type":"post","link":"https:\/\/info.sadowne.pl\/?p=30941","title":{"rendered":"Kronika stra\u017cacka 08 \u2013 14.12.2025"},"content":{"rendered":"<p><strong><a href=\"http:\/\/info.sadowne.pl\/wp-content\/uploads\/2025\/05\/straz1.jpg\"><img loading=\"lazy\" decoding=\"async\" class=\"alignleft size-thumbnail wp-image-30020\" src=\"http:\/\/info.sadowne.pl\/wp-content\/uploads\/2025\/05\/straz1-180x130.jpg\" alt=\"\" width=\"180\" height=\"130\" \/><\/a>W okresie 08 &#8211; 14.12.2025 na terenie powiatu w\u0119growskiego odnotowano: 11 zdarze\u0144, przy kt\u00f3rych interweniowa\u0142y jednostki ochrony przeciwpo\u017carowej, w tym: 10 miejscowych zagro\u017ce\u0144, 1 alarm fa\u0142szywy, nie odnotowano \u017cadnego po\u017caru.<\/strong><!--more--><\/p>\n<p><strong>08.12.2025 \u2013 Ruchna, gm. Liw \u2013 droga wojew\u00f3dzka 696 &#8211; wypadek.<\/strong><\/p>\n<p>Do SKKP w W\u0119growie wp\u0142yn\u0119\u0142a formatka o tre\u015bci: &#8222;Zderzenie dw\u00f3ch pojazd\u00f3w osobowych, dwie osoby poszkodowane, przytomne Droga 696 skrzy\u017cowanie z drog\u0105 do Ruchna&#8221;. Dy\u017curny SKKP na miejsce zdarzenia zadysponowa\u0142 zast\u0119py JRG oraz miejscowy zast\u0119p OSP Ruchna. Po doje\u017adzie na miejsce zdarzenia w\/w zast\u0119p\u00f3w, KDR po przeprowadzeniu rozpoznania stwierdzi\u0142, \u017ce na skrzy\u017cowaniu drogi wojew\u00f3dzkiej 696 z drog\u0105 powiatow\u0105 4230W za miejscowo\u015bci\u0105 Ruchna, dosz\u0142o do zderzenia czo\u0142owo &#8211; bocznego dw\u00f3ch pojazd\u00f3w osobowych. Pojazdem marki Opel Insignia podr\u00f3\u017cowa\u0142y 3 osoby, a pojazdem marki Mitsubishi Colt wy\u0142\u0105cznie kieruj\u0105ca pojazdem. Przed przybyciem SiS na miejscu by\u0142a Policja, a w trakcie prowadzenia rozpoznania przyby\u0142y 2 ZRM. Dzia\u0142ania zast\u0119p\u00f3w polega\u0142y na zabezpieczeniu miejsca zdarzenia. ZRM po przeprowadzeniu bada\u0144 nie stwierdzi\u0142 konieczno\u015bci hospitalizacji uczestnik\u00f3w zdarzenia. Drog\u0119 uprz\u0105tni\u0119to, a pojazdy usuni\u0119to poza jezdni\u0119. Miejsce zdarzenia przekazano protoko\u0142em Policji, na tym dzia\u0142ania zako\u0144czono.<\/p>\n<p>W DZIA\u0141ANIACH RATOWNICZYCH UDZIA\u0141 BRA\u0141O: 4 zast\u0119py, 14 ratownik\u00f3w.<\/p>\n<p><strong>09.12.2025 \u2013 Jartypory, gm. Liw \u2013 zdarzenie drogowe .<\/strong><\/p>\n<p>Do SKKP w W\u0119growie wp\u0142yn\u0119\u0142a formatka o tre\u015bci: &#8222;KOLIZJA Z DZIKIEM BRAK POSZKODOWANYCH OPEL ASTRA xxxxxx DYMI SI\u0118 Z POJAZDU ZABLOKOWANY PAS RUCHU&#8221;. Dy\u017curny zadysponowa\u0142 na miejsce zdarzenia Zast\u0119p OSP Jartypory oraz zast\u0119p JRG W\u0119gr\u00f3w. Po przybyciu na miejsce zdarzenia JOP, KDR OSP po przeprowadzeniu rozpoznania stwierdzi\u0142, \u017ce dosz\u0142o do kolizji samochodu osobowego z dzikiem, pojazd znajdowa\u0142 si\u0119 na pasie jezdni w kierunku Miedzny. Nast\u0119pnie na miejsce zdarzenia przyby\u0142 zast\u0119p JRG, kt\u00f3rego dow\u00f3dca po zapoznaniu si\u0119 z sytuacja przej\u0105\u0142 KDR. Samochodem podr\u00f3\u017cowa\u0142a jedna osoba, kt\u00f3ra nie odnios\u0142a \u017cadnych obra\u017ce\u0144 i odm\u00f3wi\u0142a pomocy medycznej &#8211; podpisana odmowa udzielenia KPP. Dzia\u0142ania JOP polega\u0142y na zabezpieczeniu oraz o\u015bwietleniu miejsca zdarzenia miejsca zdarzenia oraz od\u0142\u0105czeniu akumulatora w poje\u017adzie. Po przybyciu lawety i zabraniu pojazdu dzia\u0142ania zako\u0144czono, zast\u0119py powr\u00f3ci\u0142y do koszar. Na miejscu pozosta\u0142 patrol Policji.<\/p>\n<p>W DZIA\u0141ANIACH RATOWNICZYCH UDZIA\u0141 BRA\u0141O: 2 zast\u0119py, 12 ratownik\u00f3w.<\/p>\n<p><strong>13.12.2025 \u2013 \u0141och\u00f3w DK50 \u2013 wypadek komunikacyjny.<\/strong><\/p>\n<p>Do SKKP w W\u0119growie wp\u0142yn\u0119\u0142a formatka CPR o tre\u015bci: &#8222;DK 50, ZDERZENIE POJAZD\u00d3W OSOBOWYCH &#8211; NIE MA OS\u00d3B POSZKODOWANYCH, JEDNA OSOBA\u00a0 &#8211; B\u00d3L G\u0141OWY, SKODA O,SKODA, TOYOTA, SKODA, NIE MA WYCIEK\u00d3W ANI ZADYMIE\u0143, RUCH JEST ZABLOKOWANY&#8221;. Do zdarzenia zosta\u0142 zadysponowany zast\u0119p JRG W\u0119gr\u00f3w oraz okoliczne zast\u0119py OSP \u0141och\u00f3w,\u00a0 OSP \u0141och\u00f3w, ul. Fabryczna, a nast\u0119pnie OSP Budziska. Po przybyciu na miejsce zdarzenia zast\u0119pu OSP \u0141och\u00f3w &#8211; KDR podaje: &#8222;zderzenie czterech pojazd\u00f3w, jedna osoba poszkodowana, na miejscu jest ZRM zajmuje si\u0119 osob\u0105&#8221;. Dzia\u0142ania zast\u0119pu polega\u0142y na zabezpieczeniu miejsca zdarzenia. Po przybyciu na miejsce zast\u0119p\u00f3w JRG (przej\u0119cie KDR) ustalono, i\u017c zderzeniu uleg\u0142o cztery pojazdy osobowe, z czego jeden z przyczepk\u0105. Pojazdami podr\u00f3\u017cowa\u0142o \u0142\u0105cznie osiem os\u00f3b, z czego jedna odnios\u0142a obra\u017cenia i znajdowa\u0142a si\u0119 pod opiek\u0105 ZRM, Policja na miejscu, ruch ca\u0142kowicie zablokowany. Na miejsce zdarzenia dojecha\u0142 r\u00f3wnie\u017c Z-ca Komendanta Powiatowego PSP w W\u0119growie. Ze wzgl\u0119du na rodzaj i rozmiary uszkodze\u0144 pojazd\u00f3w podj\u0119to decyzj\u0119 o zabezpieczeniu pojazd\u00f3w poprzez od\u0142\u0105czenie akumulator\u00f3w. W zwi\u0105zku z kolizj\u0105 i uszkodzeniem karetki ZRM w trakcie dojazdu do miejsca zdarzenia, na miejsce dotar\u0142 kolejny ZRM, kt\u00f3ry przej\u0105\u0142 osob\u0119 poszkodowan\u0105, a po udzieleniu niezb\u0119dnej pomocy medycznej przewi\u00f3z\u0142 j\u0105 na dalsze badania do szpitala. Do uszkodzonej karetki dotar\u0142 kolejny ZRM, do kt\u00f3rego przeniesiono sprz\u0119t medyczny, a uszkodzona karetka zosta\u0142a zabrana z miejsca zdarzenia przez lawet\u0119. Po tych czynno\u015bciach na pro\u015bb\u0119 Policji pozostawiono zast\u0119p OSP \u0141och\u00f3w w celu pomocy w zabezpieczeniu ruchu drogowego. Pozosta\u0142e zast\u0119py zako\u0144czy\u0142y dzia\u0142ania i wr\u00f3ci\u0142y do miejsca stacjonowania.<\/p>\n<p>W DZIA\u0141ANIACH RATOWNICZYCH UDZIA\u0141 BRA\u0141O: 4 zast\u0119py, 17 ratownik\u00f3w.<\/p>\n<p><strong>13.12.2025 \u2013 <\/strong><strong>Suchod\u00f3\u0142, gm. Gr\u0119bk\u00f3w \u2013 wypadek komunikacyjny.<\/strong><\/p>\n<p>Do SKKP wp\u0142yn\u0119\u0142a formatka z CPR Radom o tre\u015bci: &#8222;zderzenie dw\u00f3ch pojazd\u00f3w, \u017cona zg\u0142aszaj\u0105cego potrzebuje pomocy medycznej, brak zakleszczonych&#8221;. SK do zdarzenia zadysponowa\u0142o JRG W\u0119gr\u00f3w i OSP Polk\u00f3w Saga\u0142y. Po doje\u017adzie na miejsce zast\u0119pu OSP, KDR stwierdzi\u0142, \u017ce kieruj\u0105cy Toyot\u0105 wjecha\u0142 w ty\u0142 Hyundaia, kt\u00f3ry zatrzyma\u0142 si\u0119 \u017ceby przepu\u015bci\u0107 skr\u0119caj\u0105cy przed nim pojazd, jedna osoba poszkodowana, droga zablokowana w obu kierunkach. Dzia\u0142ania zast\u0119p\u00f3w polega\u0142y na zabezpieczeniu miejsca zdarzenia i udzieleniu wsparcia psychicznego osobie poszkodowanej. Na miejsce zdarzenia przyby\u0142y dwa ZRM &#8211; przebadano dwie osoby, jedna z os\u00f3b zosta\u0142a zabrana do szpitala. Na pro\u015bb\u0119 Policji na miejscu zdarzenia pozosta\u0142 zast\u0119p OSP Polk\u00f3w Saga\u0142y na czas prowadzonych czynno\u015bci dochodzeniowo-\u015bledczych.<\/p>\n<p>W DZIA\u0141ANIACH RATOWNICZYCH UDZIA\u0141 BRA\u0141O: 2 zast\u0119py, 9 ratownik\u00f3w.<\/p>\n<p><strong>13.12.2025 \u2013 \u00a0W\u0119gr\u00f3w \u2013 budynek mieszkalny &#8211; rozpoznanie.<\/strong><\/p>\n<p>Do SKKP w W\u0119growie wp\u0142yn\u0119\u0142a formatka CPR o tre\u015bci: &#8222;WG ZG\u0141ASZAJACEGO \u015aCIANA I POD\u0141OGA P\u0118K\u0141Y W JEGO MIESZKANIU, \u015aCIANY ZACZ\u0118\u0141Y SIE RUSZA\u0106 ZG\u0141ASZAJ\u0104CY NIE ROBI\u0141 \u017bADNEGO REMONTU, NA POCZ\u0104TKU P\u0118K\u0141A KONSTRUKCJA BALKONU ZG\u0141ASZAJACY Z NARZECZONA OCZEKUJA PRZED BUDYNKIEM&#8221;. Do zdarzenia na rozpoznanie zadysponowano zast\u0119p JRG W\u0119gr\u00f3w. Po przybyciu na miejsce i przeprowadzeniu rozpoznania, KDR stwierdzi\u0142, \u017ce w jednym z mieszka\u0144 p\u0119k\u0142a posadzka, w mieszkaniu znajduj\u0105 si\u0119 dwie osoby. Na miejsce zdarzenia dojecha\u0142 Z-ca Komendanta Powiatowego PSP w W\u0119growie oraz patrol Policji. Dzia\u0142ania zast\u0119pu polega\u0142y na zabezpieczeniu miejsca zdarzenia oraz dok\u0142adnemu sprawdzeniu stanu \u015bcian i posadzki r\u00f3wnie\u017c w lokalu poni\u017cej &#8211; nie stwierdzono zagro\u017ce\u0144. Samo p\u0119kniecie posadzki wynika\u0142o prawdopodobnie ze z\u0142ego doboru materia\u0142\u00f3w budowlanych i nosi\u0142o znamiona powierzchownego uszkodzenia, kt\u00f3re nie narusza\u0142o konstrukcji no\u015bnej budynku (p\u0119kniecie wylewki na pod\u0142odze wykonanej najprawdopodobniej z gipsu). Miejsce zdarzenia przekazano pisemnie protoko\u0142em u\u017cytkownikowi mieszkania z zaleceniem zg\u0142oszenia wady do zarz\u0105dcy obiektu w najbli\u017cszym dniu roboczym. Na tym dzia\u0142ania zako\u0144czono, a zast\u0119p powr\u00f3ci\u0142 do bazy.<\/p>\n<p>W DZIA\u0141ANIACH RATOWNICZYCH UDZIA\u0141 BRA\u0141O: 1 zast\u0119p, 5 ratownik\u00f3w.<\/p>\n<p><strong>KP PSP W\u0119gr\u00f3w<\/strong><\/p>\n<p>&nbsp;<\/p>\n","protected":false},"excerpt":{"rendered":"<p>W okresie 08 &#8211; 14.12.2025 na terenie powiatu w\u0119growskiego odnotowano: 11 zdarze\u0144, przy kt\u00f3rych interweniowa\u0142y jednostki ochrony przeciwpo\u017carowej, w tym: 10 miejscowych zagro\u017ce\u0144, 1 alarm fa\u0142szywy, nie odnotowano \u017cadnego po\u017caru.<\/p>\n","protected":false},"author":1,"featured_media":0,"comment_status":"closed","ping_status":"closed","sticky":false,"template":"","format":"standard","meta":{"footnotes":""},"categories":[5,4,267],"tags":[491,643],"class_list":["post-30941","post","type-post","status-publish","format-standard","hentry","category-newsy","category-policja-straz-pozarna-pogotowie-ratunkowe","category-straz-pozarna-policja-straz-pozarna-pogotowie-ratunkowe","tag-komenda-powiatowa-panstwowej-strazy-pozarnej-w-wegrowie","tag-kronika-strazacka"],"views":400,"_links":{"self":[{"href":"https:\/\/info.sadowne.pl\/index.php?rest_route=\/wp\/v2\/posts\/30941","targetHints":{"allow":["GET"]}}],"collection":[{"href":"https:\/\/info.sadowne.pl\/index.php?rest_route=\/wp\/v2\/posts"}],"about":[{"href":"https:\/\/info.sadowne.pl\/index.php?rest_route=\/wp\/v2\/types\/post"}],"author":[{"embeddable":true,"href":"https:\/\/info.sadowne.pl\/index.php?rest_route=\/wp\/v2\/users\/1"}],"replies":[{"embeddable":true,"href":"https:\/\/info.sadowne.pl\/index.php?rest_route=%2Fwp%2Fv2%2Fcomments&post=30941"}],"version-history":[{"count":1,"href":"https:\/\/info.sadowne.pl\/index.php?rest_route=\/wp\/v2\/posts\/30941\/revisions"}],"predecessor-version":[{"id":30942,"href":"https:\/\/info.sadowne.pl\/index.php?rest_route=\/wp\/v2\/posts\/30941\/revisions\/30942"}],"wp:attachment":[{"href":"https:\/\/info.sadowne.pl\/index.php?rest_route=%2Fwp%2Fv2%2Fmedia&parent=30941"}],"wp:term":[{"taxonomy":"category","embeddable":true,"href":"https:\/\/info.sadowne.pl\/index.php?rest_route=%2Fwp%2Fv2%2Fcategories&post=30941"},{"taxonomy":"post_tag","embeddable":true,"href":"https:\/\/info.sadowne.pl\/index.php?rest_route=%2Fwp%2Fv2%2Ftags&post=30941"}],"curies":[{"name":"wp","href":"https:\/\/api.w.org\/{rel}","templated":true}]}}