{"id":30948,"date":"2025-12-19T14:23:21","date_gmt":"2025-12-19T13:23:21","guid":{"rendered":"http:\/\/info.sadowne.pl\/?p=30948"},"modified":"2025-12-19T14:23:21","modified_gmt":"2025-12-19T13:23:21","slug":"leciec-za-kometa","status":"publish","type":"post","link":"https:\/\/info.sadowne.pl\/?p=30948","title":{"rendered":"Lecie\u0107 za komet\u0105&#8230;"},"content":{"rendered":"<p><a href=\"http:\/\/info.sadowne.pl\/wp-content\/uploads\/2025\/12\/2025.12.19.1.jpg\" target=\"_blank\" rel=\"noopener\"><img loading=\"lazy\" decoding=\"async\" class=\"alignleft wp-image-30949 size-thumbnail\" src=\"http:\/\/info.sadowne.pl\/wp-content\/uploads\/2025\/12\/2025.12.19.1-180x130.jpg\" alt=\"\" width=\"180\" height=\"130\" \/><\/a><\/p>\n<p><strong>Trzeci wiersz Janusza Wojciecha Kowalskiego.<\/strong><!--more--><\/p>\n<p>&nbsp;<\/p>\n<p>&nbsp;<\/p>\n<p>&nbsp;<\/p>\n<p>&nbsp;<\/p>\n<p>&nbsp;<\/p>\n<p style=\"text-align: center;\">Lecie\u0107 za komet\u0105<\/p>\n<p style=\"text-align: center;\">Niechaj si\u0119 wieszcze pok\u0142\u00f3c\u0105 z wieszczami,<br \/>\na my b\u0105d\u017amy cicho,<br \/>\nnam ko\u0144 lataj\u0105cy<br \/>\nda\u0142 ze swoich skrzyde\u0142<br \/>\ntylko jedno pi\u00f3ro<\/p>\n<p style=\"text-align: center;\">Niechaj si\u0119 wielcy rozdziel\u0105 tronami,<br \/>\na my b\u0105d\u017amy cicho,<br \/>\nnam B\u00f3g kochaj\u0105cy<br \/>\nda\u0142 spo\u015br\u00f3d foteli<br \/>\ntylko po sto\u0142eczku<\/p>\n<p style=\"text-align: center;\">Niechaj si\u0119 k\u0142\u00f3c\u0105, wchodz\u0105 i spadaj\u0105<br \/>\ng\u00f3ry z g\u00f3r stromych, tron niech walczy z tronem,<br \/>\na my b\u0105d\u017amy cicho,<br \/>\nbo my przy komecie<br \/>\njeste\u015bmy tylko \u015bwiat\u0142em i ogonem.<\/p>\n<p style=\"text-align: left;\"><strong>Foto:<\/strong> Wies\u0142aw Maliszewski<\/p>\n","protected":false},"excerpt":{"rendered":"<p>Trzeci wiersz Janusza Wojciecha Kowalskiego.<\/p>\n","protected":false},"author":1,"featured_media":0,"comment_status":"closed","ping_status":"closed","sticky":false,"template":"","format":"standard","meta":{"footnotes":""},"categories":[5,48,6],"tags":[4256,2730,4333,51],"class_list":["post-30948","post","type-post","status-publish","format-standard","hentry","category-newsy","category-kacik-literacki","category-kultura-rozrywka-edukacja","tag-janusz-wojciech-kowalski","tag-poezja","tag-wiersz-leciec-za-kometa","tag-wieslaw-maliszewski"],"views":330,"_links":{"self":[{"href":"https:\/\/info.sadowne.pl\/index.php?rest_route=\/wp\/v2\/posts\/30948","targetHints":{"allow":["GET"]}}],"collection":[{"href":"https:\/\/info.sadowne.pl\/index.php?rest_route=\/wp\/v2\/posts"}],"about":[{"href":"https:\/\/info.sadowne.pl\/index.php?rest_route=\/wp\/v2\/types\/post"}],"author":[{"embeddable":true,"href":"https:\/\/info.sadowne.pl\/index.php?rest_route=\/wp\/v2\/users\/1"}],"replies":[{"embeddable":true,"href":"https:\/\/info.sadowne.pl\/index.php?rest_route=%2Fwp%2Fv2%2Fcomments&post=30948"}],"version-history":[{"count":2,"href":"https:\/\/info.sadowne.pl\/index.php?rest_route=\/wp\/v2\/posts\/30948\/revisions"}],"predecessor-version":[{"id":30951,"href":"https:\/\/info.sadowne.pl\/index.php?rest_route=\/wp\/v2\/posts\/30948\/revisions\/30951"}],"wp:attachment":[{"href":"https:\/\/info.sadowne.pl\/index.php?rest_route=%2Fwp%2Fv2%2Fmedia&parent=30948"}],"wp:term":[{"taxonomy":"category","embeddable":true,"href":"https:\/\/info.sadowne.pl\/index.php?rest_route=%2Fwp%2Fv2%2Fcategories&post=30948"},{"taxonomy":"post_tag","embeddable":true,"href":"https:\/\/info.sadowne.pl\/index.php?rest_route=%2Fwp%2Fv2%2Ftags&post=30948"}],"curies":[{"name":"wp","href":"https:\/\/api.w.org\/{rel}","templated":true}]}}