{"id":30978,"date":"2025-12-23T10:18:34","date_gmt":"2025-12-23T09:18:34","guid":{"rendered":"http:\/\/info.sadowne.pl\/?p=30978"},"modified":"2025-12-23T12:18:58","modified_gmt":"2025-12-23T11:18:58","slug":"wiersz-pod-choinke-1","status":"publish","type":"post","link":"https:\/\/info.sadowne.pl\/?p=30978","title":{"rendered":"Wiersz pod choink\u0119 &#8211; 1"},"content":{"rendered":"<p><strong><a href=\"http:\/\/info.sadowne.pl\/wp-content\/uploads\/2025\/12\/2025.12.23.1.jpg\" target=\"_blank\" rel=\"noopener\"><img loading=\"lazy\" decoding=\"async\" class=\"alignleft wp-image-30979 size-thumbnail\" src=\"http:\/\/info.sadowne.pl\/wp-content\/uploads\/2025\/12\/2025.12.23.1-180x130.jpg\" alt=\"\" width=\"180\" height=\"130\" \/><\/a>Janusz Wojciech Kowalski.<\/strong><br \/>\n<!--more--><\/p>\n<p>&nbsp;<\/p>\n<p>&nbsp;<\/p>\n<p>&nbsp;<\/p>\n<p>&nbsp;<\/p>\n<p>&nbsp;<\/p>\n<p style=\"text-align: center;\"><strong><br \/>\nZima<\/strong><\/p>\n<p style=\"text-align: center;\">Spa\u0142em cicho, gdy noc\u0105 na niebie<br \/>\np\u0119k\u0142 zag\u0142\u00f3wek pod g\u0142ow\u0105 olbrzyma.<br \/>\nTak, to dla nas, dla mnie i dla ciebie,<br \/>\nzima przysz\u0142a, zobacz, przysz\u0142a zima.<\/p>\n<p style=\"text-align: center;\">\u015anieg w kapelusz ubra\u0142 komin stary.<br \/>\nMr\u00f3z bieg rzeki w rze\u017abie fal zatrzyma\u0142.<br \/>\nR\u00f3\u017cd\u017cki srebrnej to sprawi\u0142y czary;<br \/>\nwczoraj jesie\u0144, a dzi\u015b zobacz \u2013 zima.<\/p>\n<p style=\"text-align: center;\">Wi\u0105\u017c\u0119 szalik i wybiegam z domu,<br \/>\na wiatr figlarz snopy iskier wzdyma;<br \/>\ntobie tylko i wi\u0119cej nikomu<br \/>\npowiem, zobacz, zima przysz\u0142a, zima.<\/p>\n<p style=\"text-align: center;\">Dudni t\u0119tno i twarz rozpalona.<br \/>\nL\u00f3d bym topi\u0142 bystrymi oczyma.<br \/>\nKto\u015b z przeciwka wpada mi w ramiona<br \/>\n&#8211; m\u00f3j kochany, zima, przysz\u0142a zima.<\/p>\n<p><strong>Foto:<\/strong> Wies\u0142aw Maliszewski<\/p>\n","protected":false},"excerpt":{"rendered":"<p>Janusz Wojciech Kowalski.<\/p>\n","protected":false},"author":1,"featured_media":0,"comment_status":"closed","ping_status":"closed","sticky":false,"template":"","format":"standard","meta":{"footnotes":""},"categories":[5,48,6,108],"tags":[4256,2730,4335,51],"class_list":["post-30978","post","type-post","status-publish","format-standard","hentry","category-newsy","category-kacik-literacki","category-kultura-rozrywka-edukacja","category-okienko-poetyckie","tag-janusz-wojciech-kowalski","tag-poezja","tag-wiersz-zima","tag-wieslaw-maliszewski"],"views":310,"_links":{"self":[{"href":"https:\/\/info.sadowne.pl\/index.php?rest_route=\/wp\/v2\/posts\/30978","targetHints":{"allow":["GET"]}}],"collection":[{"href":"https:\/\/info.sadowne.pl\/index.php?rest_route=\/wp\/v2\/posts"}],"about":[{"href":"https:\/\/info.sadowne.pl\/index.php?rest_route=\/wp\/v2\/types\/post"}],"author":[{"embeddable":true,"href":"https:\/\/info.sadowne.pl\/index.php?rest_route=\/wp\/v2\/users\/1"}],"replies":[{"embeddable":true,"href":"https:\/\/info.sadowne.pl\/index.php?rest_route=%2Fwp%2Fv2%2Fcomments&post=30978"}],"version-history":[{"count":7,"href":"https:\/\/info.sadowne.pl\/index.php?rest_route=\/wp\/v2\/posts\/30978\/revisions"}],"predecessor-version":[{"id":30986,"href":"https:\/\/info.sadowne.pl\/index.php?rest_route=\/wp\/v2\/posts\/30978\/revisions\/30986"}],"wp:attachment":[{"href":"https:\/\/info.sadowne.pl\/index.php?rest_route=%2Fwp%2Fv2%2Fmedia&parent=30978"}],"wp:term":[{"taxonomy":"category","embeddable":true,"href":"https:\/\/info.sadowne.pl\/index.php?rest_route=%2Fwp%2Fv2%2Fcategories&post=30978"},{"taxonomy":"post_tag","embeddable":true,"href":"https:\/\/info.sadowne.pl\/index.php?rest_route=%2Fwp%2Fv2%2Ftags&post=30978"}],"curies":[{"name":"wp","href":"https:\/\/api.w.org\/{rel}","templated":true}]}}