{"id":30987,"date":"2025-12-24T08:00:11","date_gmt":"2025-12-24T07:00:11","guid":{"rendered":"http:\/\/info.sadowne.pl\/?p=30987"},"modified":"2025-12-23T12:28:28","modified_gmt":"2025-12-23T11:28:28","slug":"wiersz-pod-choinke-2","status":"publish","type":"post","link":"https:\/\/info.sadowne.pl\/?p=30987","title":{"rendered":"Wiersz pod choink\u0119 &#8211; 2"},"content":{"rendered":"<p><strong><a href=\"http:\/\/info.sadowne.pl\/wp-content\/uploads\/2025\/12\/2025.12.23.2.jpg\" target=\"_blank\" rel=\"noopener\"><img loading=\"lazy\" decoding=\"async\" class=\"alignleft wp-image-30988 size-thumbnail\" src=\"http:\/\/info.sadowne.pl\/wp-content\/uploads\/2025\/12\/2025.12.23.2-180x130.jpg\" alt=\"\" width=\"180\" height=\"130\" \/><\/a>Wies\u0142aw Maliszewski.<\/strong><!--more--><\/p>\n<p>&nbsp;<\/p>\n<p>&nbsp;<\/p>\n<p>&nbsp;<\/p>\n<p>&nbsp;<\/p>\n<p>&nbsp;<\/p>\n<p>&nbsp;<\/p>\n<p style=\"text-align: left;\"><strong><br \/>\nWigilijne wspomnienie<\/strong><\/p>\n<p style=\"text-align: left;\">W moim \u015bwiecie, pod\u00f3wczas niewielkim,<br \/>\nw czas nadziei, rado\u015bci i zbli\u017ce\u0144.<br \/>\nPrzyszed\u0142 w ma\u0142ej szufladzie kredensu<br \/>\nwigilijny m\u00f3j Jezus \u2013 braciszek.<\/p>\n<p style=\"text-align: left;\">Ma\u0142e r\u0105czki z ciep\u0142ego mia\u0142 chleba.<br \/>\nUsta z jab\u0142ek soczystej czerwieni.<br \/>\nNo, a w oczach ziele\u0144 \u015bwierczyny,<br \/>\nco pachnia\u0142a lasem ju\u017c w sieni.<\/p>\n<p style=\"text-align: left;\">Gwiazdy w niebie p\u0142on\u0105c dzwoni\u0142y.<br \/>\nCho\u0107 nie by\u0142o kadzide\u0142 ni z\u0142ota,<br \/>\ntylko matka, krz\u0105ta\u0142a si\u0119 po domu<br \/>\ni by\u0142 wiecz\u00f3r, kt\u00f3ry rodzi\u0142 nam Boga.<\/p>\n<p>Potem wszystko tak szybko si\u0119 sta\u0142o.<br \/>\nLniany obrus, modlitwa, \u017cyczenia.<br \/>\nKa\u017cde w nas promieni\u015bcie ja\u015bnia\u0142o,<br \/>\njakby kto\u015b w anio\u0142y nas pozmienia\u0142.<\/p>\n<p style=\"text-align: left;\">***********************<\/p>\n<p style=\"text-align: left;\">Dzi\u015b te\u017c pragn\u0119,<br \/>\njak wtedy zawierzy\u0107.<br \/>\nW czas, gdy serce jak op\u0142atek \u0142ama\u0142em,<br \/>\npo\u015br\u00f3d bliskich;<br \/>\nwigilijnej wieczerzy.<br \/>\nI gdzie\u015b w niebie wysokim,<br \/>\ngdzie\u015b z szuflady kredensu,<br \/>\n\u015bpiew matczyny<br \/>\nnad dzieci\u0105tkiem s\u0142ysza\u0142em:<br \/>\n\u201elulaj\u017ce Jezuniu moja pere\u0142ko&#8230;\u201d<\/p>\n","protected":false},"excerpt":{"rendered":"<p>Wies\u0142aw Maliszewski.<\/p>\n","protected":false},"author":1,"featured_media":0,"comment_status":"closed","ping_status":"closed","sticky":false,"template":"","format":"standard","meta":{"footnotes":""},"categories":[5,48,6,108],"tags":[2730,4336,51],"class_list":["post-30987","post","type-post","status-publish","format-standard","hentry","category-newsy","category-kacik-literacki","category-kultura-rozrywka-edukacja","category-okienko-poetyckie","tag-poezja","tag-wiersz-wigilijne-wspomnienie","tag-wieslaw-maliszewski"],"views":307,"_links":{"self":[{"href":"https:\/\/info.sadowne.pl\/index.php?rest_route=\/wp\/v2\/posts\/30987","targetHints":{"allow":["GET"]}}],"collection":[{"href":"https:\/\/info.sadowne.pl\/index.php?rest_route=\/wp\/v2\/posts"}],"about":[{"href":"https:\/\/info.sadowne.pl\/index.php?rest_route=\/wp\/v2\/types\/post"}],"author":[{"embeddable":true,"href":"https:\/\/info.sadowne.pl\/index.php?rest_route=\/wp\/v2\/users\/1"}],"replies":[{"embeddable":true,"href":"https:\/\/info.sadowne.pl\/index.php?rest_route=%2Fwp%2Fv2%2Fcomments&post=30987"}],"version-history":[{"count":5,"href":"https:\/\/info.sadowne.pl\/index.php?rest_route=\/wp\/v2\/posts\/30987\/revisions"}],"predecessor-version":[{"id":30993,"href":"https:\/\/info.sadowne.pl\/index.php?rest_route=\/wp\/v2\/posts\/30987\/revisions\/30993"}],"wp:attachment":[{"href":"https:\/\/info.sadowne.pl\/index.php?rest_route=%2Fwp%2Fv2%2Fmedia&parent=30987"}],"wp:term":[{"taxonomy":"category","embeddable":true,"href":"https:\/\/info.sadowne.pl\/index.php?rest_route=%2Fwp%2Fv2%2Fcategories&post=30987"},{"taxonomy":"post_tag","embeddable":true,"href":"https:\/\/info.sadowne.pl\/index.php?rest_route=%2Fwp%2Fv2%2Ftags&post=30987"}],"curies":[{"name":"wp","href":"https:\/\/api.w.org\/{rel}","templated":true}]}}