{"id":31001,"date":"2025-12-28T17:50:05","date_gmt":"2025-12-28T16:50:05","guid":{"rendered":"http:\/\/info.sadowne.pl\/?p=31001"},"modified":"2025-12-28T17:50:05","modified_gmt":"2025-12-28T16:50:05","slug":"z-historii-sadowianki-dozynki-i-piknik-ekologiczny","status":"publish","type":"post","link":"https:\/\/info.sadowne.pl\/?p=31001","title":{"rendered":"Z historii &#8211; Sadowianki &#8211; Do\u017cynki i Piknik Ekologiczny"},"content":{"rendered":"<p><strong><a href=\"http:\/\/info.sadowne.pl\/wp-content\/uploads\/2025\/12\/sad1397.jpg\"><img loading=\"lazy\" decoding=\"async\" class=\"alignleft size-thumbnail wp-image-31007\" src=\"http:\/\/info.sadowne.pl\/wp-content\/uploads\/2025\/12\/sad1397-180x130.jpg\" alt=\"\" width=\"180\" height=\"130\" \/><\/a>SADOWNE &#8211; <\/strong><strong>15 sierpnia 2023 roku.<\/strong><!--more--><\/p>\n<p>15 sierpnia 2023 r. w Sadownem po raz dziewi\u0105ty odby\u0142y si\u0119 Do\u017cynki Gminno \u2013 Parafialne.<\/p>\n<p><a href=\"http:\/\/info.sadowne.pl\/wp-content\/uploads\/2025\/12\/sad1392.jpg\"><img loading=\"lazy\" decoding=\"async\" class=\"aligncenter size-full wp-image-31002\" src=\"http:\/\/info.sadowne.pl\/wp-content\/uploads\/2025\/12\/sad1392.jpg\" alt=\"\" width=\"603\" height=\"777\" srcset=\"https:\/\/info.sadowne.pl\/wp-content\/uploads\/2025\/12\/sad1392.jpg 603w, https:\/\/info.sadowne.pl\/wp-content\/uploads\/2025\/12\/sad1392-233x300.jpg 233w\" sizes=\"auto, (max-width: 603px) 100vw, 603px\" \/><\/a><\/p>\n<p style=\"text-align: center;\"><strong>Has\u0142o przewodnie tegorocznych do\u017cynek to: <\/strong><\/p>\n<h3 style=\"text-align: center;\"><span style=\"color: #ff0000;\"><em><strong>\u201eBO<\/strong><strong>\u017b<\/strong><strong>E \u00a0\u00a0ZADANIE \u00a0WSP\u00d3LNE \u00a0DZIA\u0141ANIE\u201d, <\/strong><\/em><\/span><\/h3>\n<p style=\"text-align: center;\"><strong>a ich gospodarzem by\u0142o so\u0142ectwo Ko\u0142odzi\u0105\u017c.<\/strong><\/p>\n<p style=\"text-align: center;\"><strong>15 sierpnia 2023 roku przypada\u0142a r\u00f3wnie\u017c 103. rocznica <\/strong><\/p>\n<h3 style=\"text-align: center;\"><span style=\"color: #ff0000;\"><em><strong>\u201eCudu nad Wis\u0142\u0105\u201d i \u015awi\u0119to Wojska Polskiego.<\/strong><\/em><\/span><\/h3>\n<p>Z uwagi na to organizatorzy uroczysto\u015bci oraz ich go\u015bcie uczcili pami\u0119\u0107 wszystkich poleg\u0142ych \u017co\u0142nierzy polskich, sk\u0142adaj\u0105c wi\u0105zanki kwiat\u00f3w i zapalaj\u0105c symboliczne znicze.<\/p>\n<p>G\u0142\u00f3wne uroczysto\u015bci do\u017cynkowe rozpocz\u0119\u0142y si\u0119 msz\u0105 \u015bw. w intencji rolnik\u00f3w\u00a0w miejscowym ko\u015bciele parafialnym, koncelebrowan\u0105 przez proboszcza ks. Antoniego Kunickiego i by\u0142ego proboszcza ks. Stanis\u0142awa Wojciechowskiego.<\/p>\n<p><a href=\"http:\/\/info.sadowne.pl\/wp-content\/uploads\/2025\/12\/sad1393.jpg\"><img loading=\"lazy\" decoding=\"async\" class=\"aligncenter size-full wp-image-31003\" src=\"http:\/\/info.sadowne.pl\/wp-content\/uploads\/2025\/12\/sad1393.jpg\" alt=\"\" width=\"568\" height=\"673\" srcset=\"https:\/\/info.sadowne.pl\/wp-content\/uploads\/2025\/12\/sad1393.jpg 568w, https:\/\/info.sadowne.pl\/wp-content\/uploads\/2025\/12\/sad1393-253x300.jpg 253w\" sizes=\"auto, (max-width: 568px) 100vw, 568px\" \/><\/a><\/p>\n<p style=\"text-align: center;\">Piotr Olkowski cz\u0142onek Zespo\u0142u \u015apiewaczego Sadowianki<\/p>\n<p><a href=\"http:\/\/info.sadowne.pl\/wp-content\/uploads\/2025\/12\/sad1394.jpg\"><img loading=\"lazy\" decoding=\"async\" class=\"aligncenter size-full wp-image-31004\" src=\"http:\/\/info.sadowne.pl\/wp-content\/uploads\/2025\/12\/sad1394.jpg\" alt=\"\" width=\"603\" height=\"412\" srcset=\"https:\/\/info.sadowne.pl\/wp-content\/uploads\/2025\/12\/sad1394.jpg 603w, https:\/\/info.sadowne.pl\/wp-content\/uploads\/2025\/12\/sad1394-300x205.jpg 300w\" sizes=\"auto, (max-width: 603px) 100vw, 603px\" \/><\/a><\/p>\n<p style=\"text-align: center;\">Krysia Wetoszka \u2013 kierownik Zespo\u0142u \u015apiewaczego Sadowianki<\/p>\n<p>Wie\u0144ce do\u017cynkowe i ich asysty, po powitaniu na \u201eprogu\u201d \u015bwi\u0105tyni przez proboszcza parafii ks. Antoniego Kunickiego, wprowadzili do ko\u015bcio\u0142a Starostowie Do\u017cynek \u2013 Pa\u0144stwo Monika i Waldemar K\u0119dzierscy z Ko\u0142odzi\u0105\u017ca.<\/p>\n<p><a href=\"http:\/\/info.sadowne.pl\/wp-content\/uploads\/2025\/12\/sad1395.jpg\"><img loading=\"lazy\" decoding=\"async\" class=\"aligncenter size-full wp-image-31005\" src=\"http:\/\/info.sadowne.pl\/wp-content\/uploads\/2025\/12\/sad1395.jpg\" alt=\"\" width=\"608\" height=\"302\" srcset=\"https:\/\/info.sadowne.pl\/wp-content\/uploads\/2025\/12\/sad1395.jpg 608w, https:\/\/info.sadowne.pl\/wp-content\/uploads\/2025\/12\/sad1395-300x149.jpg 300w\" sizes=\"auto, (max-width: 608px) 100vw, 608px\" \/><\/a><\/p>\n<p>Po mszy \u015bw. barwny orszak do\u017cynkowy przemaszerowa\u0142 na plac targowy za ko\u015bcio\u0142em, gdzie dalsz\u0105 cz\u0119\u015b\u0107 uroczysto\u015bci poprowadzi\u0142 Zast\u0119pca W\u00f3jta Gminy Sadowne p. Marcin Gr\u0119da.<\/p>\n<p>Do\u017cynkowe obrz\u0119dy i ceremonia\u0142 do\u017cynkowy wykona\u0142 Zesp\u00f3\u0142 \u015apiewaczy \u201eSadowianki\u201d.<\/p>\n<p><a href=\"http:\/\/info.sadowne.pl\/wp-content\/uploads\/2025\/12\/sad1396.jpg\"><img loading=\"lazy\" decoding=\"async\" class=\"aligncenter size-full wp-image-31006\" src=\"http:\/\/info.sadowne.pl\/wp-content\/uploads\/2025\/12\/sad1396.jpg\" alt=\"\" width=\"607\" height=\"320\" srcset=\"https:\/\/info.sadowne.pl\/wp-content\/uploads\/2025\/12\/sad1396.jpg 607w, https:\/\/info.sadowne.pl\/wp-content\/uploads\/2025\/12\/sad1396-300x158.jpg 300w\" sizes=\"auto, (max-width: 607px) 100vw, 607px\" \/><\/a><\/p>\n<p>W imieniu gospodarzy uroczysto\u015bci \u2013 W\u00f3jta Gminy Sadowne p. Waldemara Cyrana i proboszcza parafii Sadowne ks. Antoniego Kunickiego \u2013 p. Marcin Gr\u0119da powita\u0142 przyby\u0142ych go\u015bci.<\/p>\n<p>By\u0142y to osoby: pos\u0142owie na Sejm RP pp.: Kamila Gasiuk-Pihowicz, Maciej G\u00f3rski, Iwona Kurowska, Marek Sawicki, Anna Siarkowska i Grzegorz Wo\u017aniak oraz p. El\u017cbieta Lanc \u2013 Cz\u0142onek Zarz\u0105du Wojew\u00f3dztwa Mazowieckiego (tu reprezentuj\u0105ca r\u00f3wnie\u017c Samorz\u0105d Wojew\u00f3dztwa Mazowieckiego, kt\u00f3ry wsp\u00f3\u0142finansowa\u0142 sadowie\u0144skie Do\u017cynki), p. Anna Kaszuba \u2013 Dyrektor Biura Wojewody Mazowieckiego, ks. Antoni Kunicki \u2013 proboszcz parafii Sadowne, ks. Stanis\u0142aw Wojciechowski \u2013 by\u0142y proboszcz parafii Sadowne oraz ksi\u0119\u017ca tej parafii, p. Tomasz Szymanik \u2013 Przewodnicz\u0105cy Rady Gminy Sadowne wraz z radnymi, p. Ma\u0142gorzata Zy\u015bk \u2013 Radna Powiatu W\u0119growskiego, p. Adam Kowalczyk \u2013 Kierownik PT KRUS w W\u0119growie z pracownikami, so\u0142tysi, kierownicy jednostek organizacyjnych Gminy, stra\u017cacy OSP, zaproszeni go\u015bcie oraz mieszka\u0144cy, rolnicy gminy i parafii Sadowne, kt\u00f3rym po\u015bwi\u0119cona by\u0142a ta uroczysto\u015b\u0107.<\/p>\n<p>Po oficjalnym powitaniu, ceremonia\u0142 do\u017cynkowy rozpocz\u0105\u0142 swoim wyst\u0119pem Zesp\u00f3\u0142 \u015apiewaczy \u201eSadowianki\u201d.<\/p>\n<p><a href=\"http:\/\/info.sadowne.pl\/wp-content\/uploads\/2025\/12\/sad1397.jpg\"><img loading=\"lazy\" decoding=\"async\" class=\"aligncenter size-full wp-image-31007\" src=\"http:\/\/info.sadowne.pl\/wp-content\/uploads\/2025\/12\/sad1397.jpg\" alt=\"\" width=\"608\" height=\"278\" srcset=\"https:\/\/info.sadowne.pl\/wp-content\/uploads\/2025\/12\/sad1397.jpg 608w, https:\/\/info.sadowne.pl\/wp-content\/uploads\/2025\/12\/sad1397-300x137.jpg 300w\" sizes=\"auto, (max-width: 608px) 100vw, 608px\" \/><\/a><\/p>\n<p>W obrz\u0119dzie znajduje si\u0119 przekazanie chleba przez Starost\u00f3w Do\u017cynek w\u0142odarzowi Gminy p. Waldemarowi Cyranowi oraz jego ma\u0142\u017conce Katarzynie.<\/p>\n<p><a href=\"http:\/\/info.sadowne.pl\/wp-content\/uploads\/2025\/12\/sad1398.jpg\"><img loading=\"lazy\" decoding=\"async\" class=\"aligncenter size-full wp-image-31008\" src=\"http:\/\/info.sadowne.pl\/wp-content\/uploads\/2025\/12\/sad1398.jpg\" alt=\"\" width=\"608\" height=\"386\" srcset=\"https:\/\/info.sadowne.pl\/wp-content\/uploads\/2025\/12\/sad1398.jpg 608w, https:\/\/info.sadowne.pl\/wp-content\/uploads\/2025\/12\/sad1398-300x190.jpg 300w\" sizes=\"auto, (max-width: 608px) 100vw, 608px\" \/><\/a><\/p>\n<p>Po obrz\u0119dzie dzielenia si\u0119 chlebem, zabrali g\u0142os przybyli na uroczysto\u015b\u0107 go\u015bcie, a nast\u0119pnie ponownie na scenie zago\u015bci\u0142 Zesp\u00f3\u0142 \u015apiewaczy \u201eSadowianki\u201d.<\/p>\n<p><strong> <a href=\"http:\/\/info.sadowne.pl\/wp-content\/uploads\/2025\/12\/sad1399.jpg\"><img loading=\"lazy\" decoding=\"async\" class=\"aligncenter size-full wp-image-31009\" src=\"http:\/\/info.sadowne.pl\/wp-content\/uploads\/2025\/12\/sad1399.jpg\" alt=\"\" width=\"607\" height=\"375\" srcset=\"https:\/\/info.sadowne.pl\/wp-content\/uploads\/2025\/12\/sad1399.jpg 607w, https:\/\/info.sadowne.pl\/wp-content\/uploads\/2025\/12\/sad1399-300x185.jpg 300w\" sizes=\"auto, (max-width: 607px) 100vw, 607px\" \/><\/a><\/strong><\/p>\n<p><strong> <a href=\"http:\/\/info.sadowne.pl\/wp-content\/uploads\/2025\/12\/sad1400.jpg\"><img loading=\"lazy\" decoding=\"async\" class=\"aligncenter size-full wp-image-31010\" src=\"http:\/\/info.sadowne.pl\/wp-content\/uploads\/2025\/12\/sad1400.jpg\" alt=\"\" width=\"607\" height=\"349\" srcset=\"https:\/\/info.sadowne.pl\/wp-content\/uploads\/2025\/12\/sad1400.jpg 607w, https:\/\/info.sadowne.pl\/wp-content\/uploads\/2025\/12\/sad1400-300x172.jpg 300w\" sizes=\"auto, (max-width: 607px) 100vw, 607px\" \/><\/a><\/strong><\/p>\n<p><strong> <a href=\"http:\/\/info.sadowne.pl\/wp-content\/uploads\/2025\/12\/sad1401.jpg\"><img loading=\"lazy\" decoding=\"async\" class=\"aligncenter size-full wp-image-31011\" src=\"http:\/\/info.sadowne.pl\/wp-content\/uploads\/2025\/12\/sad1401.jpg\" alt=\"\" width=\"608\" height=\"341\" srcset=\"https:\/\/info.sadowne.pl\/wp-content\/uploads\/2025\/12\/sad1401.jpg 608w, https:\/\/info.sadowne.pl\/wp-content\/uploads\/2025\/12\/sad1401-300x168.jpg 300w\" sizes=\"auto, (max-width: 608px) 100vw, 608px\" \/><\/a><\/strong><\/p>\n<p style=\"text-align: center;\">SADOWIANKI z zaproszonymi go\u015b\u0107mi pozuj\u0105 do zdj\u0119\u0107<\/p>\n<p><strong> <a href=\"http:\/\/info.sadowne.pl\/wp-content\/uploads\/2025\/12\/sad1402.jpg\"><img loading=\"lazy\" decoding=\"async\" class=\"aligncenter size-full wp-image-31012\" src=\"http:\/\/info.sadowne.pl\/wp-content\/uploads\/2025\/12\/sad1402.jpg\" alt=\"\" width=\"605\" height=\"342\" srcset=\"https:\/\/info.sadowne.pl\/wp-content\/uploads\/2025\/12\/sad1402.jpg 605w, https:\/\/info.sadowne.pl\/wp-content\/uploads\/2025\/12\/sad1402-300x170.jpg 300w\" sizes=\"auto, (max-width: 605px) 100vw, 605px\" \/><\/a><\/strong><\/p>\n<p style=\"text-align: center;\">Pani El\u017cbieta Lanc i pan Waldemar Cyran z ,,SADOWIANKAMI\u201d<\/p>\n<p><strong> <a href=\"http:\/\/info.sadowne.pl\/wp-content\/uploads\/2025\/12\/sad1403.jpg\"><img loading=\"lazy\" decoding=\"async\" class=\"aligncenter size-full wp-image-31013\" src=\"http:\/\/info.sadowne.pl\/wp-content\/uploads\/2025\/12\/sad1403.jpg\" alt=\"\" width=\"604\" height=\"250\" srcset=\"https:\/\/info.sadowne.pl\/wp-content\/uploads\/2025\/12\/sad1403.jpg 604w, https:\/\/info.sadowne.pl\/wp-content\/uploads\/2025\/12\/sad1403-300x124.jpg 300w\" sizes=\"auto, (max-width: 604px) 100vw, 604px\" \/><\/a><\/strong><\/p>\n<p style=\"text-align: center;\">Najch\u0119tniej \u015bpiewane piosenki to: ,, Sadowie\u0144ska ballada\u201d oraz ,,Trzymajmy si\u0119 za r\u0119ce\u201d<\/p>\n<p><a href=\"http:\/\/info.sadowne.pl\/wp-content\/uploads\/2025\/12\/sad1404.jpg\"><img loading=\"lazy\" decoding=\"async\" class=\"aligncenter size-full wp-image-31014\" src=\"http:\/\/info.sadowne.pl\/wp-content\/uploads\/2025\/12\/sad1404.jpg\" alt=\"\" width=\"209\" height=\"202\" \/><\/a><\/p>\n<h3 style=\"text-align: center;\"><strong>SADOWNE<\/strong><\/h3>\n<h3 style=\"text-align: center;\"><strong>10 wrze\u015bnia 2023 roku<\/strong><\/h3>\n<h3 style=\"text-align: center;\"><span style=\"color: #ff0000;\"><em><strong>Piknik ekologiczny &#8211; DARY LASU<\/strong><\/em><\/span><\/h3>\n<p>10 wrze\u015bnia w parafii Sadowne mia\u0142 miejsce VI Piknik K\u00f3\u0142 Gospody\u0144 Wiejskich, a tak\u017ce Ekologiczny Piknik Rodzinny ,,Dary lasu\u201d.<\/p>\n<p>Organizatorami pikniku byli: Powiat W\u0119growski, Gmina Sadowne, Zesp\u00f3\u0142 Szk\u00f3\u0142 Ponadgimnazjalnych w Sadownem i Szko\u0142a Podstawowa im. b\u0142. ks. Edwarda Grzyma\u0142y w Sadownem.<\/p>\n<p><strong> <a href=\"http:\/\/info.sadowne.pl\/wp-content\/uploads\/2025\/12\/sad1405.jpg\"><img loading=\"lazy\" decoding=\"async\" class=\"aligncenter size-full wp-image-31015\" src=\"http:\/\/info.sadowne.pl\/wp-content\/uploads\/2025\/12\/sad1405.jpg\" alt=\"\" width=\"603\" height=\"485\" srcset=\"https:\/\/info.sadowne.pl\/wp-content\/uploads\/2025\/12\/sad1405.jpg 603w, https:\/\/info.sadowne.pl\/wp-content\/uploads\/2025\/12\/sad1405-300x241.jpg 300w\" sizes=\"auto, (max-width: 603px) 100vw, 603px\" \/><\/a><\/strong><\/p>\n<p>Piknik rozpocz\u0105\u0142 si\u0119 uroczyst\u0105 msz\u0105 \u015bwi\u0119t\u0105 w intencji wymienionych zgrupowa\u0144. Eucharystii przewodniczy\u0142 ksi\u0105dz Antoni Kunicki \u2013 proboszcz wraz z ks. kanonikiem Stanis\u0142awem Wojciechowskim.<\/p>\n<p><a href=\"http:\/\/info.sadowne.pl\/wp-content\/uploads\/2025\/12\/sad1405a.jpg\"><img loading=\"lazy\" decoding=\"async\" class=\"aligncenter size-full wp-image-31016\" src=\"http:\/\/info.sadowne.pl\/wp-content\/uploads\/2025\/12\/sad1405a.jpg\" alt=\"\" width=\"540\" height=\"427\" srcset=\"https:\/\/info.sadowne.pl\/wp-content\/uploads\/2025\/12\/sad1405a.jpg 540w, https:\/\/info.sadowne.pl\/wp-content\/uploads\/2025\/12\/sad1405a-300x237.jpg 300w\" sizes=\"auto, (max-width: 540px) 100vw, 540px\" \/><\/a><\/p>\n<p>W asy\u015bcie znalaz\u0142y si\u0119 poczty sztandarowe K\u00f3\u0142 \u0141owieckich ,,LOT\u201d i \u015aw. Hubertusa oraz poszczeg\u00f3lnych szk\u00f3\u0142.<\/p>\n<p>Przyby\u0142ych na Piknik mieszka\u0144c\u00f3w gminy Sadowne i zaproszonych go\u015bci powitali przedstawiciele Organizator\u00f3w:\u00a0p. Ewa Besztak \u2013 Starosta W\u0119growski, p. Marek Renik \u2013 Wicestarosta W\u0119growski i p. Waldemar Cyran \u2013 W\u00f3jt Gminy Sadowne.<\/p>\n<p>Po wystrza\u0142ach z armatek Bractwa Kurkowego RP rozpocz\u0119\u0142a si\u0119 cz\u0119\u015b\u0107 artystyczna piknikowego spotkania.<\/p>\n<p><a href=\"http:\/\/info.sadowne.pl\/wp-content\/uploads\/2025\/12\/sad1406.jpg\"><img loading=\"lazy\" decoding=\"async\" class=\"aligncenter size-full wp-image-31017\" src=\"http:\/\/info.sadowne.pl\/wp-content\/uploads\/2025\/12\/sad1406.jpg\" alt=\"\" width=\"606\" height=\"325\" srcset=\"https:\/\/info.sadowne.pl\/wp-content\/uploads\/2025\/12\/sad1406.jpg 606w, https:\/\/info.sadowne.pl\/wp-content\/uploads\/2025\/12\/sad1406-300x161.jpg 300w\" sizes=\"auto, (max-width: 606px) 100vw, 606px\" \/><\/a><\/p>\n<p>&nbsp;<\/p>\n<p>Jako pierwszy na scenie zaprezentowa\u0142 si\u0119 Zesp\u00f3\u0142 \u015apiewaczy \u201eSadowianki\u201d, kt\u00f3ry w bie\u017c\u0105cym roku obchodzi 50-lecie utworzenia \u2013 po wyst\u0119pie nadarzy\u0142a si\u0119 okazja, aby uczci\u0107 \u015bwi\u0119to Zespo\u0142u.<\/p>\n<p>P. Starosta Ewa Besztak, w imieniu Ministra Kultury i Dziedzictwa Narodowego Rzeczypospolitej Polskiej p. Piotra Gli\u0144skiego, przekaza\u0142a na r\u0119ce kierowniczki Zespo\u0142u p. Krystyny Wetoszki odznak\u0119 honorow\u0105 \u201eZas\u0142u\u017cony dla kultury polskiej\u201d.<\/p>\n<p><a href=\"http:\/\/info.sadowne.pl\/wp-content\/uploads\/2025\/12\/sad1407.jpg\"><img loading=\"lazy\" decoding=\"async\" class=\"aligncenter size-full wp-image-31018\" src=\"http:\/\/info.sadowne.pl\/wp-content\/uploads\/2025\/12\/sad1407.jpg\" alt=\"\" width=\"553\" height=\"478\" srcset=\"https:\/\/info.sadowne.pl\/wp-content\/uploads\/2025\/12\/sad1407.jpg 553w, https:\/\/info.sadowne.pl\/wp-content\/uploads\/2025\/12\/sad1407-300x259.jpg 300w\" sizes=\"auto, (max-width: 553px) 100vw, 553px\" \/><\/a><\/p>\n<p style=\"text-align: center;\">Pan Waldemar Cyran, p. Ewa Besztak i p. Marek Renik<\/p>\n<p><a href=\"http:\/\/info.sadowne.pl\/wp-content\/uploads\/2025\/12\/sad1408.jpg\"><img loading=\"lazy\" decoding=\"async\" class=\"aligncenter size-full wp-image-31019\" src=\"http:\/\/info.sadowne.pl\/wp-content\/uploads\/2025\/12\/sad1408.jpg\" alt=\"\" width=\"604\" height=\"771\" srcset=\"https:\/\/info.sadowne.pl\/wp-content\/uploads\/2025\/12\/sad1408.jpg 604w, https:\/\/info.sadowne.pl\/wp-content\/uploads\/2025\/12\/sad1408-235x300.jpg 235w\" sizes=\"auto, (max-width: 604px) 100vw, 604px\" \/><\/a><\/p>\n<p><strong>\u00a0<\/strong><\/p>\n<p style=\"text-align: center;\">Zaproszenie dla Zespo\u0142u \u015apiewaczego Sadowianki na IV Piknik K\u00f3\u0142 Gospody\u0144 Wiejskich powiatu W\u0119growskiego, od Pani Ewy Besztak\u00a0 <em>\/Starosty Powiatu W\u0119growskiego<\/em>\/<\/p>\n<p><a href=\"http:\/\/info.sadowne.pl\/wp-content\/uploads\/2025\/12\/sad1409.jpg\"><img loading=\"lazy\" decoding=\"async\" class=\"aligncenter size-full wp-image-31020\" src=\"http:\/\/info.sadowne.pl\/wp-content\/uploads\/2025\/12\/sad1409.jpg\" alt=\"\" width=\"508\" height=\"234\" srcset=\"https:\/\/info.sadowne.pl\/wp-content\/uploads\/2025\/12\/sad1409.jpg 508w, https:\/\/info.sadowne.pl\/wp-content\/uploads\/2025\/12\/sad1409-300x138.jpg 300w\" sizes=\"auto, (max-width: 508px) 100vw, 508px\" \/><\/a><\/p>\n<p><a href=\"http:\/\/info.sadowne.pl\/wp-content\/uploads\/2025\/12\/sad1410.jpg\"><img loading=\"lazy\" decoding=\"async\" class=\"aligncenter size-full wp-image-31021\" src=\"http:\/\/info.sadowne.pl\/wp-content\/uploads\/2025\/12\/sad1410.jpg\" alt=\"\" width=\"603\" height=\"350\" srcset=\"https:\/\/info.sadowne.pl\/wp-content\/uploads\/2025\/12\/sad1410.jpg 603w, https:\/\/info.sadowne.pl\/wp-content\/uploads\/2025\/12\/sad1410-300x174.jpg 300w\" sizes=\"auto, (max-width: 603px) 100vw, 603px\" \/><\/a><\/p>\n<p><a href=\"http:\/\/info.sadowne.pl\/wp-content\/uploads\/2025\/12\/sad1411.jpg\"><img loading=\"lazy\" decoding=\"async\" class=\"aligncenter size-full wp-image-31022\" src=\"http:\/\/info.sadowne.pl\/wp-content\/uploads\/2025\/12\/sad1411.jpg\" alt=\"\" width=\"601\" height=\"342\" srcset=\"https:\/\/info.sadowne.pl\/wp-content\/uploads\/2025\/12\/sad1411.jpg 601w, https:\/\/info.sadowne.pl\/wp-content\/uploads\/2025\/12\/sad1411-300x171.jpg 300w\" sizes=\"auto, (max-width: 601px) 100vw, 601px\" \/><\/a><\/p>\n<p><a href=\"http:\/\/info.sadowne.pl\/wp-content\/uploads\/2025\/12\/sad1412.jpg\"><img loading=\"lazy\" decoding=\"async\" class=\"aligncenter size-full wp-image-31023\" src=\"http:\/\/info.sadowne.pl\/wp-content\/uploads\/2025\/12\/sad1412.jpg\" alt=\"\" width=\"607\" height=\"423\" srcset=\"https:\/\/info.sadowne.pl\/wp-content\/uploads\/2025\/12\/sad1412.jpg 607w, https:\/\/info.sadowne.pl\/wp-content\/uploads\/2025\/12\/sad1412-300x209.jpg 300w\" sizes=\"auto, (max-width: 607px) 100vw, 607px\" \/><\/a><\/p>\n<p><a href=\"http:\/\/info.sadowne.pl\/wp-content\/uploads\/2025\/12\/sad1413.jpg\"><img loading=\"lazy\" decoding=\"async\" class=\"aligncenter size-full wp-image-31024\" src=\"http:\/\/info.sadowne.pl\/wp-content\/uploads\/2025\/12\/sad1413.jpg\" alt=\"\" width=\"580\" height=\"407\" srcset=\"https:\/\/info.sadowne.pl\/wp-content\/uploads\/2025\/12\/sad1413.jpg 580w, https:\/\/info.sadowne.pl\/wp-content\/uploads\/2025\/12\/sad1413-300x211.jpg 300w\" sizes=\"auto, (max-width: 580px) 100vw, 580px\" \/><\/a><\/p>\n<p style=\"text-align: center;\">Odznaka honorowa \u201e<strong>Zas\u0142u\u017cony dla kultury polskiej\u201d.<\/strong><\/p>\n<p><a href=\"http:\/\/info.sadowne.pl\/wp-content\/uploads\/2025\/12\/sad1413a.jpg\"><img loading=\"lazy\" decoding=\"async\" class=\"aligncenter size-full wp-image-31025\" src=\"http:\/\/info.sadowne.pl\/wp-content\/uploads\/2025\/12\/sad1413a.jpg\" alt=\"\" width=\"186\" height=\"406\" srcset=\"https:\/\/info.sadowne.pl\/wp-content\/uploads\/2025\/12\/sad1413a.jpg 186w, https:\/\/info.sadowne.pl\/wp-content\/uploads\/2025\/12\/sad1413a-137x300.jpg 137w\" sizes=\"auto, (max-width: 186px) 100vw, 186px\" \/><\/a><\/p>\n<p><a href=\"http:\/\/info.sadowne.pl\/wp-content\/uploads\/2025\/12\/sad1414.jpg\"><img loading=\"lazy\" decoding=\"async\" class=\"aligncenter size-full wp-image-31026\" src=\"http:\/\/info.sadowne.pl\/wp-content\/uploads\/2025\/12\/sad1414.jpg\" alt=\"\" width=\"606\" height=\"288\" srcset=\"https:\/\/info.sadowne.pl\/wp-content\/uploads\/2025\/12\/sad1414.jpg 606w, https:\/\/info.sadowne.pl\/wp-content\/uploads\/2025\/12\/sad1414-300x143.jpg 300w\" sizes=\"auto, (max-width: 606px) 100vw, 606px\" \/><\/a><\/p>\n<p><a href=\"http:\/\/info.sadowne.pl\/wp-content\/uploads\/2025\/12\/sad1415.jpg\"><img loading=\"lazy\" decoding=\"async\" class=\"aligncenter size-full wp-image-31027\" src=\"http:\/\/info.sadowne.pl\/wp-content\/uploads\/2025\/12\/sad1415.jpg\" alt=\"\" width=\"608\" height=\"342\" srcset=\"https:\/\/info.sadowne.pl\/wp-content\/uploads\/2025\/12\/sad1415.jpg 608w, https:\/\/info.sadowne.pl\/wp-content\/uploads\/2025\/12\/sad1415-300x169.jpg 300w\" sizes=\"auto, (max-width: 608px) 100vw, 608px\" \/><\/a><\/p>\n<p style=\"text-align: center;\">Akordeonista zespo\u0142u Andrzej Olton, Zbigniew Danaj, Piotr Olkowski, Krysia Wetoszka, Ania Chojecka<\/p>\n<p><strong> <a href=\"http:\/\/info.sadowne.pl\/wp-content\/uploads\/2025\/12\/sad1416.jpg\"><img loading=\"lazy\" decoding=\"async\" class=\"aligncenter size-full wp-image-31028\" src=\"http:\/\/info.sadowne.pl\/wp-content\/uploads\/2025\/12\/sad1416.jpg\" alt=\"\" width=\"609\" height=\"387\" srcset=\"https:\/\/info.sadowne.pl\/wp-content\/uploads\/2025\/12\/sad1416.jpg 609w, https:\/\/info.sadowne.pl\/wp-content\/uploads\/2025\/12\/sad1416-300x191.jpg 300w\" sizes=\"auto, (max-width: 609px) 100vw, 609px\" \/><\/a><\/strong><\/p>\n<p style=\"text-align: center;\">Ania Chojecka, Basia Wr\u00f3bel, Bogusia Danaj, Ela D\u0119bkowska<\/p>\n<p><strong> <a href=\"http:\/\/info.sadowne.pl\/wp-content\/uploads\/2025\/12\/sad1417.jpg\"><img loading=\"lazy\" decoding=\"async\" class=\"aligncenter size-full wp-image-31029\" src=\"http:\/\/info.sadowne.pl\/wp-content\/uploads\/2025\/12\/sad1417.jpg\" alt=\"\" width=\"606\" height=\"421\" srcset=\"https:\/\/info.sadowne.pl\/wp-content\/uploads\/2025\/12\/sad1417.jpg 606w, https:\/\/info.sadowne.pl\/wp-content\/uploads\/2025\/12\/sad1417-300x208.jpg 300w\" sizes=\"auto, (max-width: 606px) 100vw, 606px\" \/><\/a><\/strong><\/p>\n<p style=\"text-align: center;\"><strong>\u00a0<\/strong>Bogusia Danaj, Ela D\u0119bkowska, Basia Decyk, Tereska Piwek<\/p>\n<p><a href=\"http:\/\/info.sadowne.pl\/wp-content\/uploads\/2025\/12\/sad1418.jpg\"><img loading=\"lazy\" decoding=\"async\" class=\"aligncenter size-full wp-image-31030\" src=\"http:\/\/info.sadowne.pl\/wp-content\/uploads\/2025\/12\/sad1418.jpg\" alt=\"\" width=\"606\" height=\"341\" srcset=\"https:\/\/info.sadowne.pl\/wp-content\/uploads\/2025\/12\/sad1418.jpg 606w, https:\/\/info.sadowne.pl\/wp-content\/uploads\/2025\/12\/sad1418-300x169.jpg 300w\" sizes=\"auto, (max-width: 606px) 100vw, 606px\" \/><\/a><\/p>\n<p><a href=\"http:\/\/info.sadowne.pl\/wp-content\/uploads\/2025\/12\/sad1419.jpg\"><img loading=\"lazy\" decoding=\"async\" class=\"aligncenter size-full wp-image-31031\" src=\"http:\/\/info.sadowne.pl\/wp-content\/uploads\/2025\/12\/sad1419.jpg\" alt=\"\" width=\"526\" height=\"362\" srcset=\"https:\/\/info.sadowne.pl\/wp-content\/uploads\/2025\/12\/sad1419.jpg 526w, https:\/\/info.sadowne.pl\/wp-content\/uploads\/2025\/12\/sad1419-300x206.jpg 300w\" sizes=\"auto, (max-width: 526px) 100vw, 526px\" \/><\/a><\/p>\n<p>Publiczno\u015b\u0107 licznie dopisa\u0142a, organizatorzy stan\u0119li na wysoko\u015bci zadania,\u00a0zapewniaj\u0105c uczestnikom wiele atrakcji i podzi\u0119kowa\u0144.<\/p>\n<p style=\"text-align: center;\"><strong>\u00a0<\/strong><strong>\u2026\u2026.\/\/\/\/\/\/\/\/\/\/\/\/\/\/\/\u2026\u2026.<\/strong><\/p>\n<p><strong>\u0179r\u00f3d\u0142o: <\/strong>SADOWIANKI, Barbara Wr\u00f3bel, Sadowne 2025<\/p>\n","protected":false},"excerpt":{"rendered":"<p>SADOWNE &#8211; 15 sierpnia 2023 roku.<\/p>\n","protected":false},"author":1,"featured_media":0,"comment_status":"closed","ping_status":"closed","sticky":false,"template":"","format":"standard","meta":{"footnotes":""},"categories":[5,31,1202],"tags":[1218,101,960],"class_list":["post-31001","post","type-post","status-publish","format-standard","hentry","category-newsy","category-historia-gminy","category-zespol-spiewaczy-sadowianki","tag-barbara-wrobel","tag-historia-gminy-sadowne","tag-zespol-spiewaczy-sadowianki"],"views":412,"_links":{"self":[{"href":"https:\/\/info.sadowne.pl\/index.php?rest_route=\/wp\/v2\/posts\/31001","targetHints":{"allow":["GET"]}}],"collection":[{"href":"https:\/\/info.sadowne.pl\/index.php?rest_route=\/wp\/v2\/posts"}],"about":[{"href":"https:\/\/info.sadowne.pl\/index.php?rest_route=\/wp\/v2\/types\/post"}],"author":[{"embeddable":true,"href":"https:\/\/info.sadowne.pl\/index.php?rest_route=\/wp\/v2\/users\/1"}],"replies":[{"embeddable":true,"href":"https:\/\/info.sadowne.pl\/index.php?rest_route=%2Fwp%2Fv2%2Fcomments&post=31001"}],"version-history":[{"count":1,"href":"https:\/\/info.sadowne.pl\/index.php?rest_route=\/wp\/v2\/posts\/31001\/revisions"}],"predecessor-version":[{"id":31032,"href":"https:\/\/info.sadowne.pl\/index.php?rest_route=\/wp\/v2\/posts\/31001\/revisions\/31032"}],"wp:attachment":[{"href":"https:\/\/info.sadowne.pl\/index.php?rest_route=%2Fwp%2Fv2%2Fmedia&parent=31001"}],"wp:term":[{"taxonomy":"category","embeddable":true,"href":"https:\/\/info.sadowne.pl\/index.php?rest_route=%2Fwp%2Fv2%2Fcategories&post=31001"},{"taxonomy":"post_tag","embeddable":true,"href":"https:\/\/info.sadowne.pl\/index.php?rest_route=%2Fwp%2Fv2%2Ftags&post=31001"}],"curies":[{"name":"wp","href":"https:\/\/api.w.org\/{rel}","templated":true}]}}