{"id":31051,"date":"2025-12-31T17:14:17","date_gmt":"2025-12-31T16:14:17","guid":{"rendered":"http:\/\/info.sadowne.pl\/?p=31051"},"modified":"2025-12-31T17:14:17","modified_gmt":"2025-12-31T16:14:17","slug":"wiersz-nr-4","status":"publish","type":"post","link":"https:\/\/info.sadowne.pl\/?p=31051","title":{"rendered":"Wiersz nr 4"},"content":{"rendered":"<p><strong><a href=\"http:\/\/info.sadowne.pl\/wp-content\/uploads\/2025\/12\/2025.12.31.1.jpg\" target=\"_blank\" rel=\"noopener\"><img loading=\"lazy\" decoding=\"async\" class=\"alignleft wp-image-31052 size-thumbnail\" src=\"http:\/\/info.sadowne.pl\/wp-content\/uploads\/2025\/12\/2025.12.31.1-180x130.jpg\" alt=\"\" width=\"180\" height=\"130\" \/><\/a>Janusz Wojciech Kowalski.<\/strong><!--more--><\/p>\n<p>&nbsp;<\/p>\n<p>&nbsp;<\/p>\n<p>&nbsp;<\/p>\n<p>&nbsp;<\/p>\n<p>&nbsp;<\/p>\n<p style=\"text-align: center;\"><strong><br \/>\nOdosobnienie<br \/>\n<\/strong><\/p>\n<p style=\"text-align: center;\">W kokonie z marze\u0144 uwitym<br \/>\nzapad\u0142em w zimowy sen,<br \/>\nogarn\u0105\u0142 mnie,<br \/>\notuli\u0142<br \/>\njak dobra wr\u00f3\u017cka.<br \/>\nCiasne, lecz spokojne mieszkanie,<br \/>\nw kt\u00f3rym ka\u017cdy dzie\u0144<br \/>\npuka do \u0142\u00f3\u017cka,<br \/>\nby ods\u0142oni\u0107 jasne horyzonty.<br \/>\nW kokonie z my\u015bli moich ukryty<br \/>\ns\u0142ysz\u0119,<br \/>\njak obok mnie<br \/>\nprzebiega stado wilk\u00f3w,<br \/>\nprzetaczaj\u0105 si\u0119 fronty,<br \/>\nwichry wyj\u0105 i grzmi wci\u0105\u017c krzyk stug\u0119bny<br \/>\ni cz\u0119sto budz\u0105 mnie ze snu<br \/>\nwgryzione w nici zakrwawione z\u0119by<\/p>\n<p><strong>Foto:<\/strong> Wies\u0142aw Maliszewski<\/p>\n","protected":false},"excerpt":{"rendered":"<p>Janusz Wojciech Kowalski.<\/p>\n","protected":false},"author":1,"featured_media":0,"comment_status":"closed","ping_status":"closed","sticky":false,"template":"","format":"standard","meta":{"footnotes":""},"categories":[5,48,6,108],"tags":[4256,2730,4339,51],"class_list":["post-31051","post","type-post","status-publish","format-standard","hentry","category-newsy","category-kacik-literacki","category-kultura-rozrywka-edukacja","category-okienko-poetyckie","tag-janusz-wojciech-kowalski","tag-poezja","tag-wiersz-odosobnienie","tag-wieslaw-maliszewski"],"views":354,"_links":{"self":[{"href":"https:\/\/info.sadowne.pl\/index.php?rest_route=\/wp\/v2\/posts\/31051","targetHints":{"allow":["GET"]}}],"collection":[{"href":"https:\/\/info.sadowne.pl\/index.php?rest_route=\/wp\/v2\/posts"}],"about":[{"href":"https:\/\/info.sadowne.pl\/index.php?rest_route=\/wp\/v2\/types\/post"}],"author":[{"embeddable":true,"href":"https:\/\/info.sadowne.pl\/index.php?rest_route=\/wp\/v2\/users\/1"}],"replies":[{"embeddable":true,"href":"https:\/\/info.sadowne.pl\/index.php?rest_route=%2Fwp%2Fv2%2Fcomments&post=31051"}],"version-history":[{"count":3,"href":"https:\/\/info.sadowne.pl\/index.php?rest_route=\/wp\/v2\/posts\/31051\/revisions"}],"predecessor-version":[{"id":31055,"href":"https:\/\/info.sadowne.pl\/index.php?rest_route=\/wp\/v2\/posts\/31051\/revisions\/31055"}],"wp:attachment":[{"href":"https:\/\/info.sadowne.pl\/index.php?rest_route=%2Fwp%2Fv2%2Fmedia&parent=31051"}],"wp:term":[{"taxonomy":"category","embeddable":true,"href":"https:\/\/info.sadowne.pl\/index.php?rest_route=%2Fwp%2Fv2%2Fcategories&post=31051"},{"taxonomy":"post_tag","embeddable":true,"href":"https:\/\/info.sadowne.pl\/index.php?rest_route=%2Fwp%2Fv2%2Ftags&post=31051"}],"curies":[{"name":"wp","href":"https:\/\/api.w.org\/{rel}","templated":true}]}}