{"id":31081,"date":"2026-01-10T18:20:30","date_gmt":"2026-01-10T17:20:30","guid":{"rendered":"http:\/\/info.sadowne.pl\/?p=31081"},"modified":"2026-01-10T18:20:30","modified_gmt":"2026-01-10T17:20:30","slug":"z-historii-sadowianki-plener-malarski-i-mietne","status":"publish","type":"post","link":"https:\/\/info.sadowne.pl\/?p=31081","title":{"rendered":"Z historii &#8211; Sadowianki &#8211; Plener Malarski i Mi\u0119tne"},"content":{"rendered":"<p><strong><a href=\"http:\/\/info.sadowne.pl\/wp-content\/uploads\/2026\/01\/sad1446.jpg\"><img loading=\"lazy\" decoding=\"async\" class=\"alignleft wp-image-31108 size-thumbnail\" src=\"http:\/\/info.sadowne.pl\/wp-content\/uploads\/2026\/01\/sad1446-180x130.jpg\" alt=\"\" width=\"180\" height=\"130\" \/><\/a>SADOWNE &#8211; 1.10.2023 \u2013 12.10.2023 &#8211; XXIII PLENER MALARSKI im. E. Hermana ,,<em>Drogi Wolno\u015bci\u201d.<\/em><\/strong><!--more--><\/p>\n<p>12 wrze\u015bnia 2023 roku w Sali GOK w Sadownem odby\u0142a si\u0119 wystawa prac pleneru malarskiego.<\/p>\n<p><a href=\"http:\/\/info.sadowne.pl\/wp-content\/uploads\/2026\/01\/sad1420.jpg\"><img loading=\"lazy\" decoding=\"async\" class=\"aligncenter size-full wp-image-31082\" src=\"http:\/\/info.sadowne.pl\/wp-content\/uploads\/2026\/01\/sad1420.jpg\" alt=\"\" width=\"538\" height=\"422\" srcset=\"https:\/\/info.sadowne.pl\/wp-content\/uploads\/2026\/01\/sad1420.jpg 538w, https:\/\/info.sadowne.pl\/wp-content\/uploads\/2026\/01\/sad1420-300x235.jpg 300w\" sizes=\"auto, (max-width: 538px) 100vw, 538px\" \/><\/a><\/p>\n<p style=\"text-align: center;\">Dyrektor GOK Sadowne \u2013 p. Ewa Pi\u00f3rkowska<\/p>\n<p><a href=\"http:\/\/info.sadowne.pl\/wp-content\/uploads\/2026\/01\/sad1421.jpg\"><img loading=\"lazy\" decoding=\"async\" class=\"aligncenter size-full wp-image-31083\" src=\"http:\/\/info.sadowne.pl\/wp-content\/uploads\/2026\/01\/sad1421.jpg\" alt=\"\" width=\"477\" height=\"278\" srcset=\"https:\/\/info.sadowne.pl\/wp-content\/uploads\/2026\/01\/sad1421.jpg 477w, https:\/\/info.sadowne.pl\/wp-content\/uploads\/2026\/01\/sad1421-300x175.jpg 300w\" sizes=\"auto, (max-width: 477px) 100vw, 477px\" \/><\/a><\/p>\n<p>XXIII Plener Malarski Artyst\u00f3w Plastyk\u00f3w im. Edwarda Hermana pn. \u201eDrogi wolno\u015bci\u201d trwa\u0142 na terenie gminy Sadowne od 1do 12 pa\u017adziernika. Plener realizowany by\u0142 w ramach obchod\u00f3w 160-tej rocznicy wybuchu Powstania Styczniowego pn. \u201e\u015aladami Pami\u0119ci bohater\u00f3w Powstania Styczniowego w powiecie w\u0119growskim\u201d.<\/p>\n<p>Jego organizatorami byli: Gminny O\u015brodek Kultury w Sadownem oraz Gmina Sadowne i dofinansowano go ze \u015brodk\u00f3w Biura \u201eNiepodleg\u0142a\u201d w ramach Programu Dotacyjnego \u201eNiepodleg\u0142a\u201d.<\/p>\n<p>Efekty pleneru mogli\u015bmy podziwia\u0107 podczas wernisa\u017cu poplenerowego, kt\u00f3ry odby\u0142 si\u0119 w niedziel\u0119 8 pa\u017adziernika 2023 r. w Sali Ochotniczej Stra\u017cy Po\u017carnej w Sadownem.<\/p>\n<p>Wernisa\u017c oficjalnie otworzy\u0142a P. Ewa Pi\u00f3rkowska \u2013 Dyrektor Gminnego O\u015brodka Kultury w Sadownem, a kilka s\u0142\u00f3w o uczestnikach pleneru, jego przebiegu i powsta\u0142ych pracach przekaza\u0142a zebranym p. Teresa Urbanowska \u2013 komisarz pleneru.<\/p>\n<p>Po oficjalnym otwarciu spotkania, kt\u00f3re zgromadzi\u0142o wielu mi\u0142o\u015bnik\u00f3w sztuki, mo\u017cna by\u0142o obejrze\u0107 prace umieszczone na wystawie XXIII Pleneru Malarskiego w Sadownem.<\/p>\n<p><a href=\"http:\/\/info.sadowne.pl\/wp-content\/uploads\/2026\/01\/sad1422.jpg\"><img loading=\"lazy\" decoding=\"async\" class=\"aligncenter size-full wp-image-31084\" src=\"http:\/\/info.sadowne.pl\/wp-content\/uploads\/2026\/01\/sad1422.jpg\" alt=\"\" width=\"605\" height=\"318\" srcset=\"https:\/\/info.sadowne.pl\/wp-content\/uploads\/2026\/01\/sad1422.jpg 605w, https:\/\/info.sadowne.pl\/wp-content\/uploads\/2026\/01\/sad1422-300x158.jpg 300w\" sizes=\"auto, (max-width: 605px) 100vw, 605px\" \/><\/a><\/p>\n<p><a href=\"http:\/\/info.sadowne.pl\/wp-content\/uploads\/2026\/01\/sad1423.jpg\"><img loading=\"lazy\" decoding=\"async\" class=\"aligncenter size-full wp-image-31085\" src=\"http:\/\/info.sadowne.pl\/wp-content\/uploads\/2026\/01\/sad1423.jpg\" alt=\"\" width=\"608\" height=\"262\" srcset=\"https:\/\/info.sadowne.pl\/wp-content\/uploads\/2026\/01\/sad1423.jpg 608w, https:\/\/info.sadowne.pl\/wp-content\/uploads\/2026\/01\/sad1423-300x129.jpg 300w\" sizes=\"auto, (max-width: 608px) 100vw, 608px\" \/><\/a><\/p>\n<p>Cz\u0142onkowie Zespo\u0142u &#8222;Sadowianki&#8221; od wielu lat uczestnicz\u0105 w tych spotkaniach, podziwiaj\u0105 pi\u0119kno prac, czasami dyskutuj\u0105 z jakich miejsc pochodzi dany obraz, rozpoznaj\u0105 swoje otoczenie.<\/p>\n<p>By\u0142y tak\u017ce bardziej kameralne spotkania z artystami z pocz\u0119stunkiem i biesiadnym \u015bpiewem.<\/p>\n<p><a href=\"http:\/\/info.sadowne.pl\/wp-content\/uploads\/2026\/01\/sad1424.jpg\"><img loading=\"lazy\" decoding=\"async\" class=\"aligncenter size-full wp-image-31086\" src=\"http:\/\/info.sadowne.pl\/wp-content\/uploads\/2026\/01\/sad1424.jpg\" alt=\"\" width=\"604\" height=\"420\" srcset=\"https:\/\/info.sadowne.pl\/wp-content\/uploads\/2026\/01\/sad1424.jpg 604w, https:\/\/info.sadowne.pl\/wp-content\/uploads\/2026\/01\/sad1424-300x209.jpg 300w\" sizes=\"auto, (max-width: 604px) 100vw, 604px\" \/><\/a><\/p>\n<p style=\"text-align: center;\">Pani doktor Anna Boszko i nasza Gabrysia Siewiera, kt\u00f3ra ju\u017c mo\u017ce pochwali\u0107 si\u0119 wieloma malarskimi pracami<\/p>\n<p><a href=\"http:\/\/info.sadowne.pl\/wp-content\/uploads\/2026\/01\/sad1425.jpg\"><img loading=\"lazy\" decoding=\"async\" class=\"aligncenter size-full wp-image-31087\" src=\"http:\/\/info.sadowne.pl\/wp-content\/uploads\/2026\/01\/sad1425.jpg\" alt=\"\" width=\"529\" height=\"368\" srcset=\"https:\/\/info.sadowne.pl\/wp-content\/uploads\/2026\/01\/sad1425.jpg 529w, https:\/\/info.sadowne.pl\/wp-content\/uploads\/2026\/01\/sad1425-300x209.jpg 300w\" sizes=\"auto, (max-width: 529px) 100vw, 529px\" \/><\/a><\/p>\n<p><a href=\"http:\/\/info.sadowne.pl\/wp-content\/uploads\/2026\/01\/sad1426.jpg\"><img loading=\"lazy\" decoding=\"async\" class=\"aligncenter size-full wp-image-31088\" src=\"http:\/\/info.sadowne.pl\/wp-content\/uploads\/2026\/01\/sad1426.jpg\" alt=\"\" width=\"603\" height=\"332\" srcset=\"https:\/\/info.sadowne.pl\/wp-content\/uploads\/2026\/01\/sad1426.jpg 603w, https:\/\/info.sadowne.pl\/wp-content\/uploads\/2026\/01\/sad1426-300x165.jpg 300w\" sizes=\"auto, (max-width: 603px) 100vw, 603px\" \/><\/a><\/p>\n<p><a href=\"http:\/\/info.sadowne.pl\/wp-content\/uploads\/2026\/01\/sad1427.jpg\"><img loading=\"lazy\" decoding=\"async\" class=\"aligncenter size-full wp-image-31089\" src=\"http:\/\/info.sadowne.pl\/wp-content\/uploads\/2026\/01\/sad1427.jpg\" alt=\"\" width=\"605\" height=\"268\" srcset=\"https:\/\/info.sadowne.pl\/wp-content\/uploads\/2026\/01\/sad1427.jpg 605w, https:\/\/info.sadowne.pl\/wp-content\/uploads\/2026\/01\/sad1427-300x133.jpg 300w\" sizes=\"auto, (max-width: 605px) 100vw, 605px\" \/><\/a><\/p>\n<p><a href=\"http:\/\/info.sadowne.pl\/wp-content\/uploads\/2026\/01\/sad1428.jpg\"><img loading=\"lazy\" decoding=\"async\" class=\"aligncenter size-full wp-image-31090\" src=\"http:\/\/info.sadowne.pl\/wp-content\/uploads\/2026\/01\/sad1428.jpg\" alt=\"\" width=\"552\" height=\"336\" srcset=\"https:\/\/info.sadowne.pl\/wp-content\/uploads\/2026\/01\/sad1428.jpg 552w, https:\/\/info.sadowne.pl\/wp-content\/uploads\/2026\/01\/sad1428-300x183.jpg 300w\" sizes=\"auto, (max-width: 552px) 100vw, 552px\" \/><\/a><\/p>\n<p><a href=\"http:\/\/info.sadowne.pl\/wp-content\/uploads\/2026\/01\/sad1429.jpg\"><img loading=\"lazy\" decoding=\"async\" class=\"aligncenter size-full wp-image-31091\" src=\"http:\/\/info.sadowne.pl\/wp-content\/uploads\/2026\/01\/sad1429.jpg\" alt=\"\" width=\"604\" height=\"382\" srcset=\"https:\/\/info.sadowne.pl\/wp-content\/uploads\/2026\/01\/sad1429.jpg 604w, https:\/\/info.sadowne.pl\/wp-content\/uploads\/2026\/01\/sad1429-300x190.jpg 300w\" sizes=\"auto, (max-width: 604px) 100vw, 604px\" \/><\/a><\/p>\n<p>P. Ewa Pi\u00f3rkowska, p. Teresa Urbanowicz oraz ks. Stanis\u0142aw Kunicki wyr\u00f3\u017cnili uczestnik\u00f3w pleneru niekonwencjonalnymi statuetkami, kt\u00f3re powsta\u0142y w Gminnym O\u015brodku Kultury w Sadownem.<\/p>\n<h3 style=\"text-align: center;\"><strong>MI\u0118TNE<\/strong><\/h3>\n<h3 style=\"text-align: center;\"><strong>16 wrze\u015bnia 2023 r.<\/strong><\/h3>\n<p>Na terenach sportowych Zespo\u0142u Szk\u00f3\u0142 im. Stanis\u0142awa Staszica w Mi\u0119tnem, odby\u0142o si\u0119 w sobot\u0119 16 wrze\u015bnia 2023 r.<\/p>\n<h3 style=\"text-align: center;\"><span style=\"color: #0000ff;\"><strong>Og\u00f3lnopolskie \u015awi\u0119to &#8211; ,,Wdzi\u0119czni Polskiej Wsi\u201d<\/strong><\/span><\/h3>\n<p>w kt\u00f3rym udzia\u0142 wzi\u0119li m. in. Premier Mateusz Morawiecki, minister rolnictwa Robert Telus, minister Henryk Kowalczyk, parlamentarzy\u015bci z senator Mari\u0105 Koc, wojewoda Sylwester D\u0105browski, a wsp\u00f3\u0142gospodarzem wydarzenia by\u0142 starosta garwoli\u0144ski Miros\u0142aw Walicki.<\/p>\n<p>Uroczysto\u015b\u0107 rozpocz\u0119\u0142a msza \u015bwi\u0119ta w intencji rolnik\u00f3w. Biskup siedlecki Kazimierz Gurda powiedzia\u0142, \u017ce rolnik zawsze pracuje tak, jakby od niego wszystko zale\u017ca\u0142o, ale jednocze\u015bnie modli si\u0119 i ufa Bogu, wierz\u0105c, \u017ce wiele zale\u017cy od Boga. M\u00f3wi\u0142, \u017ce rolnik rozumie t\u0119 zale\u017cno\u015b\u0107, bo wie, \u017ce jest ona prawdziwa.<\/p>\n<p>Po nabo\u017ce\u0144stwie korow\u00f3d, kt\u00f3remu towarzyszy\u0142a Orkiestra Reprezentacyjna Policji z Warszawy, przeszed\u0142 z wie\u0144cem do\u017cynkowym pod scen\u0119 g\u0142\u00f3wn\u0105. Tam rozpocz\u0105\u0142 si\u0119 ceremonia\u0142 do\u017cynkowy w wykonaniu zespo\u0142u Czerniczanki z kapel\u0105. Nast\u0119pnie starostowie do\u017cynek Monika i Marcin Sitnikowie przekazali premierowi okaza\u0142y do\u017cynkowy bochen chleba, kt\u00f3ry jest jednym z najwa\u017cniejszych symboli \u015awi\u0119ta Plon\u00f3w.<\/p>\n<p><a href=\"http:\/\/info.sadowne.pl\/wp-content\/uploads\/2026\/01\/sad1430.jpg\"><img loading=\"lazy\" decoding=\"async\" class=\"aligncenter size-full wp-image-31092\" src=\"http:\/\/info.sadowne.pl\/wp-content\/uploads\/2026\/01\/sad1430.jpg\" alt=\"\" width=\"608\" height=\"272\" srcset=\"https:\/\/info.sadowne.pl\/wp-content\/uploads\/2026\/01\/sad1430.jpg 608w, https:\/\/info.sadowne.pl\/wp-content\/uploads\/2026\/01\/sad1430-300x134.jpg 300w\" sizes=\"auto, (max-width: 608px) 100vw, 608px\" \/><\/a><\/p>\n<p style=\"text-align: center;\">Premier Mateusz Morawiecki<\/p>\n<p>Wydarzenie by\u0142o okazj\u0105 do bezpo\u015bredniego spotkania i rozm\u00f3w Premiera z rolnikami i ko\u0142ami gospody\u0144 wiejskich, kt\u00f3re prezentowa\u0142y swoje stoiska.<\/p>\n<p>Do\u017cynki to tak\u017ce okazja do licznych wyr\u00f3\u017cnie\u0144 i podzi\u0119kowa\u0144, tym, kt\u00f3rzy aktywnie dzia\u0142aj\u0105 na rzecz polskiej wsi. Pami\u0105tkowe<\/p>\n<h3 style=\"text-align: center;\"><span style=\"color: #0000ff;\"><strong>Medale 100-lecia Odzyskania Niepodleg\u0142o\u015bci<\/strong><\/span><\/h3>\n<p>z r\u0105k Premiera Mateusza Morawieckiego otrzyma\u0142y wyr\u00f3\u017cnione Ko\u0142a Gospody\u0144 Wiejskich, a tak\u017ce my:<\/p>\n<h2 style=\"text-align: center;\"><span style=\"color: #ff0000;\"><em><strong>Zesp\u00f3\u0142 \u015apiewaczy &#8222;Sadowianki&#8221;<\/strong><\/em><\/span><\/h2>\n<p><a href=\"http:\/\/info.sadowne.pl\/wp-content\/uploads\/2026\/01\/sad1431.jpg\"><img loading=\"lazy\" decoding=\"async\" class=\"aligncenter size-full wp-image-31093\" src=\"http:\/\/info.sadowne.pl\/wp-content\/uploads\/2026\/01\/sad1431.jpg\" alt=\"\" width=\"606\" height=\"590\" srcset=\"https:\/\/info.sadowne.pl\/wp-content\/uploads\/2026\/01\/sad1431.jpg 606w, https:\/\/info.sadowne.pl\/wp-content\/uploads\/2026\/01\/sad1431-300x292.jpg 300w\" sizes=\"auto, (max-width: 606px) 100vw, 606px\" \/><\/a><\/p>\n<p style=\"text-align: center;\">Pan Premier z delegacj\u0105 Sadowianek<\/p>\n<p><a href=\"http:\/\/info.sadowne.pl\/wp-content\/uploads\/2026\/01\/sad1432.jpg\"><img loading=\"lazy\" decoding=\"async\" class=\"aligncenter size-full wp-image-31094\" src=\"http:\/\/info.sadowne.pl\/wp-content\/uploads\/2026\/01\/sad1432.jpg\" alt=\"\" width=\"483\" height=\"413\" srcset=\"https:\/\/info.sadowne.pl\/wp-content\/uploads\/2026\/01\/sad1432.jpg 483w, https:\/\/info.sadowne.pl\/wp-content\/uploads\/2026\/01\/sad1432-300x257.jpg 300w\" sizes=\"auto, (max-width: 483px) 100vw, 483px\" \/><\/a><\/p>\n<p style=\"text-align: center;\">P. premier Mateusz Morawiecki wr\u0119cza ,,Medal 100-lecia Odzyskania Niepodleg\u0142o\u015bci\u201d oraz Dyplom stwierdzaj\u0105cy nadanie medalu<\/p>\n<p><a href=\"http:\/\/info.sadowne.pl\/wp-content\/uploads\/2026\/01\/sad1433.jpg\"><img loading=\"lazy\" decoding=\"async\" class=\"aligncenter size-full wp-image-31095\" src=\"http:\/\/info.sadowne.pl\/wp-content\/uploads\/2026\/01\/sad1433.jpg\" alt=\"\" width=\"598\" height=\"605\" srcset=\"https:\/\/info.sadowne.pl\/wp-content\/uploads\/2026\/01\/sad1433.jpg 598w, https:\/\/info.sadowne.pl\/wp-content\/uploads\/2026\/01\/sad1433-297x300.jpg 297w\" sizes=\"auto, (max-width: 598px) 100vw, 598px\" \/><\/a><\/p>\n<p style=\"text-align: center;\">Odbieraj\u0105: Basia Wr\u00f3bel, Krysia Wetoszka i Piotr Olkowski<\/p>\n<p><a href=\"http:\/\/info.sadowne.pl\/wp-content\/uploads\/2026\/01\/sad1434.jpg\"><img loading=\"lazy\" decoding=\"async\" class=\"aligncenter size-full wp-image-31096\" src=\"http:\/\/info.sadowne.pl\/wp-content\/uploads\/2026\/01\/sad1434.jpg\" alt=\"\" width=\"604\" height=\"631\" srcset=\"https:\/\/info.sadowne.pl\/wp-content\/uploads\/2026\/01\/sad1434.jpg 604w, https:\/\/info.sadowne.pl\/wp-content\/uploads\/2026\/01\/sad1434-287x300.jpg 287w\" sizes=\"auto, (max-width: 604px) 100vw, 604px\" \/><\/a><\/p>\n<h3 style=\"text-align: center;\"><span style=\"color: #ff0000;\"><strong>,,Medal Stulecia Odzyskania Niepodleg\u0142o\u015bci\u201d<\/strong><\/span><\/h3>\n<p><a href=\"http:\/\/info.sadowne.pl\/wp-content\/uploads\/2026\/01\/sad1435.jpg\"><img loading=\"lazy\" decoding=\"async\" class=\"aligncenter size-full wp-image-31097\" src=\"http:\/\/info.sadowne.pl\/wp-content\/uploads\/2026\/01\/sad1435.jpg\" alt=\"\" width=\"348\" height=\"345\" srcset=\"https:\/\/info.sadowne.pl\/wp-content\/uploads\/2026\/01\/sad1435.jpg 348w, https:\/\/info.sadowne.pl\/wp-content\/uploads\/2026\/01\/sad1435-300x297.jpg 300w\" sizes=\"auto, (max-width: 348px) 100vw, 348px\" \/><\/a><\/p>\n<p><a href=\"http:\/\/info.sadowne.pl\/wp-content\/uploads\/2026\/01\/sad1436.jpg\"><img loading=\"lazy\" decoding=\"async\" class=\"aligncenter size-full wp-image-31098\" src=\"http:\/\/info.sadowne.pl\/wp-content\/uploads\/2026\/01\/sad1436.jpg\" alt=\"\" width=\"317\" height=\"344\" srcset=\"https:\/\/info.sadowne.pl\/wp-content\/uploads\/2026\/01\/sad1436.jpg 317w, https:\/\/info.sadowne.pl\/wp-content\/uploads\/2026\/01\/sad1436-276x300.jpg 276w\" sizes=\"auto, (max-width: 317px) 100vw, 317px\" \/><\/a><\/p>\n<p style=\"text-align: center;\">Medal za przyczynianie si\u0119 do budowania i wzmacniania suwerenno\u015bci i niepodleg\u0142o\u015bci, kulturowej to\u017csamo\u015bci i materialnej pomy\u015blno\u015bci Rzeczypospolitej<\/p>\n<p><a href=\"http:\/\/info.sadowne.pl\/wp-content\/uploads\/2026\/01\/sad1437.jpg\"><img loading=\"lazy\" decoding=\"async\" class=\"aligncenter size-full wp-image-31099\" src=\"http:\/\/info.sadowne.pl\/wp-content\/uploads\/2026\/01\/sad1437.jpg\" alt=\"\" width=\"410\" height=\"408\" srcset=\"https:\/\/info.sadowne.pl\/wp-content\/uploads\/2026\/01\/sad1437.jpg 410w, https:\/\/info.sadowne.pl\/wp-content\/uploads\/2026\/01\/sad1437-300x300.jpg 300w\" sizes=\"auto, (max-width: 410px) 100vw, 410px\" \/><\/a><\/p>\n<p style=\"text-align: center;\">Odznak\u0119 stanowi metalowy, posrebrzany medal maj\u0105cy na stronie przedniej (awersie) wizerunek or\u0142a bia\u0142ego w koronie na g\u0142owie zwr\u00f3conej w prawo z rozwini\u0119tymi skrzyd\u0142ami, z dziobem i szponami, wok\u00f3\u0142 kt\u00f3rego umieszczone zosta\u0142y wizerunki:<\/p>\n<p style=\"text-align: center;\"><span style=\"color: #0000ff;\"><strong>Wojciecha Korfantego, Ignacego Jana Paderewskiego, Wincentego Witosa, J\u00f3zefa Pi\u0142sudskiego, Romana Dmowskiego oraz J\u00f3zefa Hallera<\/strong><\/span><\/p>\n<p><a href=\"http:\/\/info.sadowne.pl\/wp-content\/uploads\/2026\/01\/sad1438.jpg\"><img loading=\"lazy\" decoding=\"async\" class=\"aligncenter size-full wp-image-31100\" src=\"http:\/\/info.sadowne.pl\/wp-content\/uploads\/2026\/01\/sad1438.jpg\" alt=\"\" width=\"432\" height=\"432\" srcset=\"https:\/\/info.sadowne.pl\/wp-content\/uploads\/2026\/01\/sad1438.jpg 432w, https:\/\/info.sadowne.pl\/wp-content\/uploads\/2026\/01\/sad1438-300x300.jpg 300w\" sizes=\"auto, (max-width: 432px) 100vw, 432px\" \/><\/a><\/p>\n<p>&nbsp;<\/p>\n<p style=\"text-align: center;\">Na stronie odwrotnej (rewersie) w g\u00f3rnej cz\u0119\u015bci znajduje si\u0119 cytat z kazania \u201eO mi\u0142o\u015bci Ojczyzny\u201d autorstwa\u00a0<strong><span style=\"color: #0000ff;\">ormia\u0144skokatolickiego arcybiskupa Lwowa\u00a0J\u00f3zefa Teodorowicza:<\/span><\/strong><\/p>\n<p style=\"text-align: center;\"><span style=\"color: #ff0000;\"><strong>,,TO, CO ZDO\u0141A\u0141Y POKOLENIA TAMTE, DLACZEGO BY\u015aCIE TEMU NIE MOGLI PODO\u0141A\u0106 I WY?&#8221;<\/strong><\/span>,<\/p>\n<p style=\"text-align: center;\">a w dolnej cz\u0119\u015bci wizerunek<\/p>\n<p style=\"text-align: center;\"><span style=\"color: #0000ff;\"><strong>Legion\u00f3w Polskich.<\/strong><\/span><\/p>\n<p><a href=\"http:\/\/info.sadowne.pl\/wp-content\/uploads\/2026\/01\/sad1439.jpg\"><img loading=\"lazy\" decoding=\"async\" class=\"aligncenter size-full wp-image-31101\" src=\"http:\/\/info.sadowne.pl\/wp-content\/uploads\/2026\/01\/sad1439.jpg\" alt=\"\" width=\"608\" height=\"644\" srcset=\"https:\/\/info.sadowne.pl\/wp-content\/uploads\/2026\/01\/sad1439.jpg 608w, https:\/\/info.sadowne.pl\/wp-content\/uploads\/2026\/01\/sad1439-283x300.jpg 283w\" sizes=\"auto, (max-width: 608px) 100vw, 608px\" \/><\/a><\/p>\n<p style=\"text-align: center;\">Basia Wr\u00f3bel, Piotr Olkowski i Krysia Wetoszka<\/p>\n<p><a href=\"http:\/\/info.sadowne.pl\/wp-content\/uploads\/2026\/01\/sad1440.jpg\"><img loading=\"lazy\" decoding=\"async\" class=\"aligncenter size-full wp-image-31102\" src=\"http:\/\/info.sadowne.pl\/wp-content\/uploads\/2026\/01\/sad1440.jpg\" alt=\"\" width=\"604\" height=\"465\" srcset=\"https:\/\/info.sadowne.pl\/wp-content\/uploads\/2026\/01\/sad1440.jpg 604w, https:\/\/info.sadowne.pl\/wp-content\/uploads\/2026\/01\/sad1440-300x231.jpg 300w\" sizes=\"auto, (max-width: 604px) 100vw, 604px\" \/><\/a><\/p>\n<p><a href=\"http:\/\/info.sadowne.pl\/wp-content\/uploads\/2026\/01\/sad1441.jpg\"><img loading=\"lazy\" decoding=\"async\" class=\"aligncenter size-full wp-image-31103\" src=\"http:\/\/info.sadowne.pl\/wp-content\/uploads\/2026\/01\/sad1441.jpg\" alt=\"\" width=\"607\" height=\"435\" srcset=\"https:\/\/info.sadowne.pl\/wp-content\/uploads\/2026\/01\/sad1441.jpg 607w, https:\/\/info.sadowne.pl\/wp-content\/uploads\/2026\/01\/sad1441-300x215.jpg 300w, https:\/\/info.sadowne.pl\/wp-content\/uploads\/2026\/01\/sad1441-180x130.jpg 180w\" sizes=\"auto, (max-width: 607px) 100vw, 607px\" \/><\/a><\/p>\n<p style=\"text-align: center;\">Szcz\u0119\u015bliwi schodzimy ze sceny, w r\u0119ku trofea, kt\u00f3re do\u0142\u0105czymy do naszej licznej kolekcji<\/p>\n<p><a href=\"http:\/\/info.sadowne.pl\/wp-content\/uploads\/2026\/01\/sad1442.jpg\"><img loading=\"lazy\" decoding=\"async\" class=\"aligncenter size-full wp-image-31104\" src=\"http:\/\/info.sadowne.pl\/wp-content\/uploads\/2026\/01\/sad1442.jpg\" alt=\"\" width=\"603\" height=\"434\" srcset=\"https:\/\/info.sadowne.pl\/wp-content\/uploads\/2026\/01\/sad1442.jpg 603w, https:\/\/info.sadowne.pl\/wp-content\/uploads\/2026\/01\/sad1442-300x216.jpg 300w, https:\/\/info.sadowne.pl\/wp-content\/uploads\/2026\/01\/sad1442-180x130.jpg 180w\" sizes=\"auto, (max-width: 603px) 100vw, 603px\" \/><\/a><\/p>\n<p style=\"text-align: center;\">No i pami\u0105tkowe zdj\u0119cie z Panem Premierem &#8211; Mateuszem Morawieckim<\/p>\n<p><a href=\"http:\/\/info.sadowne.pl\/wp-content\/uploads\/2026\/01\/sad1443.jpg\"><img loading=\"lazy\" decoding=\"async\" class=\"aligncenter size-full wp-image-31105\" src=\"http:\/\/info.sadowne.pl\/wp-content\/uploads\/2026\/01\/sad1443.jpg\" alt=\"\" width=\"264\" height=\"385\" srcset=\"https:\/\/info.sadowne.pl\/wp-content\/uploads\/2026\/01\/sad1443.jpg 264w, https:\/\/info.sadowne.pl\/wp-content\/uploads\/2026\/01\/sad1443-206x300.jpg 206w\" sizes=\"auto, (max-width: 264px) 100vw, 264px\" \/><\/a><\/p>\n<p><a href=\"http:\/\/info.sadowne.pl\/wp-content\/uploads\/2026\/01\/sad1444.jpg\"><img loading=\"lazy\" decoding=\"async\" class=\"aligncenter size-full wp-image-31106\" src=\"http:\/\/info.sadowne.pl\/wp-content\/uploads\/2026\/01\/sad1444.jpg\" alt=\"\" width=\"262\" height=\"356\" srcset=\"https:\/\/info.sadowne.pl\/wp-content\/uploads\/2026\/01\/sad1444.jpg 262w, https:\/\/info.sadowne.pl\/wp-content\/uploads\/2026\/01\/sad1444-221x300.jpg 221w\" sizes=\"auto, (max-width: 262px) 100vw, 262px\" \/><\/a><\/p>\n<p style=\"text-align: center;\">My: Basia Wr\u00f3bel i Krysia Wetoszka<\/p>\n<p><a href=\"http:\/\/info.sadowne.pl\/wp-content\/uploads\/2026\/01\/sad1445.jpg\"><img loading=\"lazy\" decoding=\"async\" class=\"aligncenter size-full wp-image-31107\" src=\"http:\/\/info.sadowne.pl\/wp-content\/uploads\/2026\/01\/sad1445.jpg\" alt=\"\" width=\"266\" height=\"315\" srcset=\"https:\/\/info.sadowne.pl\/wp-content\/uploads\/2026\/01\/sad1445.jpg 266w, https:\/\/info.sadowne.pl\/wp-content\/uploads\/2026\/01\/sad1445-253x300.jpg 253w\" sizes=\"auto, (max-width: 266px) 100vw, 266px\" \/><\/a><\/p>\n<p style=\"text-align: center;\">Nasze wsparcie: Piotr Olkowski<\/p>\n<p>&nbsp;<\/p>\n<p>Na zako\u0144czenie cz\u0119\u015bci oficjalnej Og\u00f3lnopolskiego \u015awi\u0119ta ,,Wdzi\u0119czni Polskiej Wsi\u201d Starosta Powiatu Garwoli\u0144skiego p. Miros\u0142aw Walicki podzi\u0119kowa\u0142 uczestnikom za przybycie i zaprosi\u0142 do dalszego \u015bwi\u0119towania, degustacji przygotowanych potraw i wsp\u00f3lnej zabawy.<\/p>\n<p>Scena teraz nale\u017ca\u0142a do poszczeg\u00f3lnych zespo\u0142\u00f3w muzycznych, kt\u00f3re prezentowa\u0142y przygotowany repertuar.<\/p>\n<p>Sadowianki wyst\u0105pi\u0142y z piosenkami:<\/p>\n<ol>\n<li>Sadowianki dzisiaj <span style=\"color: #ff0000;\">D-dur<\/span><\/li>\n<li>Sianokosy <span style=\"color: #ff0000;\">F-dur<\/span><\/li>\n<li>Od samej Warszawy <span style=\"color: #ff0000;\">F-dur<\/span><\/li>\n<li>Na zielonym polu <span style=\"color: #ff0000;\">B-dur<\/span><\/li>\n<li>Trzymajmy si\u0119 za r\u0119ce <span style=\"color: #ff0000;\">C-dur<\/span><\/li>\n<\/ol>\n<p><a href=\"http:\/\/info.sadowne.pl\/wp-content\/uploads\/2026\/01\/sad1446.jpg\"><img loading=\"lazy\" decoding=\"async\" class=\"aligncenter size-full wp-image-31108\" src=\"http:\/\/info.sadowne.pl\/wp-content\/uploads\/2026\/01\/sad1446.jpg\" alt=\"\" width=\"600\" height=\"311\" srcset=\"https:\/\/info.sadowne.pl\/wp-content\/uploads\/2026\/01\/sad1446.jpg 600w, https:\/\/info.sadowne.pl\/wp-content\/uploads\/2026\/01\/sad1446-300x156.jpg 300w\" sizes=\"auto, (max-width: 600px) 100vw, 600px\" \/><\/a><\/p>\n<p style=\"text-align: center;\">Sadowianki w Mi\u0119tnem<\/p>\n<p>Po wyst\u0119pie zostali\u015bmy zaproszeni na pocz\u0119stunek do stoisk K\u00f3\u0142 Gospody\u0144 Wiejskich, a po posi\u0142ku i zwiedzaniu stoisk, wr\u00f3cili\u015bmy pod scen\u0119, na kt\u00f3rej skoczne kawa\u0142ki gra\u0142a ,,Kapela Krzysztofa Star\u0119gi\u201d.<\/p>\n<h3 style=\"text-align: center;\"><em><span style=\"color: #ff0000;\">A przecie\u017c tam, gdzie s\u0105 Sadowianki zawsze jest weso\u0142o!!!<\/span><\/em><\/h3>\n<p><a href=\"http:\/\/info.sadowne.pl\/wp-content\/uploads\/2026\/01\/sad1447.jpg\"><img loading=\"lazy\" decoding=\"async\" class=\"aligncenter size-full wp-image-31109\" src=\"http:\/\/info.sadowne.pl\/wp-content\/uploads\/2026\/01\/sad1447.jpg\" alt=\"\" width=\"606\" height=\"435\" srcset=\"https:\/\/info.sadowne.pl\/wp-content\/uploads\/2026\/01\/sad1447.jpg 606w, https:\/\/info.sadowne.pl\/wp-content\/uploads\/2026\/01\/sad1447-300x215.jpg 300w, https:\/\/info.sadowne.pl\/wp-content\/uploads\/2026\/01\/sad1447-180x130.jpg 180w\" sizes=\"auto, (max-width: 606px) 100vw, 606px\" \/><\/a><\/p>\n<p style=\"text-align: center;\">Ruszy\u0142y\u015bmy w tany: Basia Wr\u00f3bel, Krysia Wetoszka, Hania D\u0119bkowska, Henia Kibart, Ela D\u0119bkowska, a w nasze \u015blady posz\u0142y inne zespo\u0142y<\/p>\n<h3 style=\"text-align: center;\"><span style=\"color: #ff0000;\"><em>Naprawd\u0119 zrobi\u0142o si\u0119 weso\u0142o!!!<\/em><\/span><\/h3>\n<p style=\"text-align: center;\">Piotrek porwa\u0142 Bogusi\u0119 do ta\u0144ca, korow\u00f3d taneczny zacz\u0105\u0142 si\u0119 wyd\u0142u\u017ca\u0107.<\/p>\n<p><a href=\"http:\/\/info.sadowne.pl\/wp-content\/uploads\/2026\/01\/sad1448.jpg\"><img loading=\"lazy\" decoding=\"async\" class=\"aligncenter size-full wp-image-31110\" src=\"http:\/\/info.sadowne.pl\/wp-content\/uploads\/2026\/01\/sad1448.jpg\" alt=\"\" width=\"608\" height=\"329\" srcset=\"https:\/\/info.sadowne.pl\/wp-content\/uploads\/2026\/01\/sad1448.jpg 608w, https:\/\/info.sadowne.pl\/wp-content\/uploads\/2026\/01\/sad1448-300x162.jpg 300w\" sizes=\"auto, (max-width: 608px) 100vw, 608px\" \/><\/a><\/p>\n<p>Ta\u0144ce i \u015bpiewy zwabi\u0142y pod scen\u0119 Pani\u0105 Ann\u0119 Kaszub\u0119 \u2013 Radn\u0105 Wojew\u00f3dztwa Mazowieckiego, kt\u00f3ra by\u0142a ca\u0142\u0105 sprawczyni\u0105 naszego pobytu w Mi\u0119tnem.<\/p>\n<p><a href=\"http:\/\/info.sadowne.pl\/wp-content\/uploads\/2026\/01\/sad1449.jpg\"><img loading=\"lazy\" decoding=\"async\" class=\"aligncenter size-full wp-image-31111\" src=\"http:\/\/info.sadowne.pl\/wp-content\/uploads\/2026\/01\/sad1449.jpg\" alt=\"\" width=\"603\" height=\"366\" srcset=\"https:\/\/info.sadowne.pl\/wp-content\/uploads\/2026\/01\/sad1449.jpg 603w, https:\/\/info.sadowne.pl\/wp-content\/uploads\/2026\/01\/sad1449-300x182.jpg 300w\" sizes=\"auto, (max-width: 603px) 100vw, 603px\" \/><\/a><\/p>\n<p><a href=\"http:\/\/info.sadowne.pl\/wp-content\/uploads\/2026\/01\/sad1450.jpg\"><img loading=\"lazy\" decoding=\"async\" class=\"aligncenter size-full wp-image-31112\" src=\"http:\/\/info.sadowne.pl\/wp-content\/uploads\/2026\/01\/sad1450.jpg\" alt=\"\" width=\"607\" height=\"573\" srcset=\"https:\/\/info.sadowne.pl\/wp-content\/uploads\/2026\/01\/sad1450.jpg 607w, https:\/\/info.sadowne.pl\/wp-content\/uploads\/2026\/01\/sad1450-300x283.jpg 300w\" sizes=\"auto, (max-width: 607px) 100vw, 607px\" \/><\/a><\/p>\n<p style=\"text-align: center;\">Kr\u00f3tka przerwa na sesj\u0119 zdj\u0119ciow\u0105 z ca\u0142ym Zespo\u0142em<\/p>\n<p><a href=\"http:\/\/info.sadowne.pl\/wp-content\/uploads\/2026\/01\/sad1451.jpg\"><img loading=\"lazy\" decoding=\"async\" class=\"aligncenter size-full wp-image-31113\" src=\"http:\/\/info.sadowne.pl\/wp-content\/uploads\/2026\/01\/sad1451.jpg\" alt=\"\" width=\"608\" height=\"597\" srcset=\"https:\/\/info.sadowne.pl\/wp-content\/uploads\/2026\/01\/sad1451.jpg 608w, https:\/\/info.sadowne.pl\/wp-content\/uploads\/2026\/01\/sad1451-300x295.jpg 300w\" sizes=\"auto, (max-width: 608px) 100vw, 608px\" \/><\/a><\/p>\n<p style=\"text-align: center;\">Troch\u0119 \u015bmiechu i dowcip\u00f3w<\/p>\n<p><a href=\"http:\/\/info.sadowne.pl\/wp-content\/uploads\/2026\/01\/sad1452.jpg\"><img loading=\"lazy\" decoding=\"async\" class=\"aligncenter size-full wp-image-31114\" src=\"http:\/\/info.sadowne.pl\/wp-content\/uploads\/2026\/01\/sad1452.jpg\" alt=\"\" width=\"604\" height=\"362\" srcset=\"https:\/\/info.sadowne.pl\/wp-content\/uploads\/2026\/01\/sad1452.jpg 604w, https:\/\/info.sadowne.pl\/wp-content\/uploads\/2026\/01\/sad1452-300x180.jpg 300w\" sizes=\"auto, (max-width: 604px) 100vw, 604px\" \/><\/a><\/p>\n<p><a href=\"http:\/\/info.sadowne.pl\/wp-content\/uploads\/2026\/01\/sad1453.jpg\"><img loading=\"lazy\" decoding=\"async\" class=\"aligncenter size-full wp-image-31115\" src=\"http:\/\/info.sadowne.pl\/wp-content\/uploads\/2026\/01\/sad1453.jpg\" alt=\"\" width=\"606\" height=\"344\" srcset=\"https:\/\/info.sadowne.pl\/wp-content\/uploads\/2026\/01\/sad1453.jpg 606w, https:\/\/info.sadowne.pl\/wp-content\/uploads\/2026\/01\/sad1453-300x170.jpg 300w\" sizes=\"auto, (max-width: 606px) 100vw, 606px\" \/><\/a><\/p>\n<p style=\"text-align: center;\"><strong>Wida\u0107 rado\u015b\u0107 na wszystkich twarzach &#8211; wniosek?<\/strong><\/p>\n<h3 style=\"text-align: center;\"><em><strong>By\u0142o wspaniale!!!<\/strong><\/em><\/h3>\n<h3 style=\"text-align: center;\"><span style=\"color: #ff0000;\"><em><strong>Pani Aniu \u2013<\/strong><\/em><\/span><\/h3>\n<h3 style=\"text-align: center;\"><span style=\"color: #ff0000;\"><em><strong>Serdecznie dzi\u0119kujemy,<\/strong><\/em><\/span><\/h3>\n<h3 style=\"text-align: center;\"><span style=\"color: #ff0000;\"><em><strong>liczymy na dalsz\u0105 wsp\u00f3\u0142prac\u0119.<\/strong><\/em><\/span><\/h3>\n<p><strong>\u0179r\u00f3d\u0142o:<\/strong> SADOWIANKI, Barbara Wr\u00f3bel, 2025<\/p>\n","protected":false},"excerpt":{"rendered":"<p>SADOWNE &#8211; 1.10.2023 \u2013 12.10.2023 &#8211; XXIII PLENER MALARSKI im. E. Hermana ,,Drogi Wolno\u015bci\u201d.<\/p>\n","protected":false},"author":1,"featured_media":0,"comment_status":"closed","ping_status":"closed","sticky":false,"template":"","format":"standard","meta":{"footnotes":""},"categories":[5,31,1202],"tags":[1218,101,1217,960],"class_list":["post-31081","post","type-post","status-publish","format-standard","hentry","category-newsy","category-historia-gminy","category-zespol-spiewaczy-sadowianki","tag-barbara-wrobel","tag-historia-gminy-sadowne","tag-sadowianki","tag-zespol-spiewaczy-sadowianki"],"views":399,"_links":{"self":[{"href":"https:\/\/info.sadowne.pl\/index.php?rest_route=\/wp\/v2\/posts\/31081","targetHints":{"allow":["GET"]}}],"collection":[{"href":"https:\/\/info.sadowne.pl\/index.php?rest_route=\/wp\/v2\/posts"}],"about":[{"href":"https:\/\/info.sadowne.pl\/index.php?rest_route=\/wp\/v2\/types\/post"}],"author":[{"embeddable":true,"href":"https:\/\/info.sadowne.pl\/index.php?rest_route=\/wp\/v2\/users\/1"}],"replies":[{"embeddable":true,"href":"https:\/\/info.sadowne.pl\/index.php?rest_route=%2Fwp%2Fv2%2Fcomments&post=31081"}],"version-history":[{"count":1,"href":"https:\/\/info.sadowne.pl\/index.php?rest_route=\/wp\/v2\/posts\/31081\/revisions"}],"predecessor-version":[{"id":31116,"href":"https:\/\/info.sadowne.pl\/index.php?rest_route=\/wp\/v2\/posts\/31081\/revisions\/31116"}],"wp:attachment":[{"href":"https:\/\/info.sadowne.pl\/index.php?rest_route=%2Fwp%2Fv2%2Fmedia&parent=31081"}],"wp:term":[{"taxonomy":"category","embeddable":true,"href":"https:\/\/info.sadowne.pl\/index.php?rest_route=%2Fwp%2Fv2%2Fcategories&post=31081"},{"taxonomy":"post_tag","embeddable":true,"href":"https:\/\/info.sadowne.pl\/index.php?rest_route=%2Fwp%2Fv2%2Ftags&post=31081"}],"curies":[{"name":"wp","href":"https:\/\/api.w.org\/{rel}","templated":true}]}}