{"id":31135,"date":"2026-01-18T11:41:34","date_gmt":"2026-01-18T10:41:34","guid":{"rendered":"http:\/\/info.sadowne.pl\/?p=31135"},"modified":"2026-01-18T11:41:34","modified_gmt":"2026-01-18T10:41:34","slug":"ferie-zimowe-w-gok-sadowne","status":"publish","type":"post","link":"https:\/\/info.sadowne.pl\/?p=31135","title":{"rendered":"Ferie zimowe w GOK Sadowne"},"content":{"rendered":"<p><strong><a href=\"http:\/\/info.sadowne.pl\/wp-content\/uploads\/2026\/01\/2026.01.18.1.jpg\"><img loading=\"lazy\" decoding=\"async\" class=\"alignleft size-thumbnail wp-image-31136\" src=\"http:\/\/info.sadowne.pl\/wp-content\/uploads\/2026\/01\/2026.01.18.1-180x130.jpg\" alt=\"\" width=\"180\" height=\"130\" \/><\/a>Zapraszamy dzieci w wieku 5\u201314 lat na zaj\u0119cia feryjne w terminie 19\u201330 stycznia 2026. <\/strong><!--more--><\/p>\n<p>W planie m.in.: klocki EDUKIDO (5\u201311 lat), zimna porcelana, \u015bwieczki, ozdobne butelki oraz gry i zabawy!\u00a0<br class=\"html-br\" \/>Kulminacja ferii: wycieczka do Colorado w Warszawie (30.01, 8:00\u201316:00). Uwaga: wyjazd dla uczestnik\u00f3w, kt\u00f3rzy regularnie bior\u0105 udzia\u0142 w zaj\u0119ciach.\u00a0<br class=\"html-br\" \/><br class=\"html-br\" \/><strong>Wpisowe:<\/strong><br class=\"html-br\" \/>&#8211; 20 z\u0142 (dzieci z Gminy Sadowne)<br class=\"html-br\" \/>\u00a0&#8211; 50 z\u0142 (dzieci spoza Gminy Sadowne)<br class=\"html-br\" \/><br class=\"html-br\" \/><strong>Zapisy i informacje:<\/strong> 507 736 021<br class=\"html-br\" \/><br class=\"html-br\" \/><strong>Wi\u0119cej na stronie:<\/strong><br class=\"html-br\" \/><span style=\"color: #0000ff;\"><strong><span class=\"html-span xdj266r x14z9mp xat24cr x1lziwak xexx8yu xyri2b x18d9i69 x1c1uobl x1hl2dhg x16tdsg8 x1vvkbs\"><a class=\"x1i10hfl xjbqb8w x1ejq31n x18oe1m7 x1sy0etr xstzfhl x972fbf x10w94by x1qhh985 x14e42zd x9f619 x1ypdohk xt0psk2 x3ct3a4 xdj266r x14z9mp xat24cr x1lziwak xexx8yu xyri2b x18d9i69 x1c1uobl x16tdsg8 x1hl2dhg xggy1nq x1a2a7pz xkrqix3 x1sur9pj x1fey0fg x1s688f\" style=\"color: #0000ff;\" tabindex=\"0\" role=\"link\" href=\"https:\/\/gok.sadowne.pl\/wydarzenie-138-ferie_zimowe_2026_w_gminnym_osrodku-szczegoly-5620.html?fbclid=IwZXh0bgNhZW0CMTAAYnJpZBExeXo4UUIwM0k1NG5TUkY4bHNydGMGYXBwX2lkEDIyMjAzOTE3ODgyMDA4OTIAAR4ip8wvFXcEYAoPFzHtz34QYsZSQ3NinGn8p4leWfjE9iTMCNS_V6sE24kvMg_aem_Fg4UG0KGyVObHj7J21_KAw\" target=\"_blank\" rel=\"nofollow noopener noreferrer\">https:\/\/gok.sadowne.pl\/<\/a><\/span><\/strong><\/span><\/p>\n<p><a href=\"http:\/\/info.sadowne.pl\/wp-content\/uploads\/2026\/01\/2026.01.18.1.jpg\"><img loading=\"lazy\" decoding=\"async\" class=\"aligncenter size-full wp-image-31136\" src=\"http:\/\/info.sadowne.pl\/wp-content\/uploads\/2026\/01\/2026.01.18.1.jpg\" alt=\"\" width=\"509\" height=\"720\" srcset=\"https:\/\/info.sadowne.pl\/wp-content\/uploads\/2026\/01\/2026.01.18.1.jpg 509w, https:\/\/info.sadowne.pl\/wp-content\/uploads\/2026\/01\/2026.01.18.1-212x300.jpg 212w\" sizes=\"auto, (max-width: 509px) 100vw, 509px\" \/><\/a><\/p>\n","protected":false},"excerpt":{"rendered":"<p>Zapraszamy dzieci w wieku 5\u201314 lat na zaj\u0119cia feryjne w terminie 19\u201330 stycznia 2026.<\/p>\n","protected":false},"author":1,"featured_media":0,"comment_status":"closed","ping_status":"closed","sticky":false,"template":"","format":"standard","meta":{"footnotes":""},"categories":[5,91,6],"tags":[4347,169],"class_list":["post-31135","post","type-post","status-publish","format-standard","hentry","category-newsy","category-gminny-osrodek-kultury","category-kultura-rozrywka-edukacja","tag-ferie-zimowe-2026","tag-gminny-osrodek-kultury-w-sadownem"],"views":320,"_links":{"self":[{"href":"https:\/\/info.sadowne.pl\/index.php?rest_route=\/wp\/v2\/posts\/31135","targetHints":{"allow":["GET"]}}],"collection":[{"href":"https:\/\/info.sadowne.pl\/index.php?rest_route=\/wp\/v2\/posts"}],"about":[{"href":"https:\/\/info.sadowne.pl\/index.php?rest_route=\/wp\/v2\/types\/post"}],"author":[{"embeddable":true,"href":"https:\/\/info.sadowne.pl\/index.php?rest_route=\/wp\/v2\/users\/1"}],"replies":[{"embeddable":true,"href":"https:\/\/info.sadowne.pl\/index.php?rest_route=%2Fwp%2Fv2%2Fcomments&post=31135"}],"version-history":[{"count":1,"href":"https:\/\/info.sadowne.pl\/index.php?rest_route=\/wp\/v2\/posts\/31135\/revisions"}],"predecessor-version":[{"id":31137,"href":"https:\/\/info.sadowne.pl\/index.php?rest_route=\/wp\/v2\/posts\/31135\/revisions\/31137"}],"wp:attachment":[{"href":"https:\/\/info.sadowne.pl\/index.php?rest_route=%2Fwp%2Fv2%2Fmedia&parent=31135"}],"wp:term":[{"taxonomy":"category","embeddable":true,"href":"https:\/\/info.sadowne.pl\/index.php?rest_route=%2Fwp%2Fv2%2Fcategories&post=31135"},{"taxonomy":"post_tag","embeddable":true,"href":"https:\/\/info.sadowne.pl\/index.php?rest_route=%2Fwp%2Fv2%2Ftags&post=31135"}],"curies":[{"name":"wp","href":"https:\/\/api.w.org\/{rel}","templated":true}]}}