{"id":31138,"date":"2026-01-18T14:00:09","date_gmt":"2026-01-18T13:00:09","guid":{"rendered":"http:\/\/info.sadowne.pl\/?p=31138"},"modified":"2026-01-18T14:00:41","modified_gmt":"2026-01-18T13:00:41","slug":"z-historii-sadowianki-grygrow-wegrow-sadowne","status":"publish","type":"post","link":"https:\/\/info.sadowne.pl\/?p=31138","title":{"rendered":"Z historii &#8211; Sadowianki &#8211; Grygr\u00f3w, W\u0119gr\u00f3w, Sadowne"},"content":{"rendered":"<p><strong><a href=\"http:\/\/info.sadowne.pl\/wp-content\/uploads\/2026\/01\/sad1459.jpg\"><img loading=\"lazy\" decoding=\"async\" class=\"alignleft size-thumbnail wp-image-31145\" src=\"http:\/\/info.sadowne.pl\/wp-content\/uploads\/2026\/01\/sad1459-180x130.jpg\" alt=\"\" width=\"180\" height=\"130\" \/><\/a>GRYGR\u00d3W &#8211; <\/strong><strong>8 pa\u017adziernika 2023 roku.<\/strong><!--more--><\/p>\n<p><strong> <a href=\"http:\/\/info.sadowne.pl\/wp-content\/uploads\/2026\/01\/sad1454.jpg\"><img loading=\"lazy\" decoding=\"async\" class=\"aligncenter size-full wp-image-31140\" src=\"http:\/\/info.sadowne.pl\/wp-content\/uploads\/2026\/01\/sad1454.jpg\" alt=\"\" width=\"480\" height=\"55\" srcset=\"https:\/\/info.sadowne.pl\/wp-content\/uploads\/2026\/01\/sad1454.jpg 480w, https:\/\/info.sadowne.pl\/wp-content\/uploads\/2026\/01\/sad1454-300x34.jpg 300w\" sizes=\"auto, (max-width: 480px) 100vw, 480px\" \/><\/a><\/strong><\/p>\n<p style=\"text-align: center;\"><strong>Pi\u0119kny Jubileusz OSP Grygr\u00f3w<\/strong><\/p>\n<p>Od 105 lat stra\u017cacy z Grygrowa czuwaj\u0105 nad bezpiecze\u0144stwem mieszka\u0144c\u00f3w gminy Stoczek. Jubileuszow\u0105 uroczysto\u015b\u0107 rozpocz\u0119\u0142a\u00a0 msza \u015bwi\u0119ta w kaplicy w Hucie Gruszczyno. Przyby\u0142a na ni\u0105 Cz\u0142onek Zarz\u0105du Wojew\u00f3dztwa Mazowieckiego p. El\u017cbieta Lanc.<\/p>\n<p>Pani marsza\u0142ek w dow\u00f3d uznania do dyspozycji stra\u017cak\u00f3w ochotnik\u00f3w przekaza\u0142a zestaw hydrauliczny LUKAS s\u0142u\u017c\u0105cy do wywa\u017cania drzwi. Powiedzia\u0142a:<\/p>\n<p><strong><em>,,Druhny i Druhowie serdecznie dzi\u0119kuj\u0119 za pe\u0142n\u0105 oddania s\u0142u\u017cb\u0119 dla dobra innych. Gratuluj\u0119 donios\u0142ego Jubileuszu, \u017cycz\u0119 niegasn\u0105cego zapa\u0142u oraz energii do dzia\u0142ania, a przede wszystkim zdrowia i bezpiecznych powrot\u00f3w <\/em><\/strong><strong><em>z akcji do domu.\u201d<\/em><\/strong><\/p>\n<p>Zesp\u00f3\u0142 \u015apiewaczy Sadowianki od dawna zaprzyja\u017aniony jest z t\u0105 jednostk\u0105, dlatego r\u00f3wnie\u017c otrzyma\u0142 zaproszenie uczestniczenia w tym wydarzeniu.<\/p>\n<p><a href=\"http:\/\/info.sadowne.pl\/wp-content\/uploads\/2026\/01\/sad1455.jpg\"><img loading=\"lazy\" decoding=\"async\" class=\"aligncenter size-full wp-image-31141\" src=\"http:\/\/info.sadowne.pl\/wp-content\/uploads\/2026\/01\/sad1455.jpg\" alt=\"\" width=\"548\" height=\"320\" srcset=\"https:\/\/info.sadowne.pl\/wp-content\/uploads\/2026\/01\/sad1455.jpg 548w, https:\/\/info.sadowne.pl\/wp-content\/uploads\/2026\/01\/sad1455-300x175.jpg 300w\" sizes=\"auto, (max-width: 548px) 100vw, 548px\" \/><\/a><\/p>\n<p style=\"text-align: center;\">Od lewej: W\u00f3jt gminy Stoczek p. Zbigniew K\u0142usek i p. El\u017cbieta Lanc.<\/p>\n<p style=\"text-align: center;\">Po prawej stronie nasza delegacja: Tereska Biernat, Krysia Wetoszka i ma\u0142o widoczny Zbyszek Danaj.<\/p>\n<h3 style=\"text-align: center;\"><strong>W\u0118GR\u00d3W<\/strong><\/h3>\n<h3 style=\"text-align: center;\"><strong>7-8 pa\u017adziernika 2023<\/strong><\/h3>\n<p><a href=\"http:\/\/info.sadowne.pl\/wp-content\/uploads\/2026\/01\/sad1456.jpg\"><img loading=\"lazy\" decoding=\"async\" class=\"aligncenter size-full wp-image-31142\" src=\"http:\/\/info.sadowne.pl\/wp-content\/uploads\/2026\/01\/sad1456.jpg\" alt=\"\" width=\"541\" height=\"61\" srcset=\"https:\/\/info.sadowne.pl\/wp-content\/uploads\/2026\/01\/sad1456.jpg 541w, https:\/\/info.sadowne.pl\/wp-content\/uploads\/2026\/01\/sad1456-300x34.jpg 300w\" sizes=\"auto, (max-width: 541px) 100vw, 541px\" \/><\/a><\/p>\n<p>Jak co roku w pa\u017adzierniku w W\u0119growskim O\u015brodku Kultury odby\u0142 si\u0119 przegl\u0105d tw\u00f3rczo\u015bci artystycznej senior\u00f3w. By\u0142o to ju\u017c XVII takie spotkanie.<\/p>\n<p>Do konkursu przyst\u0105pi\u0142y \u0142\u0105cznie 33 podmioty artystyczne (w kategorii zespo\u0142y taneczne brak by\u0142o konkurencji, gdy\u017c zg\u0142osi\u0142 si\u0119 tylko jeden podmiot: Zesp\u00f3l Taneczny LUZ 50+ z Siedlec).<\/p>\n<p>Komisja ocenia\u0142a uczestnik\u00f3w w 6 kategoriach:<\/p>\n<ol>\n<li>ch\u00f3ry, zespo\u0142y wokalno-muzyczne<\/li>\n<li>zespo\u0142y folklorystyczne<\/li>\n<li>soli\u015bci i duety<\/li>\n<li>zespo\u0142y taneczne<\/li>\n<li>teatry i kabarety<\/li>\n<li>monolog lub recytacja<\/li>\n<\/ol>\n<p><a href=\"http:\/\/info.sadowne.pl\/wp-content\/uploads\/2026\/01\/sad1457.jpg\"><img loading=\"lazy\" decoding=\"async\" class=\"aligncenter size-full wp-image-31143\" src=\"http:\/\/info.sadowne.pl\/wp-content\/uploads\/2026\/01\/sad1457.jpg\" alt=\"\" width=\"606\" height=\"264\" srcset=\"https:\/\/info.sadowne.pl\/wp-content\/uploads\/2026\/01\/sad1457.jpg 606w, https:\/\/info.sadowne.pl\/wp-content\/uploads\/2026\/01\/sad1457-300x131.jpg 300w\" sizes=\"auto, (max-width: 606px) 100vw, 606px\" \/><\/a><\/p>\n<p style=\"text-align: center;\">Komisja oceniaj\u0105ca w sk\u0142adzie: p. Tomasz Markiewicz, p. Krystyna Paczuska, p. Jaros\u0142aw W\u00f3jcik<\/p>\n<p>Oczywi\u015bcie w Mazowieckim Przegl\u0105dzie Tw\u00f3rczo\u015bci Artystycznej Senior\u00f3w nie mog\u0142o zabrakn\u0105\u0107 naszego Zespo\u0142u \u015apiewaczego \u201eSadowianki\u201d,\u00a0 kt\u00f3ry jest uczestnikiem Przegl\u0105du od wielu lat.<\/p>\n<p><a href=\"http:\/\/info.sadowne.pl\/wp-content\/uploads\/2026\/01\/sad1458.jpg\"><img loading=\"lazy\" decoding=\"async\" class=\"aligncenter size-full wp-image-31144\" src=\"http:\/\/info.sadowne.pl\/wp-content\/uploads\/2026\/01\/sad1458.jpg\" alt=\"\" width=\"603\" height=\"209\" srcset=\"https:\/\/info.sadowne.pl\/wp-content\/uploads\/2026\/01\/sad1458.jpg 603w, https:\/\/info.sadowne.pl\/wp-content\/uploads\/2026\/01\/sad1458-300x104.jpg 300w\" sizes=\"auto, (max-width: 603px) 100vw, 603px\" \/><\/a><\/p>\n<p><em>Sadowianki <\/em>wykona\u0142y dwa utwory, poniewa\u017c regulamin ogranicza wyst\u0119p okre\u015blonym czasem.<\/p>\n<p>By\u0142y to piosenki:<\/p>\n<ol>\n<li>Sianokosy w tonacji <span style=\"color: #ff0000;\">F-dur<\/span><\/li>\n<li>Idzie m\u0142ody ch\u0142opak w tonacji <span style=\"color: #ff0000;\">d-moll<\/span><\/li>\n<\/ol>\n<p><strong> <a href=\"http:\/\/info.sadowne.pl\/wp-content\/uploads\/2026\/01\/sad1459.jpg\"><img loading=\"lazy\" decoding=\"async\" class=\"aligncenter size-full wp-image-31145\" src=\"http:\/\/info.sadowne.pl\/wp-content\/uploads\/2026\/01\/sad1459.jpg\" alt=\"\" width=\"608\" height=\"300\" srcset=\"https:\/\/info.sadowne.pl\/wp-content\/uploads\/2026\/01\/sad1459.jpg 608w, https:\/\/info.sadowne.pl\/wp-content\/uploads\/2026\/01\/sad1459-300x148.jpg 300w\" sizes=\"auto, (max-width: 608px) 100vw, 608px\" \/><\/a><\/strong><\/p>\n<p>&nbsp;<\/p>\n<p>Powiem szczerze, byli\u015bmy zadowoleni z naszego wyst\u0119pu, kt\u00f3ry mia\u0142 miejsce pierwszego dnia ,,W\u0119growskich Barw Jesieni\u201d i czekali\u015bmy z zapartym tchem, czy zostaniemy zaproszeni na Gal\u0119 Fina\u0142ow\u0105.<\/p>\n<p>Jak si\u0119 okaza\u0142o, szanowna komisja doceni\u0142a nasz wyst\u0119p i zaprosi\u0142a nas na Gal\u0119 Fina\u0142ow\u0105 w WOK W\u0119gr\u00f3w w dniu 14 pa\u017adziernika.<\/p>\n<p><strong>\u00a0<\/strong>Spotkanie prowadzi\u0142a p. Katarzyna Zabada\u0142a \u2013 Dyrektor W\u0119growskiego O\u015brodka Kultury. Rozpocz\u0105\u0142 j\u0105 wyst\u0119p Zespo\u0142u \u201eArt-Senior\u201d, a kilka s\u0142\u00f3w do publiczno\u015bci skierowali: p. El\u017cbieta Lanc \u2013 cz\u0142onek Zarz\u0105du Wojew\u00f3dztwa Mazowieckiego, p. Pawe\u0142 Marchela \u2013 Burmistrz W\u0119growa i przedstawiciele Komisji Konkursowej XVII Mazowieckiego Przegl\u0105du Tw\u00f3rczo\u015bci Artystycznej. Osoby te wr\u0119czy\u0142y r\u00f3wnie\u017c dyplomy i nagrody pieni\u0119\u017cne finalistom poszczeg\u00f3lnych kategorii konkursu.<\/p>\n<p style=\"text-align: center;\"><strong>Zesp\u00f3\u0142 \u015apiewaczy \u201eSadowianki\u201d otrzyma\u0142 <\/strong><\/p>\n<p style=\"text-align: center;\"><strong>,,WYR\u00d3\u017bNIENIE\u201d<\/strong><\/p>\n<p><strong> <a href=\"http:\/\/info.sadowne.pl\/wp-content\/uploads\/2026\/01\/sad1460.jpg\"><img loading=\"lazy\" decoding=\"async\" class=\"aligncenter wp-image-31146 size-full\" src=\"http:\/\/info.sadowne.pl\/wp-content\/uploads\/2026\/01\/sad1460.jpg\" alt=\"\" width=\"608\" height=\"250\" srcset=\"https:\/\/info.sadowne.pl\/wp-content\/uploads\/2026\/01\/sad1460.jpg 608w, https:\/\/info.sadowne.pl\/wp-content\/uploads\/2026\/01\/sad1460-300x123.jpg 300w\" sizes=\"auto, (max-width: 608px) 100vw, 608px\" \/><\/a><\/strong><\/p>\n<p><a href=\"http:\/\/info.sadowne.pl\/wp-content\/uploads\/2026\/01\/sad1461.jpg\"><img loading=\"lazy\" decoding=\"async\" class=\"aligncenter size-full wp-image-31147\" src=\"http:\/\/info.sadowne.pl\/wp-content\/uploads\/2026\/01\/sad1461.jpg\" alt=\"\" width=\"603\" height=\"580\" srcset=\"https:\/\/info.sadowne.pl\/wp-content\/uploads\/2026\/01\/sad1461.jpg 603w, https:\/\/info.sadowne.pl\/wp-content\/uploads\/2026\/01\/sad1461-300x289.jpg 300w\" sizes=\"auto, (max-width: 603px) 100vw, 603px\" \/><\/a><\/p>\n<p style=\"text-align: center;\">Nasza delegacja w sk\u0142adzie: Basia Decyk, Piotr Olkowski, Krysia Wetoszka i Zbyszek Danaj<\/p>\n<p style=\"text-align: center;\"><em>Sadowianki<\/em> otrzymuj\u0105 dyplom ,,Wyr\u00f3\u017cnienie\u201d z r\u0105k szanownych Juror\u00f3w<\/p>\n<p><a href=\"http:\/\/info.sadowne.pl\/wp-content\/uploads\/2026\/01\/sad1462.jpg\"><img loading=\"lazy\" decoding=\"async\" class=\"aligncenter size-full wp-image-31148\" src=\"http:\/\/info.sadowne.pl\/wp-content\/uploads\/2026\/01\/sad1462.jpg\" alt=\"\" width=\"607\" height=\"415\" srcset=\"https:\/\/info.sadowne.pl\/wp-content\/uploads\/2026\/01\/sad1462.jpg 607w, https:\/\/info.sadowne.pl\/wp-content\/uploads\/2026\/01\/sad1462-300x205.jpg 300w\" sizes=\"auto, (max-width: 607px) 100vw, 607px\" \/><\/a><\/p>\n<p style=\"text-align: center;\">Basia Decyk, Piotr Olkowski, Krysia Wetoszka oraz z komisji oceniaj\u0105cej p. Krystyna Paczuska i p. Tomasz Markiewicz<\/p>\n<p style=\"text-align: center;\"><span style=\"color: #000000;\"><strong>A ja tak od siebie.<\/strong><\/span><\/p>\n<p style=\"text-align: center;\"><span style=\"color: #ff0000;\"><strong>Muzyka to szum morza, \u015bpiew ptak\u00f3w, to niewyszeptane s\u0142owa serca, \u015bwiat tajemnic przynosz\u0105cy rado\u015b\u0107.<\/strong><\/span><\/p>\n<p style=\"text-align: center;\"><span style=\"color: #ff0000;\"><strong>Muzyka, to lek na wszystko, nigdy nie rani, a wr\u0119cz przeciwnie leczy, uczy, uspokaja. \u0142\u0105czy pokolenia.<\/strong><\/span><\/p>\n<p style=\"text-align: center;\"><span style=\"color: #ff0000;\"><strong>Dzie\u0144 bez muzyki, to taki troch\u0119 ubogi i ponury dzie\u0144.<\/strong><\/span><\/p>\n<p style=\"text-align: center;\"><span style=\"color: #ff0000;\"><strong>Ja kocham muzyk\u0119.<\/strong><\/span><\/p>\n<p style=\"text-align: center;\"><span style=\"color: #ff0000;\"><strong>Kocham piosenki, kt\u00f3re zawieraj\u0105 pi\u0119kne tre\u015bci, b\u0119d\u0105ce przekazem dla sympatyk\u00f3w \u015bpiewu.<\/strong><\/span><\/p>\n<p style=\"text-align: center;\"><span style=\"color: #ff0000;\"><strong>Zako\u0144cz\u0119 swoj\u0105 my\u015bl pi\u0119knym cytatem:<\/strong><\/span><\/p>\n<p style=\"text-align: center;\"><em><span style=\"color: #0000ff;\"><strong>\u201eGdzie s<\/strong><strong>\u0142<\/strong><strong>yszysz <\/strong><strong>\u015b<\/strong><strong>piew \u2013 tam wchod<\/strong><strong>\u017a<\/strong><strong>, Tam dobre serca maj<\/strong><strong>\u0105<\/strong><strong>. <\/strong><\/span><\/em><\/p>\n<p style=\"text-align: center;\"><em><span style=\"color: #0000ff;\"><strong>\u0179<\/strong><strong>li ludzie \u2013 wierzaj mi \u2013 Ci nigdy nie <\/strong><strong>\u015b<\/strong><strong>piewaj<\/strong><strong>\u0105<\/strong><strong>.\u201d <\/strong><\/span><\/em><\/p>\n<p style=\"text-align: center;\"><em><span style=\"color: #0000ff;\"><strong>\u00a0 \u00a0 \u00a0 \u00a0 \u00a0 \u00a0 \u00a0 \u00a0 \u00a0 \u00a0 \u00a0 \u00a0 \u00a0 \u00a0 \u00a0 Johann Wolfgang von Goethe<\/strong><\/span><\/em><\/p>\n<h3 style=\"text-align: center;\"><strong>SADOWNE<\/strong><\/h3>\n<h3 style=\"text-align: center;\"><strong>11 listopada 2023 roku<\/strong><\/h3>\n<p>Ten dzie\u0144 upami\u0119tnia odzyskanie przez Polsk\u0119 wolno\u015bci w 1918 roku. Polska obchodzi w tym roku 105. Rocznic\u0119 Odzyskania Niepodleg\u0142o\u015bci. To \u015bwi\u0119to pa\u0144stwowe pozwala na chwil\u0119 zadumy nad cierpieniem naszych rodak\u00f3w walcz\u0105cych o wolno\u015b\u0107 kraju, ale tak\u017ce przypomina jak wa\u017cna jest niepodleg\u0142o\u015b\u0107 i suwerenno\u015b\u0107.<\/p>\n<p>To \u015awi\u0119to i zwi\u0105zane z nim rocznice godnie obchodzone s\u0105 ka\u017cdego roku w Gminie Sadowne.<\/p>\n<p><a href=\"http:\/\/info.sadowne.pl\/wp-content\/uploads\/2026\/01\/sad1463.jpg\"><img loading=\"lazy\" decoding=\"async\" class=\"aligncenter size-full wp-image-31149\" src=\"http:\/\/info.sadowne.pl\/wp-content\/uploads\/2026\/01\/sad1463.jpg\" alt=\"\" width=\"440\" height=\"448\" srcset=\"https:\/\/info.sadowne.pl\/wp-content\/uploads\/2026\/01\/sad1463.jpg 440w, https:\/\/info.sadowne.pl\/wp-content\/uploads\/2026\/01\/sad1463-295x300.jpg 295w\" sizes=\"auto, (max-width: 440px) 100vw, 440px\" \/><\/a><\/p>\n<p><a href=\"http:\/\/info.sadowne.pl\/wp-content\/uploads\/2026\/01\/sad1464.jpg\"><img loading=\"lazy\" decoding=\"async\" class=\"aligncenter size-full wp-image-31150\" src=\"http:\/\/info.sadowne.pl\/wp-content\/uploads\/2026\/01\/sad1464.jpg\" alt=\"\" width=\"604\" height=\"345\" srcset=\"https:\/\/info.sadowne.pl\/wp-content\/uploads\/2026\/01\/sad1464.jpg 604w, https:\/\/info.sadowne.pl\/wp-content\/uploads\/2026\/01\/sad1464-300x171.jpg 300w\" sizes=\"auto, (max-width: 604px) 100vw, 604px\" \/><\/a><\/p>\n<p style=\"text-align: center;\">Ksi\u0119\u017ca: Piotr P\u0119dzich, Antoni Kunicki i Stanis\u0142aw Wojciechowski<\/p>\n<p><a href=\"http:\/\/info.sadowne.pl\/wp-content\/uploads\/2026\/01\/sad1465.jpg\"><img loading=\"lazy\" decoding=\"async\" class=\"aligncenter size-full wp-image-31151\" src=\"http:\/\/info.sadowne.pl\/wp-content\/uploads\/2026\/01\/sad1465.jpg\" alt=\"\" width=\"607\" height=\"349\" srcset=\"https:\/\/info.sadowne.pl\/wp-content\/uploads\/2026\/01\/sad1465.jpg 607w, https:\/\/info.sadowne.pl\/wp-content\/uploads\/2026\/01\/sad1465-300x172.jpg 300w\" sizes=\"auto, (max-width: 607px) 100vw, 607px\" \/><\/a><\/p>\n<p>Sadowianki po mszy \u015bwi\u0119tej wykona\u0142y utwory:<\/p>\n<ol>\n<li>Pierwsza Brygada <span style=\"color: #ff0000;\">d-moll<\/span><\/li>\n<li>Modlitwa obozowa <span style=\"color: #ff0000;\">D-dur<\/span><\/li>\n<li>Serce w plecaku <span style=\"color: #ff0000;\">C-dur<\/span><\/li>\n<li>Bywaj dziewcz\u0119 <span style=\"color: #ff0000;\">C-dur<\/span><\/li>\n<li>Przybyli u\u0142ani <span style=\"color: #ff0000;\">C-dur<\/span><\/li>\n<li>Jak d\u0142ugo w sercach naszych <span style=\"color: #ff0000;\">C-dur<\/span><\/li>\n<\/ol>\n<p><strong> <a href=\"http:\/\/info.sadowne.pl\/wp-content\/uploads\/2026\/01\/sad1466.jpg\"><img loading=\"lazy\" decoding=\"async\" class=\"aligncenter size-full wp-image-31152\" src=\"http:\/\/info.sadowne.pl\/wp-content\/uploads\/2026\/01\/sad1466.jpg\" alt=\"\" width=\"603\" height=\"260\" srcset=\"https:\/\/info.sadowne.pl\/wp-content\/uploads\/2026\/01\/sad1466.jpg 603w, https:\/\/info.sadowne.pl\/wp-content\/uploads\/2026\/01\/sad1466-300x129.jpg 300w\" sizes=\"auto, (max-width: 603px) 100vw, 603px\" \/><\/a><\/strong><\/p>\n<p>Po 123 latach Polska sta\u0142a si\u0119 suwerennym pa\u0144stwem, odzyskuj\u0105c podmiotowo\u015b\u0107 na arenie mi\u0119dzynarodowej.<\/p>\n<p>Pi\u0119\u0107 pokole\u0144 walczy\u0142o w powstaniach, podtrzymywa\u0142o ducha polsko\u015bci, opiera\u0142o si\u0119 germanizacji i rusyfikacji, aby w listopadzie 1918 r. Polacy mogli cieszy\u0107 si\u0119 wolno\u015bci\u0105.<\/p>\n<p><strong> <a href=\"http:\/\/info.sadowne.pl\/wp-content\/uploads\/2026\/01\/sad1467.jpg\"><img loading=\"lazy\" decoding=\"async\" class=\"aligncenter size-full wp-image-31153\" src=\"http:\/\/info.sadowne.pl\/wp-content\/uploads\/2026\/01\/sad1467.jpg\" alt=\"\" width=\"607\" height=\"386\" srcset=\"https:\/\/info.sadowne.pl\/wp-content\/uploads\/2026\/01\/sad1467.jpg 607w, https:\/\/info.sadowne.pl\/wp-content\/uploads\/2026\/01\/sad1467-300x191.jpg 300w\" sizes=\"auto, (max-width: 607px) 100vw, 607px\" \/><\/a><\/strong><\/p>\n<p><strong>\u00a0<\/strong>Jak\u017ce wymowne s\u0105 s\u0142owa Marii Konopnickiej m\u00f3wi\u0105ce o Ojczy\u017anie, rodzinie, modlitwie, kt\u00f3ra w polskiej mowie mog\u0142a tylko potajemnie wybrzmiewa\u0107.<\/p>\n<p><strong>Ojczyzna moja \u2013 to ta ziemia droga, <\/strong><\/p>\n<p><strong>Gdziem ujrza\u0142 s\u0142o\u0144ce i gdziem pozna\u0142 Boga, <\/strong><\/p>\n<p><strong>Gdzie ojciec, bracia i gdzie matka mi\u0142a <\/strong><\/p>\n<p><strong>W polskiej mnie mowie pacierza uczy\u0142a. <\/strong><\/p>\n<p><strong>Ojczyzna moja \u2013 to wioski i miasta, <\/strong><\/p>\n<p><strong>W\u015br\u00f3d p\u00f3l lechickich sadzone od Piasta; <\/strong><\/p>\n<p><strong>To rzeki, lasy, kwietne niwy, \u0142\u0105ki, <\/strong><\/p>\n<p><strong>Gdzie pie\u015b\u0144 nadziei \u015bpiewaj\u0105 skowronki.<\/strong><\/p>\n<p><strong>\u00a0Ojczyzna moja \u2013 to praojc\u00f3w s\u0142awa, <\/strong><\/p>\n<p><strong>Szczerbiec Chrobrego, cecorska bu\u0142awa, <\/strong><\/p>\n<p><strong>To duch rycerski, szlachetny a m\u0119ski, <\/strong><\/p>\n<p><strong>To nasze wielkie zwyci\u0119stwa i kl\u0119ski. <\/strong><\/p>\n<p><strong>Ojczyzna moja \u2013 to te ciche pola, <\/strong><\/p>\n<p><strong>Kt\u00f3re od wiek\u00f3w zdepta\u0142a niewola, <\/strong><\/p>\n<p><strong>To te kurhany, te sm\u0119tne mogi\u0142y \u2013 <\/strong><\/p>\n<p><strong>Co jej swobody obro\u0144c\u00f3w przykry\u0142y. <\/strong><\/p>\n<p><strong>Ojczyzna moja \u2013 to ten duch narodu, <\/strong><\/p>\n<p><strong>Co \u017cyje cudem w\u015br\u00f3d g\u0142odu i ch\u0142odu, <\/strong><\/p>\n<p><strong>To ta nadzieja, co si\u0119 w sercach kwieci, <\/strong><\/p>\n<p><strong>Prac\u0105 u ojc\u00f3w, a piosnk\u0105 u dzieci!<\/strong><\/p>\n<p><strong><em>\u00a0 \u00a0 \u00a0 \u00a0 \u00a0 \u00a0 \u00a0 \u00a0 \u00a0 \u00a0 \u00a0 \u00a0 \u00a0 \u00a0 \u00a0 \u00a0 \u00a0 \u00a0Maria Konopnicka<\/em><\/strong><\/p>\n<p><strong> <a href=\"http:\/\/info.sadowne.pl\/wp-content\/uploads\/2026\/01\/sad1468.jpg\"><img loading=\"lazy\" decoding=\"async\" class=\"aligncenter size-full wp-image-31155\" src=\"http:\/\/info.sadowne.pl\/wp-content\/uploads\/2026\/01\/sad1468.jpg\" alt=\"\" width=\"605\" height=\"359\" srcset=\"https:\/\/info.sadowne.pl\/wp-content\/uploads\/2026\/01\/sad1468.jpg 605w, https:\/\/info.sadowne.pl\/wp-content\/uploads\/2026\/01\/sad1468-300x178.jpg 300w\" sizes=\"auto, (max-width: 605px) 100vw, 605px\" \/><\/a><\/strong><\/p>\n<p>Po koncercie ksi\u0105dz proboszcz Antoni Kunicki podzi\u0119kowa\u0142 <em>Sadowiankom <\/em>za pi\u0119kny koncert oraz s\u0142owo wi\u0105\u017c\u0105ce do piosenek i historii naszej Ojczyzny. Zwr\u00f3ci\u0142 te\u017c uwag\u0119 na to, jak bardzo liczn\u0105 mieli\u015bmy publiczno\u015b\u0107,<\/p>\n<p>Wszystkie \u0142awki wype\u0142nione by\u0142y parafianami. Po podzi\u0119kowaniu ksi\u0105dz proboszcz zaprosi\u0142 wszystkich na cmentarz, gdzie wsp\u00f3lnie modlono si\u0119, a na pomniku bohater\u00f3w poleg\u0142ych w wojnie z\u0142o\u017cono wi\u0105zanki i zapalono znicze.<\/p>\n<p><a href=\"http:\/\/info.sadowne.pl\/wp-content\/uploads\/2026\/01\/sad1469.jpg\"><img loading=\"lazy\" decoding=\"async\" class=\"aligncenter size-full wp-image-31154\" src=\"http:\/\/info.sadowne.pl\/wp-content\/uploads\/2026\/01\/sad1469.jpg\" alt=\"\" width=\"607\" height=\"375\" srcset=\"https:\/\/info.sadowne.pl\/wp-content\/uploads\/2026\/01\/sad1469.jpg 607w, https:\/\/info.sadowne.pl\/wp-content\/uploads\/2026\/01\/sad1469-300x185.jpg 300w\" sizes=\"auto, (max-width: 607px) 100vw, 607px\" \/><\/a><\/p>\n<p><a href=\"http:\/\/info.sadowne.pl\/wp-content\/uploads\/2026\/01\/sad1470.jpg\"><img loading=\"lazy\" decoding=\"async\" class=\"aligncenter size-full wp-image-31156\" src=\"http:\/\/info.sadowne.pl\/wp-content\/uploads\/2026\/01\/sad1470.jpg\" alt=\"\" width=\"108\" height=\"114\" \/><\/a><\/p>\n<h3 style=\"text-align: center;\"><strong>SADOWNE<\/strong><\/h3>\n<h3 style=\"text-align: center;\"><strong>1 grudnia 2023 roku<\/strong><\/h3>\n<p><strong> <a href=\"http:\/\/info.sadowne.pl\/wp-content\/uploads\/2026\/01\/sad1471.jpg\"><img loading=\"lazy\" decoding=\"async\" class=\"aligncenter size-full wp-image-31157\" src=\"http:\/\/info.sadowne.pl\/wp-content\/uploads\/2026\/01\/sad1471.jpg\" alt=\"\" width=\"560\" height=\"101\" srcset=\"https:\/\/info.sadowne.pl\/wp-content\/uploads\/2026\/01\/sad1471.jpg 560w, https:\/\/info.sadowne.pl\/wp-content\/uploads\/2026\/01\/sad1471-300x54.jpg 300w\" sizes=\"auto, (max-width: 560px) 100vw, 560px\" \/><\/a><\/strong><\/p>\n<p>W pi\u0105tek 1 grudnia 2023 roku w parafii pod wezwaniem \u015awi\u0119tego Jana Chrzciciela odby\u0142a si\u0119 msza \u015bwi\u0119ta z racji obchod\u00f3w 193. rocznicy Powstania Listopadowego, a tak\u017ce 25-lecia Samorz\u0105du Wojew\u00f3dztwa Mazowieckiego.<\/p>\n<p>Przed rozpocz\u0119ciem uroczysto\u015bci zosta\u0142a od\u015bpiewana pie\u015b\u0144: ,,Bogurodzica\u201d. Nast\u0119pnie zostali przywitani wszyscy go\u015bcie:<\/p>\n<ul>\n<li>Bractwo Kurkowe na czele z Alfredem Robakiem,<\/li>\n<li>Marsza\u0142ek Wojew\u00f3dztwa Mazowieckiego El\u017cbieta Lanc,<\/li>\n<li>Wicestarosta W\u0119growski Marek Renik,<\/li>\n<li>W\u00f3jt Gminy Sadowne Waldemar Cyran,<\/li>\n<li>Bractwo Kurkowe Rzeczypospolitej z r\u00f3\u017cnych stron kraju,<\/li>\n<li>Wojsko Polskie na czele ze sztandarem 23. bazy lotnictwa technicznego z Mi\u0144ska Maz.<\/li>\n<li>oraz orkiestra z Siedlec, poczty sztandarowe z ochotniczych stra\u017cy po\u017carnych i my, czyli Zesp\u00f3\u0142 \u015apiewaczy <em>Sadowianki.<\/em><\/li>\n<\/ul>\n<p>Po kr\u00f3tkim powitaniu do \u015bwi\u0105tyni zosta\u0142y wprowadzone poczty sztandarowe, a nast\u0119pnie rozpocz\u0119\u0142a si\u0119 Eucharystia, kt\u00f3rej przewodniczy\u0142 bp Piotr Sawczuk, a koncelebrowa\u0142 msz\u0119 ks. kan. Stanis\u0142aw Wojciechowski oraz ks. proboszcz Antoni Kunicki. Ks. Biskup modli\u0142 si\u0119 w intencji zmar\u0142ych, poleg\u0142ych dla Ojczyzn\u0119 oraz wszystkich zgromadzonych.<\/p>\n<p>Po Eucharystii wszyscy przeszli na Plac Ko\u015bcielny, gdzie zosta\u0142 od\u015bpiewany Hymn Pa\u0144stwowy i g\u0142os zabra\u0142a p. El\u017cbieta Lanc oraz p. Waldemar Cyran. Nast\u0119pnie odby\u0142 si\u0119 apel pami\u0119ci, kt\u00f3ry odczyta\u0142 porucznik Kamil Pisarek, a pod pomnikiem b\u0142. Kardyna\u0142a Wyszy\u0144skiego i pod pomnikiem Tadeusza Ko\u015bciuszki z\u0142o\u017cono wie\u0144ce.<\/p>\n<p><a href=\"http:\/\/info.sadowne.pl\/wp-content\/uploads\/2026\/01\/sad1472.jpg\"><img loading=\"lazy\" decoding=\"async\" class=\"aligncenter size-full wp-image-31158\" src=\"http:\/\/info.sadowne.pl\/wp-content\/uploads\/2026\/01\/sad1472.jpg\" alt=\"\" width=\"607\" height=\"456\" srcset=\"https:\/\/info.sadowne.pl\/wp-content\/uploads\/2026\/01\/sad1472.jpg 607w, https:\/\/info.sadowne.pl\/wp-content\/uploads\/2026\/01\/sad1472-300x225.jpg 300w\" sizes=\"auto, (max-width: 607px) 100vw, 607px\" \/><\/a><\/p>\n<p>Ostatni\u0105 cz\u0119\u015bci\u0105 tych uroczysto\u015bci by\u0142 przemarsz na cmentarz parafialny, na kt\u00f3rym r\u00f3wnie\u017c zosta\u0142y z\u0142o\u017cone wie\u0144ce pod pomnikami: kpt Kajetana Woli\u0144skiego, poleg\u0142ych polskich \u017co\u0142nierzy w 1939 roku oraz zmar\u0142ego brata kurkowego Szymona Niegowskiego.<\/p>\n<p><a href=\"http:\/\/info.sadowne.pl\/wp-content\/uploads\/2026\/01\/sad1473.jpg\"><img loading=\"lazy\" decoding=\"async\" class=\"aligncenter size-full wp-image-31159\" src=\"http:\/\/info.sadowne.pl\/wp-content\/uploads\/2026\/01\/sad1473.jpg\" alt=\"\" width=\"606\" height=\"444\" srcset=\"https:\/\/info.sadowne.pl\/wp-content\/uploads\/2026\/01\/sad1473.jpg 606w, https:\/\/info.sadowne.pl\/wp-content\/uploads\/2026\/01\/sad1473-300x220.jpg 300w\" sizes=\"auto, (max-width: 606px) 100vw, 606px\" \/><\/a><\/p>\n<p style=\"text-align: center;\">Pami\u0105tkowe zdj\u0119cie w ko\u015bciele<\/p>\n<p>A potem wyjazd do Oci\u0119tego.<\/p>\n<p><a href=\"http:\/\/info.sadowne.pl\/wp-content\/uploads\/2026\/01\/sad1474.jpg\"><img loading=\"lazy\" decoding=\"async\" class=\"aligncenter size-full wp-image-31160\" src=\"http:\/\/info.sadowne.pl\/wp-content\/uploads\/2026\/01\/sad1474.jpg\" alt=\"\" width=\"605\" height=\"123\" srcset=\"https:\/\/info.sadowne.pl\/wp-content\/uploads\/2026\/01\/sad1474.jpg 605w, https:\/\/info.sadowne.pl\/wp-content\/uploads\/2026\/01\/sad1474-300x61.jpg 300w\" sizes=\"auto, (max-width: 605px) 100vw, 605px\" \/><\/a><\/p>\n<p>Ostatnim punktem spotkania by\u0142a Wieczornica Patriotyczna w Ostoi Dworskiej w Oci\u0119tem u Alfreda Robaka.<\/p>\n<p>Gwiazdy Wieczoru: Kate D\u0105browska &#8211; wokalistka i piosenkarka rozrywkowa, Anna Maria Adamiak &#8211; aktorka i \u015bpiewaczka operowa, operetkowa i musicalowa, Zesp\u00f3\u0142 Ta\u0144ca Historycznego, Zesp\u00f3\u0142 \u015apiewaczy <em>Sadowianki<\/em>.<\/p>\n<p style=\"text-align: center;\"><a href=\"http:\/\/info.sadowne.pl\/wp-content\/uploads\/2026\/01\/sad1475.jpg\"><img loading=\"lazy\" decoding=\"async\" class=\"aligncenter size-full wp-image-31161\" src=\"http:\/\/info.sadowne.pl\/wp-content\/uploads\/2026\/01\/sad1475.jpg\" alt=\"\" width=\"212\" height=\"265\" \/><\/a><\/p>\n<p style=\"text-align: center;\">Pani Anna Maria Adamiak<\/p>\n<p><a href=\"http:\/\/info.sadowne.pl\/wp-content\/uploads\/2026\/01\/sad1476.jpg\"><img loading=\"lazy\" decoding=\"async\" class=\"aligncenter size-full wp-image-31162\" src=\"http:\/\/info.sadowne.pl\/wp-content\/uploads\/2026\/01\/sad1476.jpg\" alt=\"\" width=\"608\" height=\"163\" srcset=\"https:\/\/info.sadowne.pl\/wp-content\/uploads\/2026\/01\/sad1476.jpg 608w, https:\/\/info.sadowne.pl\/wp-content\/uploads\/2026\/01\/sad1476-300x80.jpg 300w\" sizes=\"auto, (max-width: 608px) 100vw, 608px\" \/><\/a><\/p>\n<p style=\"text-align: center;\">Sadowianki<\/p>\n<p><em>Sadowianki <\/em>wyst\u0105pi\u0142y na zako\u0144czenie swojego pobytu\u00a0 w Ostoi Dworskiej z tym samym repertuarem, kt\u00f3ry przedstawi\u0142y w ko\u015bciele 11 listopada po mszy \u015bwi\u0119tej.<\/p>\n<p>Dalej ju\u017c tylko trwa\u0142a Biesiada Andrzejkowa cz\u0142onk\u00f3w Bractwa Kurkowego. Rozpocz\u0105\u0142 j\u0105 Polonez w wykonaniu Zespo\u0142u Ta\u0144ca Historycznego.<\/p>\n<h3 style=\"text-align: center;\"><strong>SADOWNE <\/strong><\/h3>\n<h3 style=\"text-align: center;\"><strong>10 grudnia 2023 roku<\/strong><\/h3>\n<p><strong> <a href=\"http:\/\/info.sadowne.pl\/wp-content\/uploads\/2026\/01\/sad1477.jpg\"><img loading=\"lazy\" decoding=\"async\" class=\"aligncenter size-full wp-image-31163\" src=\"http:\/\/info.sadowne.pl\/wp-content\/uploads\/2026\/01\/sad1477.jpg\" alt=\"\" width=\"528\" height=\"663\" srcset=\"https:\/\/info.sadowne.pl\/wp-content\/uploads\/2026\/01\/sad1477.jpg 528w, https:\/\/info.sadowne.pl\/wp-content\/uploads\/2026\/01\/sad1477-239x300.jpg 239w\" sizes=\"auto, (max-width: 528px) 100vw, 528px\" \/><\/a><\/strong><\/p>\n<p>10 grudnia 2023 r. w hali sportowej w Sadownem odby\u0142o si\u0119 spotkanie wigilijne pn.:<\/p>\n<h3 style=\"text-align: center;\"><span style=\"color: #ff0000;\"><strong>,,<em>Wszyscy razem przy wigilijnym stole\u201d<\/em><\/strong><\/span><\/h3>\n<p>Wydarzenie organizowane przez Gminny O\u015brodek Kultury w Sadownem, W\u00f3jta Gminy Sadowne Waldemara Cyrana w partnerstwie z Samorz\u0105dem Wojew\u00f3dztwa Mazowieckiego. W organizacj\u0119 ca\u0142ego przedsi\u0119wzi\u0119cia w\u0142\u0105czy\u0142y si\u0119 Ko\u0142a Gospody\u0144 Wiejskich, GBP w Sadownem, Sadowe\u0144ski Klub Seniora, SP w Sadownem.<\/p>\n<p>Jak wida\u0107 na zaproszeniu og\u0142oszono tak\u017ce konkurs na najlepsz\u0105 potraw\u0119 wigilijn\u0105 i aran\u017cacj\u0119 sto\u0142u.<\/p>\n<p><a href=\"http:\/\/info.sadowne.pl\/wp-content\/uploads\/2026\/01\/sad1478.jpg\"><img loading=\"lazy\" decoding=\"async\" class=\"aligncenter size-full wp-image-31164\" src=\"http:\/\/info.sadowne.pl\/wp-content\/uploads\/2026\/01\/sad1478.jpg\" alt=\"\" width=\"608\" height=\"414\" srcset=\"https:\/\/info.sadowne.pl\/wp-content\/uploads\/2026\/01\/sad1478.jpg 608w, https:\/\/info.sadowne.pl\/wp-content\/uploads\/2026\/01\/sad1478-300x204.jpg 300w\" sizes=\"auto, (max-width: 608px) 100vw, 608px\" \/><\/a><\/p>\n<p>Oficjalnie wigili\u0119 \u015brodowiskow\u0105 rozpocz\u0105\u0142 w\u00f3jt gminy Sadowne p.Waldemar Cyran witaj\u0105c wszystkich przyby\u0142ych.<\/p>\n<p>Nast\u0119pnie zabra\u0142a g\u0142os p. Elzbieta Lanc &#8211; cz\u0142onek Zarz\u0105du Wojew\u00f3dztwa Mazowieckiego, reprezentuj\u0105ca partnera wydarzenia. W oficjalnym przywitaniu g\u0142os zabra\u0142 r\u00f3wnie\u017c p. Marek Renik &#8211; wicestarosta Powiatu W\u0119growskiego. Nast\u0119pnie ksi\u0105dz proboszcz Antoni Kunicki odm\u00f3wi\u0142 modlitw\u0119, po kt\u00f3rej wszyscy sk\u0142adali sobie \u017cyczenia.<\/p>\n<p>Po tej\u00a0 cz\u0119\u015bci na scen\u0119 wesz\u0142y ju\u017c tradycyjnie <em>Sadowianki <\/em>ze swoim monta\u017cem s\u0142owno-muzycznym pt.: ,,Male\u0144ka mi\u0142o\u015b\u0107\u201d. Uczestnicy spotkania z zainteresowaniem wys\u0142uchali pi\u0119knych bo\u017conarodzeniowych wierszy, a tak\u017ce wsp\u00f3lnie z zespo\u0142em \u015bpiewali kol\u0119dy. Po Sadowiankach wyst\u0105pi\u0142a p. Monika Doktorska r\u00f3wnie\u017c ze \u015bwi\u0105tecznym repertuarem.<\/p>\n<p><a href=\"http:\/\/info.sadowne.pl\/wp-content\/uploads\/2026\/01\/sad1479.jpg\"><img loading=\"lazy\" decoding=\"async\" class=\"aligncenter size-full wp-image-31165\" src=\"http:\/\/info.sadowne.pl\/wp-content\/uploads\/2026\/01\/sad1479.jpg\" alt=\"\" width=\"602\" height=\"325\" srcset=\"https:\/\/info.sadowne.pl\/wp-content\/uploads\/2026\/01\/sad1479.jpg 602w, https:\/\/info.sadowne.pl\/wp-content\/uploads\/2026\/01\/sad1479-300x162.jpg 300w\" sizes=\"auto, (max-width: 602px) 100vw, 602px\" \/><\/a><\/p>\n<p style=\"text-align: center;\">Sadowianki i Anio\u0142ki \u2013 mali aktorzy<\/p>\n<p><a href=\"http:\/\/info.sadowne.pl\/wp-content\/uploads\/2026\/01\/sad1480.jpg\"><img loading=\"lazy\" decoding=\"async\" class=\"aligncenter size-full wp-image-31166\" src=\"http:\/\/info.sadowne.pl\/wp-content\/uploads\/2026\/01\/sad1480.jpg\" alt=\"\" width=\"605\" height=\"346\" srcset=\"https:\/\/info.sadowne.pl\/wp-content\/uploads\/2026\/01\/sad1480.jpg 605w, https:\/\/info.sadowne.pl\/wp-content\/uploads\/2026\/01\/sad1480-300x172.jpg 300w\" sizes=\"auto, (max-width: 605px) 100vw, 605px\" \/><\/a><\/p>\n<p style=\"text-align: center;\">Sadowianki<\/p>\n<p><a href=\"http:\/\/info.sadowne.pl\/wp-content\/uploads\/2026\/01\/sad1481.jpg\"><img loading=\"lazy\" decoding=\"async\" class=\"aligncenter size-full wp-image-31167\" src=\"http:\/\/info.sadowne.pl\/wp-content\/uploads\/2026\/01\/sad1481.jpg\" alt=\"\" width=\"602\" height=\"307\" srcset=\"https:\/\/info.sadowne.pl\/wp-content\/uploads\/2026\/01\/sad1481.jpg 602w, https:\/\/info.sadowne.pl\/wp-content\/uploads\/2026\/01\/sad1481-300x153.jpg 300w\" sizes=\"auto, (max-width: 602px) 100vw, 602px\" \/><\/a><\/p>\n<p>Spotkanie wigilijne by\u0142o wspania\u0142\u0105 okazj\u0105 do podzielenia si\u0119 op\u0142atkiem, z\u0142o\u017cenia sobie \u017cycze\u0144, wsp\u00f3lnego \u015bpiewania<\/p>\n<p>i porozmawiania. Ka\u017cdy mia\u0142 te\u017c okazj\u0119 do skosztowania przyrz\u0105dzonych przez poszczeg\u00f3lne ko\u0142a gospody\u0144 pysznych i obfitych potraw oraz podziwiania pi\u0119knych aran\u017cacji wigilijnych sto\u0142\u00f3w.<\/p>\n<p style=\"text-align: center;\"><strong>Dzi\u0119kujemy organizatorom za zaproszenie.<\/strong><\/p>\n<p style=\"text-align: center;\"><strong>\u017byczymy, aby ten \u015bwi\u0105teczny czas i nastr\u00f3j nape\u0142ni\u0142 nasze serca pokojem <\/strong><strong>i mi\u0142o\u015bci\u0105.<\/strong><\/p>\n<p style=\"text-align: left;\"><strong><a href=\"http:\/\/info.sadowne.pl\/wp-content\/uploads\/2026\/01\/sad1482.jpg\"><img loading=\"lazy\" decoding=\"async\" class=\"aligncenter size-full wp-image-31168\" src=\"http:\/\/info.sadowne.pl\/wp-content\/uploads\/2026\/01\/sad1482.jpg\" alt=\"\" width=\"100\" height=\"107\" \/><\/a>\u0179r\u00f3d\u0142o: <\/strong>Sadowianki, Barbara Wr\u00f3bel, 2025<\/p>\n<p>&nbsp;<\/p>\n<p>&nbsp;<\/p>\n","protected":false},"excerpt":{"rendered":"<p>GRYGR\u00d3W &#8211; 8 pa\u017adziernika 2023 roku.<\/p>\n","protected":false},"author":1,"featured_media":0,"comment_status":"closed","ping_status":"closed","sticky":false,"template":"","format":"standard","meta":{"footnotes":""},"categories":[5,31,1202],"tags":[1218,101,960],"class_list":["post-31138","post","type-post","status-publish","format-standard","hentry","category-newsy","category-historia-gminy","category-zespol-spiewaczy-sadowianki","tag-barbara-wrobel","tag-historia-gminy-sadowne","tag-zespol-spiewaczy-sadowianki"],"views":363,"_links":{"self":[{"href":"https:\/\/info.sadowne.pl\/index.php?rest_route=\/wp\/v2\/posts\/31138","targetHints":{"allow":["GET"]}}],"collection":[{"href":"https:\/\/info.sadowne.pl\/index.php?rest_route=\/wp\/v2\/posts"}],"about":[{"href":"https:\/\/info.sadowne.pl\/index.php?rest_route=\/wp\/v2\/types\/post"}],"author":[{"embeddable":true,"href":"https:\/\/info.sadowne.pl\/index.php?rest_route=\/wp\/v2\/users\/1"}],"replies":[{"embeddable":true,"href":"https:\/\/info.sadowne.pl\/index.php?rest_route=%2Fwp%2Fv2%2Fcomments&post=31138"}],"version-history":[{"count":3,"href":"https:\/\/info.sadowne.pl\/index.php?rest_route=\/wp\/v2\/posts\/31138\/revisions"}],"predecessor-version":[{"id":31170,"href":"https:\/\/info.sadowne.pl\/index.php?rest_route=\/wp\/v2\/posts\/31138\/revisions\/31170"}],"wp:attachment":[{"href":"https:\/\/info.sadowne.pl\/index.php?rest_route=%2Fwp%2Fv2%2Fmedia&parent=31138"}],"wp:term":[{"taxonomy":"category","embeddable":true,"href":"https:\/\/info.sadowne.pl\/index.php?rest_route=%2Fwp%2Fv2%2Fcategories&post=31138"},{"taxonomy":"post_tag","embeddable":true,"href":"https:\/\/info.sadowne.pl\/index.php?rest_route=%2Fwp%2Fv2%2Ftags&post=31138"}],"curies":[{"name":"wp","href":"https:\/\/api.w.org\/{rel}","templated":true}]}}