{"id":31189,"date":"2026-01-23T18:28:48","date_gmt":"2026-01-23T17:28:48","guid":{"rendered":"http:\/\/info.sadowne.pl\/?p=31189"},"modified":"2026-01-23T18:28:48","modified_gmt":"2026-01-23T17:28:48","slug":"zauroczenie","status":"publish","type":"post","link":"https:\/\/info.sadowne.pl\/?p=31189","title":{"rendered":"&#8222;Zauroczenie&#8221;"},"content":{"rendered":"<p><a href=\"http:\/\/info.sadowne.pl\/wp-content\/uploads\/2026\/01\/2026.01.23.1.jpg\" target=\"_blank\" rel=\"noopener\"><img loading=\"lazy\" decoding=\"async\" class=\"alignleft wp-image-31190 size-thumbnail\" src=\"http:\/\/info.sadowne.pl\/wp-content\/uploads\/2026\/01\/2026.01.23.1-180x130.jpg\" alt=\"\" width=\"180\" height=\"130\" \/><\/a><\/p>\n<p><strong>Jeszcze jeden wiersz Wies\u0142awa Maliszewskiego.<\/strong><!--more--><\/p>\n<p>&nbsp;<\/p>\n<p>&nbsp;<\/p>\n<p>&nbsp;<\/p>\n<p>&nbsp;<\/p>\n<p>&nbsp;<\/p>\n<p style=\"text-align: center;\">\n<strong>Zauroczenie<\/strong><\/p>\n<p style=\"text-align: center;\"><em>\u00a0 \u00a0 \u00a0 \u00a0 \u00a0 \u00a0 \u00a0 \u00a0 \u00a0 \u00a0 \u00a0 \u00a0 \u00a0 \u00a0 \u00a0 \u00a0 \u00a0 Dedykuj\u0119 Heni, Hani, Paw\u0142owi i Krysi<\/em><\/p>\n<p style=\"text-align: center;\">1.<\/p>\n<p style=\"text-align: center;\">Ja nie mam<br \/>\ninnej drogi<br \/>\npr\u00f3cz tej w\u015br\u00f3d \u0142\u0105k;<br \/>\ntej bosej.<br \/>\nCo mi z Probostwa*<br \/>\nwieczorami<br \/>\nzapach ja\u015bminu przynosi.<\/p>\n<p style=\"text-align: center;\">A\u017c odurzony nim<br \/>\nnie wiem,<br \/>\ndok\u0105d mnie<br \/>\nzmys\u0142y zawiod\u0105,<br \/>\ngdy w noc t\u0119 pobiegn\u0119<br \/>\nprzed siebie<br \/>\n&#8211; ja dziecko &#8211;<br \/>\nMleczn\u0105 Drog\u0105.<\/p>\n<p style=\"text-align: center;\">2.<\/p>\n<p style=\"text-align: center;\">Ja nie znam<br \/>\ninnej zieleni<br \/>\npr\u00f3cz tej<br \/>\nod d\u0119bu i brzozy,<br \/>\nco barw\u0105<br \/>\nkarmi\u0105cej ziemi<br \/>\nnape\u0142nia me usta<br \/>\ni oczy.<\/p>\n<p style=\"text-align: center;\">A kiedy bu\u017cnie*<br \/>\n&#8211; doko\u0142a &#8211;<br \/>\n\u017cywio\u0142em wiosny wylewa,<br \/>\nto jask\u00f3\u0142czeje<br \/>\nw stodo\u0142ach<br \/>\ni s\u0142owiczej\u0105 ni\u0105<br \/>\ndrzewa.<\/p>\n<p style=\"text-align: center;\">3.<\/p>\n<p style=\"text-align: center;\">Ja nie pokocham brzasku<br \/>\ninnego ni\u017c m\u00f3j Jeglowy*,<br \/>\npowity<br \/>\nwe mgie\u0142 potrzasku,<br \/>\njak sen piskl\u0119cia<br \/>\nr\u00f3\u017cowy.<\/p>\n<p style=\"text-align: center;\">On,<br \/>\nledwie obmyty z nocy,<br \/>\ns\u0142onecznikowo zap\u0142onie.<br \/>\nGo\u015bci\u0144cem dnia<br \/>\nsi\u0119 potoczy,<br \/>\na\u017c w Pruskiej K\u0119pie*<br \/>\nutonie.<\/p>\n<p style=\"text-align: center;\">4.<\/p>\n<p style=\"text-align: center;\">Ja nie chc\u0119<br \/>\nrozumie\u0107 ju\u017c \u015bwiata<br \/>\ninnego ni\u017c m\u00f3j<br \/>\nnajbli\u017cszy.<br \/>\nOn wci\u0105\u017c mnie ocala, otacza.<br \/>\nWi\u0119c nie tak,<br \/>\n\u017cem sobie go wy\u015bni\u0142!\u2026<\/p>\n<p style=\"text-align: center;\">A gdyby<br \/>\nprzy\u015bni\u0142 si\u0119 tylko,<br \/>\nwszak dziecko<br \/>\nw duszy swej nosz\u0119,<br \/>\nto cho\u0107by z lito\u015bci milcz\u0105c,<br \/>\nze snu<br \/>\nnie bud\u017acie mnie,<br \/>\nprosz\u0119.<\/p>\n<p style=\"text-align: center;\"><em>\u00a0 \u00a0 \u00a0 \u00a0 \u00a0 \u00a0 \u00a0 \u00a0 \u00a0 \u00a0 \u00a0 \u00a0 \u00a0 \u00a0 \u00a0 \u00a0 \u00a0 \u00a0 \u00a0 \u00a0 Sadole\u015b-Sadowne, sierpie\u0144 2025 roku<\/em><\/p>\n<p style=\"text-align: left;\">* bu\u017cnie- Przys\u0142\u00f3wek od przymiotnika, okre\u015blaj\u0105cy wiosenne wylewy rzeki Bug, np.: bu\u017cna woda.<br \/>\n* Jeglowy- Przymiotnik od nazwy lasu i rezerwatu Mokry Jegiel.<br \/>\n* Pruska K\u0119pa \u2013 Dawna nazwa obecnej cz\u0119\u015bci wsi Sadowne.<br \/>\n* Probostwo \u2013 Potocznie u\u017cywane okre\u015blenie grunt\u00f3w Parafii Sadowne.<\/p>\n<p><strong>Foto:<\/strong> Wies\u0142aw Maliszewski<\/p>\n","protected":false},"excerpt":{"rendered":"<p>Jeszcze jeden wiersz Wies\u0142awa Maliszewskiego.<\/p>\n","protected":false},"author":1,"featured_media":0,"comment_status":"closed","ping_status":"closed","sticky":false,"template":"","format":"standard","meta":{"footnotes":""},"categories":[5,91,48,6,108],"tags":[3669,2730,4348,51],"class_list":["post-31189","post","type-post","status-publish","format-standard","hentry","category-newsy","category-gminny-osrodek-kultury","category-kacik-literacki","category-kultura-rozrywka-edukacja","category-okienko-poetyckie","tag-okienko-poetyckie","tag-poezja","tag-wiersz-zauroczenie","tag-wieslaw-maliszewski"],"views":313,"_links":{"self":[{"href":"https:\/\/info.sadowne.pl\/index.php?rest_route=\/wp\/v2\/posts\/31189","targetHints":{"allow":["GET"]}}],"collection":[{"href":"https:\/\/info.sadowne.pl\/index.php?rest_route=\/wp\/v2\/posts"}],"about":[{"href":"https:\/\/info.sadowne.pl\/index.php?rest_route=\/wp\/v2\/types\/post"}],"author":[{"embeddable":true,"href":"https:\/\/info.sadowne.pl\/index.php?rest_route=\/wp\/v2\/users\/1"}],"replies":[{"embeddable":true,"href":"https:\/\/info.sadowne.pl\/index.php?rest_route=%2Fwp%2Fv2%2Fcomments&post=31189"}],"version-history":[{"count":5,"href":"https:\/\/info.sadowne.pl\/index.php?rest_route=\/wp\/v2\/posts\/31189\/revisions"}],"predecessor-version":[{"id":31195,"href":"https:\/\/info.sadowne.pl\/index.php?rest_route=\/wp\/v2\/posts\/31189\/revisions\/31195"}],"wp:attachment":[{"href":"https:\/\/info.sadowne.pl\/index.php?rest_route=%2Fwp%2Fv2%2Fmedia&parent=31189"}],"wp:term":[{"taxonomy":"category","embeddable":true,"href":"https:\/\/info.sadowne.pl\/index.php?rest_route=%2Fwp%2Fv2%2Fcategories&post=31189"},{"taxonomy":"post_tag","embeddable":true,"href":"https:\/\/info.sadowne.pl\/index.php?rest_route=%2Fwp%2Fv2%2Ftags&post=31189"}],"curies":[{"name":"wp","href":"https:\/\/api.w.org\/{rel}","templated":true}]}}