{"id":31203,"date":"2026-01-30T15:54:06","date_gmt":"2026-01-30T14:54:06","guid":{"rendered":"http:\/\/info.sadowne.pl\/?p=31203"},"modified":"2026-01-30T15:54:06","modified_gmt":"2026-01-30T14:54:06","slug":"w-naszym-okienku-poetyckim-s-gradzki","status":"publish","type":"post","link":"https:\/\/info.sadowne.pl\/?p=31203","title":{"rendered":"W naszym okienku poetyckim S. Gr\u0105dzki"},"content":{"rendered":"<p><a href=\"http:\/\/info.sadowne.pl\/wp-content\/uploads\/2026\/01\/2026.01.30.5.jpg\" target=\"_blank\" rel=\"noopener\"><img loading=\"lazy\" decoding=\"async\" class=\"alignleft wp-image-31204 size-thumbnail\" src=\"http:\/\/info.sadowne.pl\/wp-content\/uploads\/2026\/01\/2026.01.30.5-180x130.jpg\" alt=\"\" width=\"180\" height=\"130\" \/><\/a><\/p>\n<p><strong>Rozpoczynamy publikacj\u0119 wierszy autorstwa Stanis\u0142awa Gr\u0105dzkiego. Jako pierwszy wiersz pt. \u201eB\u0142\u0119kitnienie\u201d.<\/strong><!--more--><\/p>\n<p><strong>S\u0142owo o autorze wierszy:<\/strong><\/p>\n<p>Stanis\u0142aw Gr\u0105dzki urodzi\u0142 si\u0119 12 maja 1956 roku w Stoczku W\u0119growskim. Tam te\u017c sp\u0119dzi\u0142 dzieci\u0144stwo. Od 1970 roku, po chwil\u0119 obecn\u0105, jest mieszka\u0144cem \u0141ochowa. By\u0142 Naczelnikiem i W\u00f3jtem Gminy Stoczek, Burmistrzem Miasta W\u0119growa, Prezesem Zarz\u0105du Fabryki Maszyn Budowlanych Bumar-Proma.<\/p>\n<p>Jednak zawsze w wolnych chwilach zajmowa\u0142 si\u0119 tw\u00f3rczo\u015bci\u0105 literack\u0105. St\u0105d te\u017c jest nie tylko autorem kilku tomik\u00f3w wierszy, ale te\u017c wydawnictw takich jak: \u201eW\u0119gr\u00f3w &#8211; przesz\u0142o\u015b\u0107 i przysz\u0142o\u015b\u0107 miasta\u201d (1998 r.); \u201e\u0141och\u00f3w \u2013 Rody szlacheckie\u201d (2015 r.). Jego debiut poetycki wydarzy\u0142 si\u0119 w 1993 roku, na \u0142amach \u201eGazety Mazowiecko-Podlaskiej\u201d. Natomiast najwi\u0119cej wierszy napisa\u0142 i opublikowa\u0142 w tomikach 2010 -2015. To z tego okresu pochodz\u0105 zbiorki : \u201eW serca odbiciu\u201d, \u201eCzy pami\u0119tasz?\u201d, \u201eSGraffito\u201d.<\/p>\n<p>Przez wiele lat by\u0142 Prezesem Towarzystwa Przyjaci\u00f3\u0142 Ziemi \u0141ochowskiej. Publikowa\u0142 wsp\u00f3lnie z Grup\u0105 Poetyck\u0105 IWA, kt\u00f3ra swoje zal\u0105\u017cki ma w TPZ\u0141. St\u0105d te\u017c jest wsp\u00f3\u0142redaktorem wydania antologii Grupy Poetyckiej IWA o tytule \u201e Pod rodzinnym niebem\u201d (2011 r.). W zasadzie by\u0142 redaktorem naczelnym tego wydania antologii.<\/p>\n<p>Zach\u0119cam do zagl\u0105dania do okienka poetyckiego Info Sadowne przez kolejne kilkana\u015bcie pi\u0105tk\u00f3w, by pozna\u0107 tw\u00f3rczo\u015b\u0107, ale te\u017c i samego Stanis\u0142awa Gr\u0105dzkiego.<\/p>\n<p>Ch\u0119tni na ewentualny zakup tomik\u00f3w wierszy, mog\u0105 pisa\u0107 do mnie na adres : <a href=\"mailto:malwisz@wp.pl\" target=\"_blank\" rel=\"noopener\">malwisz@wp.pl<\/a> lub adres redakcji Info Sadowne.<\/p>\n<p><strong>\u00a0 \u00a0 \u00a0 \u00a0 \u00a0 \u00a0 \u00a0 \u00a0 \u00a0 \u00a0 \u017bycz\u0119 mi\u0142ej lektury<\/strong><\/p>\n<p><strong>\u00a0 \u00a0 \u00a0 \u00a0 \u00a0 \u00a0 \u00a0 \u00a0 \u00a0 \u00a0 Wies\u0142aw Maliszewski<\/strong><\/p>\n<p style=\"text-align: center;\"><strong>B\u0142\u0119kitnienie<\/strong><\/p>\n<p style=\"text-align: center;\">\nNa skraju b\u0142\u0119kitnego \u015bwitu<\/p>\n<p style=\"text-align: center;\">b\u0142\u0119kitny cie\u0144 \u2013 zwiastun wolno\u015bci &#8211;<\/p>\n<p style=\"text-align: center;\">pisze wiersze do b\u0142\u0119kitnego zeszytu,<\/p>\n<p style=\"text-align: center;\">wiersze o b\u0142\u0119kitnej mi\u0142o\u015bci.<\/p>\n<p style=\"text-align: center;\">\n<p style=\"text-align: center;\">A ja, b\u0142\u0119kitem spowity, wchodz\u0119 do rzeki<\/p>\n<p style=\"text-align: center;\">i p\u0142ywam w b\u0142\u0119kitnej toni,<\/p>\n<p style=\"text-align: center;\">szukaj\u0105c w b\u0142\u0119kitnych odm\u0119tach opieki<\/p>\n<p style=\"text-align: center;\">dla b\u0142\u0119kitnej przysz\u0142o\u015bci wyrysowanej na d\u0142oni.<\/p>\n<p style=\"text-align: center;\">\n<p style=\"text-align: center;\">Po b\u0142\u0119kitnej wst\u0119dze wody<\/p>\n<p style=\"text-align: center;\">sz\u0142y obok siebie<\/p>\n<p style=\"text-align: center;\">b\u0142\u0119kitny dzie\u0144,<\/p>\n<p style=\"text-align: center;\">b\u0142\u0119kitny cie\u0144,<\/p>\n<p style=\"text-align: center;\">b\u0142\u0119kitna mi\u0142o\u015b\u0107,<\/p>\n<p style=\"text-align: center;\">b\u0142\u0119kitna przysz\u0142o\u015b\u0107.<\/p>\n<p style=\"text-align: center;\">\n<p style=\"text-align: center;\">I \u015bpiewa\u0142y Liwca b\u0142\u0119kitne wody,<\/p>\n<p style=\"text-align: center;\">i gra\u0142y palce s\u0142o\u0144ca na b\u0142\u0119kitnym niebie\u2026<\/p>\n<p style=\"text-align: center;\">\n<p style=\"text-align: center;\">\u00a0\u00a0\u00a0\u00a0\u00a0\u00a0\u00a0\u00a0\u00a0\u00a0\u00a0\u00a0\u00a0\u00a0 (SGraffito-2011)<\/p>\n","protected":false},"excerpt":{"rendered":"<p>Rozpoczynamy publikacj\u0119 wierszy autorstwa Stanis\u0142awa Gr\u0105dzkiego. Jako pierwszy wiersz pt. \u201eB\u0142\u0119kitnienie\u201d.<\/p>\n","protected":false},"author":1,"featured_media":0,"comment_status":"closed","ping_status":"closed","sticky":false,"template":"","format":"standard","meta":{"footnotes":""},"categories":[5,48,6,108],"tags":[3669,4349,4350,51],"class_list":["post-31203","post","type-post","status-publish","format-standard","hentry","category-newsy","category-kacik-literacki","category-kultura-rozrywka-edukacja","category-okienko-poetyckie","tag-okienko-poetyckie","tag-stanislaw-gradzki","tag-wiersz-blekitnienie","tag-wieslaw-maliszewski"],"views":297,"_links":{"self":[{"href":"https:\/\/info.sadowne.pl\/index.php?rest_route=\/wp\/v2\/posts\/31203","targetHints":{"allow":["GET"]}}],"collection":[{"href":"https:\/\/info.sadowne.pl\/index.php?rest_route=\/wp\/v2\/posts"}],"about":[{"href":"https:\/\/info.sadowne.pl\/index.php?rest_route=\/wp\/v2\/types\/post"}],"author":[{"embeddable":true,"href":"https:\/\/info.sadowne.pl\/index.php?rest_route=\/wp\/v2\/users\/1"}],"replies":[{"embeddable":true,"href":"https:\/\/info.sadowne.pl\/index.php?rest_route=%2Fwp%2Fv2%2Fcomments&post=31203"}],"version-history":[{"count":1,"href":"https:\/\/info.sadowne.pl\/index.php?rest_route=\/wp\/v2\/posts\/31203\/revisions"}],"predecessor-version":[{"id":31205,"href":"https:\/\/info.sadowne.pl\/index.php?rest_route=\/wp\/v2\/posts\/31203\/revisions\/31205"}],"wp:attachment":[{"href":"https:\/\/info.sadowne.pl\/index.php?rest_route=%2Fwp%2Fv2%2Fmedia&parent=31203"}],"wp:term":[{"taxonomy":"category","embeddable":true,"href":"https:\/\/info.sadowne.pl\/index.php?rest_route=%2Fwp%2Fv2%2Fcategories&post=31203"},{"taxonomy":"post_tag","embeddable":true,"href":"https:\/\/info.sadowne.pl\/index.php?rest_route=%2Fwp%2Fv2%2Ftags&post=31203"}],"curies":[{"name":"wp","href":"https:\/\/api.w.org\/{rel}","templated":true}]}}