{"id":31206,"date":"2026-01-30T16:10:43","date_gmt":"2026-01-30T15:10:43","guid":{"rendered":"http:\/\/info.sadowne.pl\/?p=31206"},"modified":"2026-01-30T16:13:35","modified_gmt":"2026-01-30T15:13:35","slug":"obchodzimy-70-lecie-ks-wicher","status":"publish","type":"post","link":"https:\/\/info.sadowne.pl\/?p=31206","title":{"rendered":"Obchodzimy 70-lecie KS \u201eWicher\u201d"},"content":{"rendered":"<p><strong><a href=\"http:\/\/info.sadowne.pl\/wp-content\/uploads\/2026\/01\/2026.01.30.4.jpg\" target=\"_blank\" rel=\"noopener\"><img loading=\"lazy\" decoding=\"async\" class=\"alignleft wp-image-31209 size-thumbnail\" src=\"http:\/\/info.sadowne.pl\/wp-content\/uploads\/2026\/01\/2026.01.30.4-180x130.jpg\" alt=\"\" width=\"180\" height=\"130\" \/><\/a>W ramach obchod\u00f3w 70-lecia Klubu Sportowego \u201eWicher\u201d Sadowne 7 lutego br. odb\u0119dzie si\u0119 BAL SPORTOWCA. Mamy wi\u0119c jeszcze chwil\u0119 na troch\u0119 wspomnie\u0144.<\/strong><!--more--><\/p>\n<p>Jakie by\u0142y pocz\u0105tki naszej \u015bredniej szko\u0142y? Jakie by\u0142y pocz\u0105tki pracy w naszej szkole prof. Mieczys\u0142awa Chmielewskiego? Jakie by\u0142y pocz\u0105tki \u201eWichra\u201d? Ciekawe pytania, na kt\u00f3re odpowiedzi \u0142\u0105cz\u0105 si\u0119 w jedn\u0105 histori\u0119 \u2013 sadowie\u0144skiego sportu.<\/p>\n<p>No c\u00f3\u017c, dzi\u0119ki posiadanej wiedzy i uporczywo\u015bci w jej pog\u0142\u0119bianiu przez znanego wszystkim Pana Ryszarda z Klubu Sportowego \u201eWicher\u201d, mo\u017cemy teraz, cho\u0107 w skr\u00f3conej formie, powr\u00f3ci\u0107 do ciekawych lat 60-tych, kt\u00f3re zapisa\u0142y si\u0119 pozytywnie w historii sadowie\u0144skiego sportu zorganizowan\u0105 tu po raz pierwszy szkoln\u0105 spartakiad\u0105.<\/p>\n<p>Opis \u00f3wczesnych wydarze\u0144 znajduje si\u0119 na stronie internetowej Pana \u0141ukasza Ryga\u0142o p.n. dawny powiat wo\u0142omi\u0144ski. S\u0105 to dwa artyku\u0142y ze zdj\u0119ciami, zacytujemy je w cz\u0119\u015bci, ale zapraszamy te\u017c do ich lektury u \u017ar\u00f3d\u0142a. Oto one:<\/p>\n<p><strong><em>Mecz Wicher \u2013 B\u0142\u0119kitni -7 czerwca 1964<\/em><\/strong><\/p>\n<p><em>Na p\u0142ycie boiska ustawiaj\u0105 si\u0119 dru\u017cyny. Kapitanowie wymieniaj\u0105 pozdrowienia. Wyst\u0119puje poczet sztandarowy.<\/em><\/p>\n<p><em>\u2014 Baczno\u015b\u0107! Na prawo patrz!<\/em><\/p>\n<p><em><a href=\"http:\/\/info.sadowne.pl\/wp-content\/uploads\/2026\/01\/2026.01.30.2.jpg\" target=\"_blank\" rel=\"noopener\"><img loading=\"lazy\" decoding=\"async\" class=\"alignright wp-image-31210 size-medium\" src=\"http:\/\/info.sadowne.pl\/wp-content\/uploads\/2026\/01\/2026.01.30.2-300x211.jpg\" alt=\"\" width=\"300\" height=\"211\" srcset=\"https:\/\/info.sadowne.pl\/wp-content\/uploads\/2026\/01\/2026.01.30.2-300x211.jpg 300w, https:\/\/info.sadowne.pl\/wp-content\/uploads\/2026\/01\/2026.01.30.2-768x541.jpg 768w, https:\/\/info.sadowne.pl\/wp-content\/uploads\/2026\/01\/2026.01.30.2.jpg 853w\" sizes=\"auto, (max-width: 300px) 100vw, 300px\" \/><\/a>Przy d\u017awi\u0119kach fanfar oszczepniczka Pilewnicka w asy\u015bcie koleg\u00f3w Ziemskiego i Mali\u0144skiego wci\u0105ga flag\u0119 na maszt.<\/em><\/p>\n<p><em>\u2014 Zawody uwa\u017cam za otwarte \u2014 m\u00f3wi G\u0141\u00d3WNY ORGANIZATOR. Za chwil\u0119 pada strza\u0142 startera. Rozpocz\u0105\u0142 si\u0119 mecz. Pierwsza konkurencja \u2014 100 m kobiet, Wygrywa Ewa Rakowska, W\u015br\u00f3d m\u0119\u017cczyzn najszybszy na setk\u0119 jest Jerzy Zieli\u0144ski.<\/em><\/p>\n<p><em>W tym: miejscu wyja\u015bnienie. Nie szukajcie wymienionych nazwisk na listach mistrz\u00f3w i rekordzist\u00f3w Polski. Przynajmniej nie teraz, chocia\u017c p\u00f3\u017aniej, za kilka lat, kto wie\u2026<\/em><\/p>\n<p><em>Start! Starter stoi przy tablicy, na kt\u00f3rej uka\u017ce si\u0119 dymek z pistoletu. Rzecz praktykowana na wi\u0119kszych zawodach i w\u2026 Sadownem.<\/em><\/p>\n<p><em>Przy takiej oprawie, godnej wielkich imprez sportowych, wystartowano do 1 rundy Og\u00f3lnopolskiej Szkolnej Ligi o Puchar \u201eSportowca\u201d w male\u0144kim Sadownem. Walcz\u0105 MKS \u201eBi\u0119kitni\u201d Wo\u0142omin i miejscowy MKS \u201eWicher\u201d. W biegach przewag\u0119 maj\u0105 lekkoatleci \u201eB\u0142\u0119kitnych\u201d. Gospodarze rewan\u017cuj\u0105 si\u0119 w skoku wzwy\u017c i rzutach. Jak zwykle w takich wypadkach zachodz\u0105 nieprzewidziane przeszkody. Kto\u015b z s\u0105siedniej wsi sp\u00f3\u017ani\u0142 si\u0119 na autobus i nie przyjecha\u0142. Nie ma kilku ch\u0142opc\u00f3w z \u0141ochowa (bior\u0105 udzia\u0142 w uroczysto\u015bci otwarcia szko\u0142y 1000-Iecia), trzeba w ostatniej chwili szuka\u0107 zast\u0119pc\u00f3w, szybko przeliczy\u0107 jakie przesuni\u0119cia punktowo op\u0142ac\u0105 si\u0119 najlepiej. Wa\u017cne jest nie tylko zwyci\u0119stwo nad przeciwnikiem, ale przede wszystkim og\u00f3lna ilo\u015b\u0107 punkt\u00f3w. Trwa wi\u0119c nieust\u0119pliwa walka o jak najlepszy wynik, ale powoli zarysowuje si\u0119 lekka przewaga Wo\u0142omina. Prof, CHWEDORUK \u015bwietnie przygotowa\u0142 zesp\u00f3\u0142.<\/em><\/p>\n<p><em>Oddalmy si\u0119 na chwil\u0119 od tego, co dzieje si\u0119 na boisku, aby pos\u0142ucha\u0107 ciekawych rzeczy o Sadownem.<\/em><\/p>\n<p><em>Sadowne \u2014 to po prostu wioska. Kilkuset mieszka\u0144c\u00f3w, jedna szko\u0142a. W miejscu, gdzie dzi\u015b znajduje si\u0119 \u015bliczny stadionik, im. Janusza Kusoci\u0144skiego, kilka lat temu by\u0142y lotne piaski. Postawiono szko\u0142\u0119, ale nie pomy\u015blano o boisku. A mo\u017ce i pomy\u015blano, tylko z wykonaniem by\u0142o troch\u0119 gorzej. Dzi\u015b, wspomina si\u0119 tamie dni i dziwi, jak to mog\u0142o by\u0107 tak bez boiska. Przed kilku laty dzi\u0119ki spo\u0142ecznej inicjatywie mieszka\u0144c\u00f3w, a przede wszystkim m\u0142odzie\u017cy szkolnej i nauczycieli, powsta\u0142 obiekt sportowy z prawdziwego zdarzenia. Miejscowa i okoliczna m\u0142odzie\u017c ma wreszcie gdzie \u0107wiczy\u0107 i startowa\u0107.<\/em><\/p>\n<p><em>4 lat pracuje w tutejszej szkole nauczyciel wf MIECZYS\u0141AW CHMIELEWSKI. Je\u015bli \u201eWicher\u201d w og\u00f3lnej klasyfikacji znalaz\u0142 si\u0119 w roku ubieg\u0142ym w\u015br\u00f3d 20 najlepszych MKS w Polsce, to w g\u0142\u00f3wnej mierze jego zas\u0142uga. A przecie\u017c zesp\u00f3\u0142 nie ma w swych szeregach wybitnych indywidualno\u015bci. Jego si\u0142\u0105 jest wyr\u00f3wnany poziom we wszystkich konkurencjach. Pos\u0142uchajmy co m\u00f3wi on o swojej pracy.<\/em><\/p>\n<p><strong>Wi\u0119cej na stronie <span style=\"color: #0000ff;\"><a style=\"color: #0000ff;\" href=\"https:\/\/dawny.pl\/mecz-wicher-blekitni\/\" target=\"_blank\" rel=\"noopener\">https:\/\/dawny.pl\/mecz-wicher-blekitni\/<\/a><\/span><\/strong><\/p>\n<p><strong><em>Zawody w Sadownem <\/em><\/strong><\/p>\n<p><em><a href=\"http:\/\/info.sadowne.pl\/wp-content\/uploads\/2026\/01\/2026.01.30.3.jpg\" target=\"_blank\" rel=\"noopener\"><img loading=\"lazy\" decoding=\"async\" class=\"alignright wp-image-31211 size-medium\" src=\"http:\/\/info.sadowne.pl\/wp-content\/uploads\/2026\/01\/2026.01.30.3-300x208.jpg\" alt=\"\" width=\"300\" height=\"208\" srcset=\"https:\/\/info.sadowne.pl\/wp-content\/uploads\/2026\/01\/2026.01.30.3-300x208.jpg 300w, https:\/\/info.sadowne.pl\/wp-content\/uploads\/2026\/01\/2026.01.30.3-768x534.jpg 768w, https:\/\/info.sadowne.pl\/wp-content\/uploads\/2026\/01\/2026.01.30.3.jpg 855w\" sizes=\"auto, (max-width: 300px) 100vw, 300px\" \/><\/a>W Kronice (Kronika I LO w Wo\u0142ominie, rok 1964) jest wklejone sprawozdanie ze Sportowca, z zawod\u00f3w, kt\u00f3re odby\u0142y si\u0119 w Sadownem 7 czerwca 1964 roku. Walczy\u0142y ze sob\u0105 MKS \u201cB\u0142\u0119kitni\u201d i MKS \u201cWicher\u201d Sadowne. Poniewa\u017c w sk\u0142ad MKS \u201cB\u0142\u0119kitni\u201d wchodz\u0105 g\u0142\u00f3wnie nasi uczniowie, wi\u0119c dlatego mecz ten bli\u017cej nas interesuje. <\/em><\/p>\n<p><strong>Wi\u0119cej\u00a0 na stronie <a href=\"https:\/\/dawny.pl\/zawody-w-sadownem\/\">https:\/\/dawny.pl\/zawody-w-sadownem\/<\/a><\/strong><\/p>\n<p><strong>I uwaga, by\u0107 mo\u017ce wkr\u00f3tce uda si\u0119 nam opublikowa\u0107 wi\u0119cej materia\u0142\u00f3w z historii Klubu Sportowego \u201eWICHER\u201d Sadowne, ale to\u2026 wkr\u00f3tce. <\/strong><\/p>\n<p><strong>Teraz&#8230; bal \u2013 \u017cycz\u0119 przyjemnej zabawy jego uczestnikom i zawodnikom Klubu &#8211; \u201eWicher to My\u201d.<\/strong><\/p>\n<p><strong>Tekst:<\/strong> S\u0142awek Chyli\u0144ski<\/p>\n<p><strong>\u0179r\u00f3d\u0142o\/Foto:<\/strong> <span style=\"color: #0000ff;\"><strong><a style=\"color: #0000ff;\" href=\"https:\/\/dawny.pl\/\" target=\"_blank\" rel=\"noopener\">https:\/\/dawny.pl\/<\/a><\/strong><\/span><\/p>\n","protected":false},"excerpt":{"rendered":"<p>W ramach obchod\u00f3w 70-lecia Klubu Sportowego \u201eWicher\u201d Sadowne 7 lutego br. odb\u0119dzie si\u0119 BAL SPORTOWCA. Mamy wi\u0119c jeszcze chwil\u0119 na troch\u0119 wspomnie\u0144.<\/p>\n","protected":false},"author":1,"featured_media":0,"comment_status":"closed","ping_status":"closed","sticky":false,"template":"","format":"standard","meta":{"footnotes":""},"categories":[5,2140,6,7],"tags":[4351,1242,1161,1558],"class_list":["post-31206","post","type-post","status-publish","format-standard","hentry","category-newsy","category-inne-ogloszenia-sport","category-kultura-rozrywka-edukacja","category-sport","tag-70-lat-ks-wicher-sadowne","tag-historia-liceum-ogolnoksztalcacego-w-sadownem","tag-klub-sportowy-wicher-sadowne","tag-mieczyslaw-chmielewski"],"views":552,"_links":{"self":[{"href":"https:\/\/info.sadowne.pl\/index.php?rest_route=\/wp\/v2\/posts\/31206","targetHints":{"allow":["GET"]}}],"collection":[{"href":"https:\/\/info.sadowne.pl\/index.php?rest_route=\/wp\/v2\/posts"}],"about":[{"href":"https:\/\/info.sadowne.pl\/index.php?rest_route=\/wp\/v2\/types\/post"}],"author":[{"embeddable":true,"href":"https:\/\/info.sadowne.pl\/index.php?rest_route=\/wp\/v2\/users\/1"}],"replies":[{"embeddable":true,"href":"https:\/\/info.sadowne.pl\/index.php?rest_route=%2Fwp%2Fv2%2Fcomments&post=31206"}],"version-history":[{"count":3,"href":"https:\/\/info.sadowne.pl\/index.php?rest_route=\/wp\/v2\/posts\/31206\/revisions"}],"predecessor-version":[{"id":31213,"href":"https:\/\/info.sadowne.pl\/index.php?rest_route=\/wp\/v2\/posts\/31206\/revisions\/31213"}],"wp:attachment":[{"href":"https:\/\/info.sadowne.pl\/index.php?rest_route=%2Fwp%2Fv2%2Fmedia&parent=31206"}],"wp:term":[{"taxonomy":"category","embeddable":true,"href":"https:\/\/info.sadowne.pl\/index.php?rest_route=%2Fwp%2Fv2%2Fcategories&post=31206"},{"taxonomy":"post_tag","embeddable":true,"href":"https:\/\/info.sadowne.pl\/index.php?rest_route=%2Fwp%2Fv2%2Ftags&post=31206"}],"curies":[{"name":"wp","href":"https:\/\/api.w.org\/{rel}","templated":true}]}}