{"id":31420,"date":"2026-03-06T14:30:44","date_gmt":"2026-03-06T13:30:44","guid":{"rendered":"http:\/\/info.sadowne.pl\/?p=31420"},"modified":"2026-03-06T14:30:44","modified_gmt":"2026-03-06T13:30:44","slug":"stanislaw-gradzki-wiersz","status":"publish","type":"post","link":"https:\/\/info.sadowne.pl\/?p=31420","title":{"rendered":"Stanis\u0142aw Gr\u0105dzki &#8211; wiersz"},"content":{"rendered":"<p><a href=\"http:\/\/info.sadowne.pl\/wp-content\/uploads\/2026\/03\/2026.03.06.1.jpg\" target=\"_blank\" rel=\"noopener\"><img loading=\"lazy\" decoding=\"async\" class=\"alignleft wp-image-31421 size-thumbnail\" src=\"http:\/\/info.sadowne.pl\/wp-content\/uploads\/2026\/03\/2026.03.06.1-180x130.jpg\" alt=\"\" width=\"180\" height=\"130\" \/><\/a><\/p>\n<p><strong>&#8222;Moja poezja&#8221;<\/strong><br \/>\n<!--more--><\/p>\n<p>&nbsp;<\/p>\n<p>&nbsp;<\/p>\n<p>&nbsp;<\/p>\n<p>&nbsp;<\/p>\n<p>&nbsp;<\/p>\n<p>Niekiedy szumi jak Liwiec w zamy\u015bleniu,<br \/>\nP\u0142yn\u0105c w \u015bwietle ksi\u0119\u017cyca po s\u0142owach piasku.<br \/>\nTo zn\u00f3w ol\u015bniona nadmiarem s\u0142o\u0144ca blasku<br \/>\nPrzemawia cisz\u0105 kwiat\u00f3w w zielonym p\u00f3\u0142cieniu<\/p>\n<p>Jest jak pochylone drzewo nad wodami zapomnienia.<br \/>\nKa\u017cdej nocy stawiam na nim klepsydry z kolorami<br \/>\nT\u0119czy. Mo\u017cna je dotkn\u0105\u0107, mo\u017cna przej\u015b\u0107 czasami<br \/>\nPo ga\u0142\u0119ziach sn\u00f3w na brzeg obudzenia.<\/p>\n<p>Wytykacie jej nadmiar wdzi\u0119cznego rymowania<br \/>\nNikt nie wspomina o z\u0142otych ziarnach brylowania,<br \/>\nZ kt\u00f3rych wyrastaj\u0105 rajskie, wonne kwiatki.<\/p>\n<p>R\u00f3\u017cni poeci za tym kwiatem gonili i goni\u0105,<br \/>\nAle Parnas jest wielki, a kwiat rajski rzadki.<br \/>\nUmieram powoli z t\u0119sknoty za woni\u0105\u2026<\/p>\n<p><em>\u00a0 \u00a0 \u00a0 \u00a0 \u00a0 \u00a0 \u00a0 \u00a0 \u00a0 \u00a0 \u00a0 \u00a0 \u00a0 \u00a0 \u00a0 \u00a0 \u00a0 \u00a0 \u00a0 \u00a0 Z tomiku \u201e Czy pami\u0119tasz?\u201d<\/em><\/p>\n<p>&nbsp;<\/p>\n<p><strong>Foto:<\/strong> Wies\u0142aw Maliszewski<\/p>\n","protected":false},"excerpt":{"rendered":"<p>&#8222;Moja poezja&#8221;<\/p>\n","protected":false},"author":1,"featured_media":0,"comment_status":"closed","ping_status":"closed","sticky":false,"template":"","format":"standard","meta":{"footnotes":""},"categories":[5,48,6,108],"tags":[2730,4349,4369,51],"class_list":["post-31420","post","type-post","status-publish","format-standard","hentry","category-newsy","category-kacik-literacki","category-kultura-rozrywka-edukacja","category-okienko-poetyckie","tag-poezja","tag-stanislaw-gradzki","tag-wiersz-moja-poezja","tag-wieslaw-maliszewski"],"views":221,"_links":{"self":[{"href":"https:\/\/info.sadowne.pl\/index.php?rest_route=\/wp\/v2\/posts\/31420","targetHints":{"allow":["GET"]}}],"collection":[{"href":"https:\/\/info.sadowne.pl\/index.php?rest_route=\/wp\/v2\/posts"}],"about":[{"href":"https:\/\/info.sadowne.pl\/index.php?rest_route=\/wp\/v2\/types\/post"}],"author":[{"embeddable":true,"href":"https:\/\/info.sadowne.pl\/index.php?rest_route=\/wp\/v2\/users\/1"}],"replies":[{"embeddable":true,"href":"https:\/\/info.sadowne.pl\/index.php?rest_route=%2Fwp%2Fv2%2Fcomments&post=31420"}],"version-history":[{"count":3,"href":"https:\/\/info.sadowne.pl\/index.php?rest_route=\/wp\/v2\/posts\/31420\/revisions"}],"predecessor-version":[{"id":31424,"href":"https:\/\/info.sadowne.pl\/index.php?rest_route=\/wp\/v2\/posts\/31420\/revisions\/31424"}],"wp:attachment":[{"href":"https:\/\/info.sadowne.pl\/index.php?rest_route=%2Fwp%2Fv2%2Fmedia&parent=31420"}],"wp:term":[{"taxonomy":"category","embeddable":true,"href":"https:\/\/info.sadowne.pl\/index.php?rest_route=%2Fwp%2Fv2%2Fcategories&post=31420"},{"taxonomy":"post_tag","embeddable":true,"href":"https:\/\/info.sadowne.pl\/index.php?rest_route=%2Fwp%2Fv2%2Ftags&post=31420"}],"curies":[{"name":"wp","href":"https:\/\/api.w.org\/{rel}","templated":true}]}}