{"id":31426,"date":"2026-03-08T18:50:08","date_gmt":"2026-03-08T17:50:08","guid":{"rendered":"http:\/\/info.sadowne.pl\/?p=31426"},"modified":"2026-03-09T09:29:06","modified_gmt":"2026-03-09T08:29:06","slug":"wszystkiego-najlepszego-drogie-panie-3","status":"publish","type":"post","link":"https:\/\/info.sadowne.pl\/?p=31426","title":{"rendered":"Wszystkiego najlepszego Drogie Panie!"},"content":{"rendered":"<p><a href=\"http:\/\/info.sadowne.pl\/wp-content\/uploads\/2026\/03\/2026.03.08.2.jpg\" target=\"_blank\" rel=\"noopener\"><img loading=\"lazy\" decoding=\"async\" class=\"alignleft wp-image-31427 size-thumbnail\" src=\"http:\/\/info.sadowne.pl\/wp-content\/uploads\/2026\/03\/2026.03.08.2-180x130.jpg\" alt=\"\" width=\"180\" height=\"130\" \/><\/a><\/p>\n<p><strong>7 marca br. w Sadownem uroczy\u015bcie obchodzono Gminny Dzie\u0144 Kobiet.<\/strong><!--more--><\/p>\n<p><strong>Sobotnie, p\u00f3\u017ane popo\u0142udnie, wype\u0142niona po brzegi Sala Ochotniczej Stra\u017cy Po\u017carnej mieszkankami gminy, kt\u00f3re przyby\u0142y tu na zaproszenie W\u00f3jta Gminy p. Waldemara Cyrana.<\/strong><\/p>\n<p><strong>Spotkanie rozpocz\u0119\u0142a p. Ewa Pi\u00f3rkowska<\/strong>, kt\u00f3ra powita\u0142a przyby\u0142ych go\u015bci, przedstawi\u0142a program uroczysto\u015bci oraz Organizator\u00f3w &#8211; Gminny O\u015brodek Kultury w Sadownem i Gminn\u0105 Bibliotek\u0119 Publiczn\u0105 w Sadownem. Partnerem wydarzenia by\u0142 Samorz\u0105d Wojew\u00f3dztwa Mazowieckiego. Obecne na spotkaniu <strong>Panie zosta\u0142y te\u017c powitane \u017cyczeniami, kt\u00f3re w imieniu drugiej, brzydszej po\u0142owy mieszka\u0144c\u00f3w, m\u0119\u017cczyzn, przekaza\u0142 W\u00f3jt Gminy Sadowne p. Waldemar Cyran<\/strong>.<\/p>\n<p><strong>Nast\u0119pnie odby\u0142a si\u0119 dalsza cze\u015b\u0107 uroczysto\u015bci, a w niej:<\/strong><\/p>\n<p>&#8211; wyst\u0119p Zespo\u0142u Muzycznego \u201eKRUKI\u201d \u2013 muzycy z ogromnym potencja\u0142em, kt\u00f3rzy zadebiutowali w zesz\u0142ym roku podczas Gminnej Wigilii i ca\u0142y czas rozwijaj\u0105 swoje umiej\u0119tno\u015bci pod skrzyd\u0142ami GOK w Sadownem. Sk\u0142ad Zespo\u0142u: Panowie &#8211; S\u0142awomir Gr\u0105dzki, Eugeniusz G\u0105siorowski, Kamil Kie\u0142ek, Wies\u0142aw Gierej i Janusz Urbankowski.<\/p>\n<p>&#8211; wyst\u0119p Grupy \u201eDzieci Kwiaty\u201d z Sadowie\u0144skiego Klubu Seniora, dzia\u0142aj\u0105cego r\u00f3wnie\u017c w \u015bcis\u0142ej wsp\u00f3\u0142pracy z Gminnym O\u015brodkiem Kultury w Sadownem. Grupa zaprezentowa\u0142a wyj\u0105tkowy monta\u017c s\u0142owno-muzyczny. Wyst\u0105pili pp.: Ma\u0142gorzata Danaj, Barbara Polskowska, Henryka Samsel, Teresa W\u00f3jcik, Dariusz Urbankowski i Miros\u0142awa Terciak &#8211; pod kierunkiem p. Bo\u017ceny Kalbarczyk..<\/p>\n<p><strong>W mi\u0119dzyczasie odby\u0142a si\u0119 te\u017c przygotowana przez Gminny O\u015brodek Kultury w Sadownem loteria fantowa<\/strong>, podczas kt\u00f3rej mo\u017cna by\u0142o wylosowa\u0107 bony na wszelkiego rodzaju us\u0142ugi, od kosmetycznych poczynaj\u0105c, a na mechanicznych ko\u0144cz\u0105c. Nie oby\u0142o si\u0119 te\u017c bez ta\u0144c\u00f3w, a na koniec \u2013 s\u0142odki pocz\u0119stunek dla wszystkich go\u015bci.<\/p>\n<p><strong>Jak wspomnia\u0142em, wydarzenie zorganizowa\u0142 Gminny O\u015brodek Kultury w Sadownem oraz Gminna Biblioteka Publiczna w Sadownem. I tu szczeg\u00f3lne podzi\u0119kowania dla Pa\u0144 z tych sadowie\u0144skich instytucji kultury, kt\u00f3re od kilku dni przygotowywa\u0142y atrakcje dla uczestnik\u00f3w spotkania i zadba\u0142y o jego \u015bwietny przebieg \u2013 ich troskliw\u0105 opiek\u0119 nad uczestnikami nie da\u0142o si\u0119 nie zauwa\u017cy\u0107.<\/strong><\/p>\n<p><strong>I wa\u017cna uwaga<\/strong> &#8211; spotkanie nie przebieg\u0142oby tak dobrze, gdyby nie sponsorzy wspania\u0142ych voucher\u00f3w i nagr\u00f3d rzeczowych. Dzi\u0119kuj\u0119 im w imieniu Organizator\u00f3w. Sponsorami byli:<\/p>\n<p>&#8211; PSB \u201eMr\u00f3wka\u201d Sadowne<\/p>\n<p>&#8211; Sklep \u201eTopaz\u201d<\/p>\n<p>&#8211; Sklep \u201eRobert\u201d<\/p>\n<p>&#8211; Ubezpieczenia PZU, Piotr Olkowski<\/p>\n<p>&#8211; Ma\u0142gorzata Witowska, Salon Fryzjerski \u201eArtistic Trend\u201d<\/p>\n<p>&#8211; Anna Stelmach, Salon Fryzjerski<\/p>\n<p>&#8211; Salon Fryzjerski \u201eLove Hair\u201d, Ewa Nied\u017awied\u017a Wronek<\/p>\n<p>&#8211; Monika Filipiak, Salon Fryzjerski<\/p>\n<p>&#8211; Bo\u017cena Rostek, Stylizacja Paznokci<\/p>\n<p>&#8211; Martyna Wronek, Stylizacja Paznokci<\/p>\n<p>&#8211; \u0141ukasz Filipiak, Sklep \u201eAgawa II\u201d<\/p>\n<p>&#8211; Pi\u0142y i elektronarz\u0119dzia, Marcin Kowalczyk<\/p>\n<p>&#8211; \u201eCaffe Marica\u201d<\/p>\n<p>&#8211; Pasa\u017c Handlowy Sadowne<\/p>\n<p>&#8211; Sklep \u201eKarinka\u201d<\/p>\n<p>&#8211; Piekarnia, Grzegorz Opieka<\/p>\n<p>&#8211; Kwiaciarnia, Barbara Filipiak<\/p>\n<p>&#8211; Pracownia Florystyczna \u201eMagdalena\u201d<\/p>\n<p>&#8211; \u201eREMCAR\u201d, Remigiusz Tyszka<\/p>\n<p>&#8211; Pracownia Krawiecka, Wies\u0142awa Dzieci\u0105tko<\/p>\n<p>&#8211; \u201eBEN-CAR\u201d, Przemys\u0142aw Sobolewski<\/p>\n<p>&#8211; \u201eCAR-CAM Auto Serwis\u201d, Kamil Ogonowski<\/p>\n<p>&#8211; \u201eM!Sklep\u201d, Marzena Rogala<\/p>\n<p>&#8211; Mechanika Pojazdowa, Wojciech Kukwa<\/p>\n<p>&#8211; \u201eBodzon Fodder\u201d, Przemys\u0142aw Bodzon<\/p>\n<p>&#8211; \u201eAL-KHALIFA KEBAB BISTRO\u201d<\/p>\n<p>&#8211; \u201eLUX-AUTO\u201d, Jakub Or\u0142owski<\/p>\n<p>&#8211; KRP Kompleksowa Rejestracja Pojazd\u00f3w, \u017baneta Szczekutek<\/p>\n<p>&#8211; \u201ePerfection Place\u201d, Klaudia Gasto\u0142<\/p>\n<p>&#8211; Salon Fryzjerski \u201eODNOVA\u201d, Katarzyna Mianowicz<\/p>\n<p>&#8211; Podolog Ewa Za\u0142uska<\/p>\n<p>&#8211; \u201eAroma Spa\u201d, Ewelina Filipiak<\/p>\n<p>&#8211; \u201eSAD-POL Sadowne\u201d<\/p>\n<p>&#8211; \u201eZa\u015bcianek Nowy Styl\u201d<\/p>\n<p><strong>\u015awietna uroczysto\u015b\u0107, nasze Panie, jak da\u0142o si\u0119 s\u0142ysze\u0107 w kuluarach, poczu\u0142y si\u0119 usatysfakcjonowane i docenione &#8211; dzi\u0119kuj\u0119 w Ich imieniu. <\/strong><\/p>\n<p><strong>Przy\u0142\u0105czam si\u0119 do \u017cycze\u0144 m\u0119skiej cz\u0119\u015bci gminnej spo\u0142eczno\u015bci: wszystkiego dobrego Drogie Panie!<\/strong><\/p>\n<p><span style=\"color: #0000ff;\"><a style=\"color: #0000ff;\" href=\"https:\/\/photos.app.goo.gl\/NrifKswi8xZZxo6n9\" target=\"_blank\" rel=\"noopener\"><strong>Zdj\u0119cia w galerii Google&gt;&gt;&gt;<\/strong><\/a><\/span><\/p>\n<p><a href=\"https:\/\/www.facebook.com\/infosadowne\/\" target=\"_blank\" rel=\"noopener\"><strong><span style=\"color: #0000ff;\">Kr\u00f3tkie filmy na stronie Facebook&gt;&gt;&gt;<\/span><\/strong><\/a><\/p>\n<p><strong>Tekst\/foto: <\/strong>S\u0142awek Chyli\u0144ski<\/p>\n","protected":false},"excerpt":{"rendered":"<p>7 marca br. w Sadownem uroczy\u015bcie obchodzono Gminny Dzie\u0144 Kobiet.<\/p>\n","protected":false},"author":1,"featured_media":0,"comment_status":"closed","ping_status":"closed","sticky":false,"template":"","format":"standard","meta":{"footnotes":""},"categories":[5,2149,91,6],"tags":[113,1841,169,4371,4370],"class_list":["post-31426","post","type-post","status-publish","format-standard","hentry","category-newsy","category-gminna-biblioteka-publiczna","category-gminny-osrodek-kultury","category-kultura-rozrywka-edukacja","tag-gminna-biblioteka-publiczna-w-sadownem","tag-gminny-dzien-kobiet-w-sadownem","tag-gminny-osrodek-kultury-w-sadownem","tag-grupa-dzieci-kwiaty","tag-zespol-muzyczny-kruki"],"views":469,"_links":{"self":[{"href":"https:\/\/info.sadowne.pl\/index.php?rest_route=\/wp\/v2\/posts\/31426","targetHints":{"allow":["GET"]}}],"collection":[{"href":"https:\/\/info.sadowne.pl\/index.php?rest_route=\/wp\/v2\/posts"}],"about":[{"href":"https:\/\/info.sadowne.pl\/index.php?rest_route=\/wp\/v2\/types\/post"}],"author":[{"embeddable":true,"href":"https:\/\/info.sadowne.pl\/index.php?rest_route=\/wp\/v2\/users\/1"}],"replies":[{"embeddable":true,"href":"https:\/\/info.sadowne.pl\/index.php?rest_route=%2Fwp%2Fv2%2Fcomments&post=31426"}],"version-history":[{"count":4,"href":"https:\/\/info.sadowne.pl\/index.php?rest_route=\/wp\/v2\/posts\/31426\/revisions"}],"predecessor-version":[{"id":31431,"href":"https:\/\/info.sadowne.pl\/index.php?rest_route=\/wp\/v2\/posts\/31426\/revisions\/31431"}],"wp:attachment":[{"href":"https:\/\/info.sadowne.pl\/index.php?rest_route=%2Fwp%2Fv2%2Fmedia&parent=31426"}],"wp:term":[{"taxonomy":"category","embeddable":true,"href":"https:\/\/info.sadowne.pl\/index.php?rest_route=%2Fwp%2Fv2%2Fcategories&post=31426"},{"taxonomy":"post_tag","embeddable":true,"href":"https:\/\/info.sadowne.pl\/index.php?rest_route=%2Fwp%2Fv2%2Ftags&post=31426"}],"curies":[{"name":"wp","href":"https:\/\/api.w.org\/{rel}","templated":true}]}}