{"id":3143,"date":"2013-09-10T15:45:53","date_gmt":"2013-09-10T13:45:53","guid":{"rendered":"http:\/\/www.infosadowne.boo.pl\/?p=3143"},"modified":"2020-04-24T20:07:22","modified_gmt":"2020-04-24T18:07:22","slug":"malarstwo-ikony-i-kowalstwo-artystyczne","status":"publish","type":"post","link":"https:\/\/info.sadowne.pl\/?p=3143","title":{"rendered":"Malarstwo, ikony i kowalstwo artystyczne"},"content":{"rendered":"<p><strong><img loading=\"lazy\" decoding=\"async\" class=\"alignleft size-thumbnail wp-image-3144\" src=\"http:\/\/www.info.sadowne.pl\/wp-content\/uploads\/2013\/09\/2013.09.10-180x130.jpg\" alt=\"2013.09.10\" width=\"180\" height=\"130\" \/>Od 10 wrze\u015bnia w Muzealnej Izbie Edukacji Etnograficznej czynna jest nowa wystawa.<!--more--><\/strong><\/p>\n<p>Tym razem obejrze\u0107 tu mo\u017cna, malarstwo, ikony i kowalstwo artystyczne. Swoje prace prezentuj\u0105:<\/p>\n<p>&#8211; Miros\u0142aw Stempczi\u0144ski z Wo\u0142omina \u2013 artysta malarz, wykonawca kowalstwa artystycznego, metaloplastyki oraz ikon,<\/p>\n<p><a href=\"http:\/\/www.info.sadowne.pl\/wp-content\/uploads\/2013\/09\/2013.09.10.1.jpg\" target=\"_blank\" rel=\"noopener noreferrer\"><img loading=\"lazy\" decoding=\"async\" class=\"alignright size-thumbnail wp-image-3145\" src=\"http:\/\/www.info.sadowne.pl\/wp-content\/uploads\/2013\/09\/2013.09.10.1-180x130.jpg\" alt=\"2013.09.10.1\" width=\"180\" height=\"130\" \/><\/a>&#8211; Edward Danaj z Krupi\u0144skiego \u2013 artysta kowal, autor wielu prac z metalu, uczestnik wielu wystaw, tw\u00f3rca m.in. pierwszego w Polsce pos\u0105gu Mistrza Twardowskiego, kt\u00f3ry ods\u0142oni\u0119to 4 lipca br. w Hotelu Everest w W\u0119growie.<\/p>\n<p>Wystaw\u0119 mo\u017cna obejrze\u0107 w budynku Gminnego O\u015brodka Kultury w Sadownem i w godzinach jego urz\u0119dowania.<\/p>\n<p>Zapraszamy!<\/p>\n<p><a href=\"https:\/\/photos.app.goo.gl\/Mit7tVetkKkrxYrT9\" target=\"_blank\" rel=\"noopener noreferrer\"><strong>Zdj\u0119cia w galerii Google&gt;&gt;&gt;<\/strong><\/a><\/p>\n<p><strong>Tekst\/foto:<\/strong> S\u0142awek Chyli\u0144ski<\/p>\n","protected":false},"excerpt":{"rendered":"<p>Od 10 wrze\u015bnia w Muzealnej Izbie Edukacji Etnograficznej czynna jest nowa wystawa.<\/p>\n","protected":false},"author":1,"featured_media":0,"comment_status":"open","ping_status":"open","sticky":false,"template":"","format":"standard","meta":{"footnotes":""},"categories":[5,91,6],"tags":[381,169,380,78],"class_list":["post-3143","post","type-post","status-publish","format-standard","hentry","category-newsy","category-gminny-osrodek-kultury","category-kultura-rozrywka-edukacja","tag-edward-danaj","tag-gminny-osrodek-kultury-w-sadownem","tag-miroslaw-stempczinski","tag-wystawa"],"views":5115,"_links":{"self":[{"href":"https:\/\/info.sadowne.pl\/index.php?rest_route=\/wp\/v2\/posts\/3143","targetHints":{"allow":["GET"]}}],"collection":[{"href":"https:\/\/info.sadowne.pl\/index.php?rest_route=\/wp\/v2\/posts"}],"about":[{"href":"https:\/\/info.sadowne.pl\/index.php?rest_route=\/wp\/v2\/types\/post"}],"author":[{"embeddable":true,"href":"https:\/\/info.sadowne.pl\/index.php?rest_route=\/wp\/v2\/users\/1"}],"replies":[{"embeddable":true,"href":"https:\/\/info.sadowne.pl\/index.php?rest_route=%2Fwp%2Fv2%2Fcomments&post=3143"}],"version-history":[{"count":3,"href":"https:\/\/info.sadowne.pl\/index.php?rest_route=\/wp\/v2\/posts\/3143\/revisions"}],"predecessor-version":[{"id":23358,"href":"https:\/\/info.sadowne.pl\/index.php?rest_route=\/wp\/v2\/posts\/3143\/revisions\/23358"}],"wp:attachment":[{"href":"https:\/\/info.sadowne.pl\/index.php?rest_route=%2Fwp%2Fv2%2Fmedia&parent=3143"}],"wp:term":[{"taxonomy":"category","embeddable":true,"href":"https:\/\/info.sadowne.pl\/index.php?rest_route=%2Fwp%2Fv2%2Fcategories&post=3143"},{"taxonomy":"post_tag","embeddable":true,"href":"https:\/\/info.sadowne.pl\/index.php?rest_route=%2Fwp%2Fv2%2Ftags&post=3143"}],"curies":[{"name":"wp","href":"https:\/\/api.w.org\/{rel}","templated":true}]}}