{"id":31440,"date":"2026-03-11T14:34:05","date_gmt":"2026-03-11T13:34:05","guid":{"rendered":"http:\/\/info.sadowne.pl\/?p=31440"},"modified":"2026-03-11T14:34:05","modified_gmt":"2026-03-11T13:34:05","slug":"z-historii-sadowianki-wiosna-2025","status":"publish","type":"post","link":"https:\/\/info.sadowne.pl\/?p=31440","title":{"rendered":"Z historii &#8211; Sadowianki &#8211; wiosna 2025"},"content":{"rendered":"<p><strong><a href=\"http:\/\/info.sadowne.pl\/wp-content\/uploads\/2026\/03\/sad1562.jpg\"><img loading=\"lazy\" decoding=\"async\" class=\"alignleft size-thumbnail wp-image-31444\" src=\"http:\/\/info.sadowne.pl\/wp-content\/uploads\/2026\/03\/sad1562-180x130.jpg\" alt=\"\" width=\"180\" height=\"130\" \/><\/a>Noc \u015awi\u0119toja\u0144ska i Jubileusz Ra\u017cen.<\/strong><!--more--><\/p>\n<p style=\"text-align: center;\"><strong>W\u0118GR\u00d3W<\/strong><\/p>\n<p style=\"text-align: center;\"><strong>23 czerwca 2024<\/strong><\/p>\n<p><a href=\"http:\/\/info.sadowne.pl\/wp-content\/uploads\/2026\/03\/sad1559.jpg\"><img loading=\"lazy\" decoding=\"async\" class=\"aligncenter size-full wp-image-31441\" src=\"http:\/\/info.sadowne.pl\/wp-content\/uploads\/2026\/03\/sad1559.jpg\" alt=\"\" width=\"550\" height=\"109\" srcset=\"https:\/\/info.sadowne.pl\/wp-content\/uploads\/2026\/03\/sad1559.jpg 550w, https:\/\/info.sadowne.pl\/wp-content\/uploads\/2026\/03\/sad1559-300x59.jpg 300w\" sizes=\"auto, (max-width: 550px) 100vw, 550px\" \/><\/a><\/p>\n<p>W niedzielne popo\u0142udnie 23 czerwca Zesp\u00f3\u0142 \u015apiewaczy &#8222;Sadowianki&#8221; wyjecha\u0142 do W\u0119growa, by tam pojawi\u0107 si\u0119 na scenie w Parku im. Armii Krajowej. Odbywa\u0142a si\u0119 tam Druga edycja obchod\u00f3w Nocy \u015awi\u0119toja\u0144skiej.<\/p>\n<p>Sadowianki zosta\u0142y zaproszone przez p. Monik\u0119 Doktorsk\u0105 \u2013 dyrektor poradni Centrum Wspierania Rozwoju. Spotkanie otworzy\u0142a p. Halina Uli\u0144ska \u2013 zast\u0119pca burmistrza w Urz\u0119dzie Miejskim w W\u0119growie.<\/p>\n<p><a href=\"http:\/\/info.sadowne.pl\/wp-content\/uploads\/2026\/03\/sad1560.jpg\"><img loading=\"lazy\" decoding=\"async\" class=\"aligncenter size-full wp-image-31442\" src=\"http:\/\/info.sadowne.pl\/wp-content\/uploads\/2026\/03\/sad1560.jpg\" alt=\"\" width=\"609\" height=\"290\" srcset=\"https:\/\/info.sadowne.pl\/wp-content\/uploads\/2026\/03\/sad1560.jpg 609w, https:\/\/info.sadowne.pl\/wp-content\/uploads\/2026\/03\/sad1560-300x143.jpg 300w\" sizes=\"auto, (max-width: 609px) 100vw, 609px\" \/><\/a><\/p>\n<p style=\"text-align: center;\">Monika Doktorska, Halina Uli\u0144ska<\/p>\n<p>Fundacja Prima Security, w ramach zadania p.n. \u201cZapraszamy do W\u0119growa\u201d, dofinansowanego z bud\u017cetu Wojew\u00f3dztwa Mazowieckiego, ju\u017c po raz drugi zorganizowa\u0142a obchody Nocy \u015awi\u0119toja\u0144skiej.<\/p>\n<p>Konferansjerk\u0119 prowadzi\u0142a p. Monika, zaprosi\u0142a nas na scen\u0119, zaprezentowa\u0142a w kilku s\u0142owach nasz dorobek i odda\u0142a nam g\u0142os.<\/p>\n<p><a href=\"http:\/\/info.sadowne.pl\/wp-content\/uploads\/2026\/03\/sad1561.jpg\"><img loading=\"lazy\" decoding=\"async\" class=\"aligncenter size-full wp-image-31443\" src=\"http:\/\/info.sadowne.pl\/wp-content\/uploads\/2026\/03\/sad1561.jpg\" alt=\"\" width=\"608\" height=\"236\" srcset=\"https:\/\/info.sadowne.pl\/wp-content\/uploads\/2026\/03\/sad1561.jpg 608w, https:\/\/info.sadowne.pl\/wp-content\/uploads\/2026\/03\/sad1561-300x116.jpg 300w\" sizes=\"auto, (max-width: 608px) 100vw, 608px\" \/><\/a><\/p>\n<p style=\"text-align: center;\">P. Monika zapowiada nasz wyst\u0119p<\/p>\n<p><a href=\"http:\/\/info.sadowne.pl\/wp-content\/uploads\/2026\/03\/sad1562.jpg\"><img loading=\"lazy\" decoding=\"async\" class=\"aligncenter size-full wp-image-31444\" src=\"http:\/\/info.sadowne.pl\/wp-content\/uploads\/2026\/03\/sad1562.jpg\" alt=\"\" width=\"608\" height=\"275\" srcset=\"https:\/\/info.sadowne.pl\/wp-content\/uploads\/2026\/03\/sad1562.jpg 608w, https:\/\/info.sadowne.pl\/wp-content\/uploads\/2026\/03\/sad1562-300x136.jpg 300w\" sizes=\"auto, (max-width: 608px) 100vw, 608px\" \/><\/a><\/p>\n<p style=\"text-align: center;\">Sadowianki &#8211; pe\u0142na gotowo\u015b\u0107 na scenie<\/p>\n<p><a href=\"http:\/\/info.sadowne.pl\/wp-content\/uploads\/2026\/03\/sad1563.jpg\"><img loading=\"lazy\" decoding=\"async\" class=\"aligncenter size-full wp-image-31445\" src=\"http:\/\/info.sadowne.pl\/wp-content\/uploads\/2026\/03\/sad1563.jpg\" alt=\"\" width=\"384\" height=\"470\" srcset=\"https:\/\/info.sadowne.pl\/wp-content\/uploads\/2026\/03\/sad1563.jpg 384w, https:\/\/info.sadowne.pl\/wp-content\/uploads\/2026\/03\/sad1563-245x300.jpg 245w\" sizes=\"auto, (max-width: 384px) 100vw, 384px\" \/><\/a><\/p>\n<p style=\"text-align: center;\">Andrzej Olton<\/p>\n<p><a href=\"http:\/\/info.sadowne.pl\/wp-content\/uploads\/2026\/03\/sad1564.jpg\"><img loading=\"lazy\" decoding=\"async\" class=\"aligncenter size-full wp-image-31446\" src=\"http:\/\/info.sadowne.pl\/wp-content\/uploads\/2026\/03\/sad1564.jpg\" alt=\"\" width=\"576\" height=\"382\" srcset=\"https:\/\/info.sadowne.pl\/wp-content\/uploads\/2026\/03\/sad1564.jpg 576w, https:\/\/info.sadowne.pl\/wp-content\/uploads\/2026\/03\/sad1564-300x199.jpg 300w\" sizes=\"auto, (max-width: 576px) 100vw, 576px\" \/><\/a><\/p>\n<p style=\"text-align: center;\">Zbyszek Danaj, Krysia Witoszka, Ania Chojecka, Basia Wr\u00f3bel, Bobusia Danaj<\/p>\n<p><a href=\"http:\/\/info.sadowne.pl\/wp-content\/uploads\/2026\/03\/sad1565.jpg\"><img loading=\"lazy\" decoding=\"async\" class=\"aligncenter size-full wp-image-31447\" src=\"http:\/\/info.sadowne.pl\/wp-content\/uploads\/2026\/03\/sad1565.jpg\" alt=\"\" width=\"604\" height=\"353\" srcset=\"https:\/\/info.sadowne.pl\/wp-content\/uploads\/2026\/03\/sad1565.jpg 604w, https:\/\/info.sadowne.pl\/wp-content\/uploads\/2026\/03\/sad1565-300x175.jpg 300w\" sizes=\"auto, (max-width: 604px) 100vw, 604px\" \/><\/a><\/p>\n<p style=\"text-align: center;\">Ela D\u0119bkowska, Basia Decyk, Tereska Piwek, Dorotka Olkowska, Tereska Biernat, Tereska W\u00f3jcik, Henia Kibart<\/p>\n<p><a href=\"http:\/\/info.sadowne.pl\/wp-content\/uploads\/2026\/03\/sad1566.jpg\"><img loading=\"lazy\" decoding=\"async\" class=\"aligncenter size-full wp-image-31448\" src=\"http:\/\/info.sadowne.pl\/wp-content\/uploads\/2026\/03\/sad1566.jpg\" alt=\"\" width=\"608\" height=\"243\" srcset=\"https:\/\/info.sadowne.pl\/wp-content\/uploads\/2026\/03\/sad1566.jpg 608w, https:\/\/info.sadowne.pl\/wp-content\/uploads\/2026\/03\/sad1566-300x120.jpg 300w\" sizes=\"auto, (max-width: 608px) 100vw, 608px\" \/><\/a><\/p>\n<p>Repertuar nasz w wi\u0119kszo\u015bci sk\u0142ada\u0142 si\u0119 z piosenek tematycznie zwi\u0105zanych z tradycj\u0105 Nocy \u015awi\u0119toja\u0144skiej.<\/p>\n<ol>\n<li style=\"text-align: left;\">Tam nad Wis\u0142\u0105 w dolinie <span style=\"color: #ff0000;\">G-dur<\/span><\/li>\n<li style=\"text-align: left;\">Sob\u00f3tka <span style=\"color: #ff0000;\">C-dur<\/span><\/li>\n<li style=\"text-align: left;\">Samotny le\u015bny kwiat <span style=\"color: #ff0000;\">C-dur<\/span><\/li>\n<li style=\"text-align: left;\">Kwiat paproci <span style=\"color: #ff0000;\">F-dur<\/span><\/li>\n<li style=\"text-align: left;\">Paproci kwiat <span style=\"color: #ff0000;\">C-dur<\/span><\/li>\n<li style=\"text-align: left;\">U jeziora zimna <span style=\"color: #ff0000;\">D-dur<\/span><\/li>\n<li style=\"text-align: left;\">Kuku\u0142eczko <span style=\"color: #ff0000;\">C-dur<\/span><\/li>\n<li style=\"text-align: left;\">Trzymajmy si\u0119 za r\u0119ce <span style=\"color: #ff0000;\">C-dur<\/span><\/li>\n<\/ol>\n<p><a href=\"http:\/\/info.sadowne.pl\/wp-content\/uploads\/2026\/03\/sad1567.jpg\"><img loading=\"lazy\" decoding=\"async\" class=\"aligncenter size-full wp-image-31449\" src=\"http:\/\/info.sadowne.pl\/wp-content\/uploads\/2026\/03\/sad1567.jpg\" alt=\"\" width=\"605\" height=\"521\" srcset=\"https:\/\/info.sadowne.pl\/wp-content\/uploads\/2026\/03\/sad1567.jpg 605w, https:\/\/info.sadowne.pl\/wp-content\/uploads\/2026\/03\/sad1567-300x258.jpg 300w\" sizes=\"auto, (max-width: 605px) 100vw, 605px\" \/><\/a><\/p>\n<p>Tego nie mog\u0142am sobie odm\u00f3wi\u0107. Spo\u015br\u00f3d wielu zdj\u0119\u0107, kt\u00f3re ogl\u0105da\u0142am wy\u0142owi\u0142am tak\u0105 pere\u0142k\u0119. Przyjaci\u00f3\u0142ka Zespo\u0142u &#8222;Sadowianki&#8221; p. Danusia Chyli\u0144ska na spacerze w parku w W\u0119growie. Nasze my\u015bli zawsze z Pani\u0105 \u2013\u00a0 Danusiu.<\/p>\n<p>Wyst\u0119py artystyczne, warsztaty, gry, puszczanie wiank\u00f3w i inne atrakcje mieszka\u0144cy W\u0119growa ogl\u0105dali do p\u00f3\u017anych godzin nocnych.<\/p>\n<p style=\"text-align: center;\">\u2026\u2026\u2026\u2026..\/\/\/\u2026\u2026\u2026\u2026<\/p>\n<p style=\"text-align: center;\"><strong>RA\u017bNY<\/strong><\/p>\n<p style=\"text-align: center;\"><strong>30 czerwca 2024 roku<\/strong><\/p>\n<p style=\"text-align: center;\"><strong>W tym dniu miejscowo\u015b\u0107 Ra\u017cny w gminie Sadowne obchodzi\u0142a sw\u00f3j Jubileusz 600-lecia utworzenia.<\/strong><\/p>\n<p>Uroczyste obchody rozpocz\u0119\u0142a msza \u015bwi\u0119ta w intencji by\u0142ych i obecnych mieszka\u0144c\u00f3w wsi Ra\u017cny, kt\u00f3r\u0105 koncelebrowali: ks. Stanis\u0142aw Wojciechowski i ks. Antoni Kunicki.<\/p>\n<p><a href=\"http:\/\/info.sadowne.pl\/wp-content\/uploads\/2026\/03\/sad1568.jpg\"><img loading=\"lazy\" decoding=\"async\" class=\"aligncenter size-full wp-image-31450\" src=\"http:\/\/info.sadowne.pl\/wp-content\/uploads\/2026\/03\/sad1568.jpg\" alt=\"\" width=\"609\" height=\"312\" srcset=\"https:\/\/info.sadowne.pl\/wp-content\/uploads\/2026\/03\/sad1568.jpg 609w, https:\/\/info.sadowne.pl\/wp-content\/uploads\/2026\/03\/sad1568-300x154.jpg 300w\" sizes=\"auto, (max-width: 609px) 100vw, 609px\" \/><\/a><\/p>\n<p style=\"text-align: center;\">O\u0142tarz przygotowany przez mieszka\u0144c\u00f3w Ra\u017cen<\/p>\n<p>Bezpo\u015brednio po mszy w rol\u0119 prowadz\u0105cego wcieli\u0142 si\u0119 Zast\u0119pca W\u00f3jta Gminy Sadowne p. Marcin Gr\u0119da. Poinformowa\u0142, i\u017c organizatorami tej imprezy s\u0105: Komitet Organizacyjny 600-lecia Ra\u017cen, Ko\u0142o Gospody\u0144 Wiejskich \u201eNadburzanki\u201d w Ra\u017cnach, So\u0142ectwo Ra\u017cny, Gmina Sadowne i Gminny O\u015brodek Kultury w Sadownem.<\/p>\n<p>W Ich imieniu prowadz\u0105cy powita\u0142 wszystkich przyby\u0142ych do Ra\u017cen na wsp\u00f3lne \u015bwi\u0119towanie.<\/p>\n<p><a href=\"http:\/\/info.sadowne.pl\/wp-content\/uploads\/2026\/03\/sad1569.jpg\"><img loading=\"lazy\" decoding=\"async\" class=\"aligncenter size-full wp-image-31451\" src=\"http:\/\/info.sadowne.pl\/wp-content\/uploads\/2026\/03\/sad1569.jpg\" alt=\"\" width=\"603\" height=\"260\" srcset=\"https:\/\/info.sadowne.pl\/wp-content\/uploads\/2026\/03\/sad1569.jpg 603w, https:\/\/info.sadowne.pl\/wp-content\/uploads\/2026\/03\/sad1569-300x129.jpg 300w\" sizes=\"auto, (max-width: 603px) 100vw, 603px\" \/><\/a><\/p>\n<p style=\"text-align: center;\">Sadowianki podczas mszy \u015bwi\u0119tej<\/p>\n<p>Po oficjalnym powitaniu go\u015bci p. Marcin Gr\u0119da przedstawi\u0142 zebranym rys historyczny wsi Ra\u017cny, kt\u00f3ry powsta\u0142 m.in. na podstawie publikacji ksi\u0105\u017ckowych by\u0142ego mieszka\u0144ca Ra\u017cen \u015bp. Adama Stankiewicza.<\/p>\n<p>Po przedstawieniu rysu historycznego wsi Ra\u017cny zaproszono uczestnik\u00f3w uroczysto\u015bci do ods\u0142oni\u0119cia kamienia pami\u0105tkowego obchod\u00f3w 600-lecia miejscowo\u015bci. Odby\u0142o si\u0119 te\u017c symboliczne wbicie gwo\u017adzi w tablic\u0119 upami\u0119tniaj\u0105c\u0105 to wydarzenie, Bractwo Kurkowe odda\u0142o salw\u0119 honorow\u0105 z zabytkowych armatek, a ks. proboszcz odm\u00f3wi\u0142 stosown\u0105 modlitw\u0119 i po\u015bwi\u0119ci\u0142 ods\u0142oni\u0119ty kamie\u0144 pami\u0105tkowy.<\/p>\n<p><a href=\"http:\/\/info.sadowne.pl\/wp-content\/uploads\/2026\/03\/sad1570.jpg\"><img loading=\"lazy\" decoding=\"async\" class=\"aligncenter size-full wp-image-31452\" src=\"http:\/\/info.sadowne.pl\/wp-content\/uploads\/2026\/03\/sad1570.jpg\" alt=\"\" width=\"496\" height=\"475\" srcset=\"https:\/\/info.sadowne.pl\/wp-content\/uploads\/2026\/03\/sad1570.jpg 496w, https:\/\/info.sadowne.pl\/wp-content\/uploads\/2026\/03\/sad1570-300x287.jpg 300w\" sizes=\"auto, (max-width: 496px) 100vw, 496px\" \/><\/a><\/p>\n<p>Po oficjalnej cz\u0119\u015bci uroczysto\u015bci nadszed\u0142 czas na cz\u0119\u015b\u0107 artystyczn\u0105, kolejno wyst\u0105pi\u0142y zespo\u0142y: Zesp\u00f3\u0142 \u201eGwizdalanki\u201d z Gwizda\u0142, Eko Kabaret z Urli, Zesp\u00f3\u0142 \u015apiewaczy \u201eSadowianki\u201d z Sadownego, Teatr Katarynka z przedstawieniem \u201eMorskie opowie\u015bci\u201d, Piana Party, Zesp\u00f3\u0142 Discoboys i DJ Sado.<\/p>\n<p><a href=\"http:\/\/info.sadowne.pl\/wp-content\/uploads\/2026\/03\/sad1571.jpg\"><img loading=\"lazy\" decoding=\"async\" class=\"aligncenter size-full wp-image-31453\" src=\"http:\/\/info.sadowne.pl\/wp-content\/uploads\/2026\/03\/sad1571.jpg\" alt=\"\" width=\"606\" height=\"320\" srcset=\"https:\/\/info.sadowne.pl\/wp-content\/uploads\/2026\/03\/sad1571.jpg 606w, https:\/\/info.sadowne.pl\/wp-content\/uploads\/2026\/03\/sad1571-300x158.jpg 300w\" sizes=\"auto, (max-width: 606px) 100vw, 606px\" \/><\/a><\/p>\n<p style=\"text-align: center;\">Zesp\u00f3\u0142 &#8222;Gwizdalanki&#8221; z Gwizda\u0142<\/p>\n<p><a href=\"http:\/\/info.sadowne.pl\/wp-content\/uploads\/2026\/03\/sad1572.jpg\"><img loading=\"lazy\" decoding=\"async\" class=\"aligncenter size-full wp-image-31454\" src=\"http:\/\/info.sadowne.pl\/wp-content\/uploads\/2026\/03\/sad1572.jpg\" alt=\"\" width=\"609\" height=\"255\" srcset=\"https:\/\/info.sadowne.pl\/wp-content\/uploads\/2026\/03\/sad1572.jpg 609w, https:\/\/info.sadowne.pl\/wp-content\/uploads\/2026\/03\/sad1572-300x126.jpg 300w\" sizes=\"auto, (max-width: 609px) 100vw, 609px\" \/><\/a><\/p>\n<p style=\"text-align: center;\">Eko Kabaret z Urli<\/p>\n<p><a href=\"http:\/\/info.sadowne.pl\/wp-content\/uploads\/2026\/03\/sad1573.jpg\"><img loading=\"lazy\" decoding=\"async\" class=\"aligncenter size-full wp-image-31455\" src=\"http:\/\/info.sadowne.pl\/wp-content\/uploads\/2026\/03\/sad1573.jpg\" alt=\"\" width=\"603\" height=\"293\" srcset=\"https:\/\/info.sadowne.pl\/wp-content\/uploads\/2026\/03\/sad1573.jpg 603w, https:\/\/info.sadowne.pl\/wp-content\/uploads\/2026\/03\/sad1573-300x146.jpg 300w\" sizes=\"auto, (max-width: 603px) 100vw, 603px\" \/><\/a><\/p>\n<p style=\"text-align: center;\">Zesp\u00f3\u0142 &#8222;Sadowianki&#8221; z Sadownego<\/p>\n<p><a href=\"http:\/\/info.sadowne.pl\/wp-content\/uploads\/2026\/03\/sad1574.jpg\"><img loading=\"lazy\" decoding=\"async\" class=\"aligncenter size-full wp-image-31456\" src=\"http:\/\/info.sadowne.pl\/wp-content\/uploads\/2026\/03\/sad1574.jpg\" alt=\"\" width=\"602\" height=\"691\" srcset=\"https:\/\/info.sadowne.pl\/wp-content\/uploads\/2026\/03\/sad1574.jpg 602w, https:\/\/info.sadowne.pl\/wp-content\/uploads\/2026\/03\/sad1574-261x300.jpg 261w\" sizes=\"auto, (max-width: 602px) 100vw, 602px\" \/><\/a><\/p>\n<p style=\"text-align: center;\">Andrzej Olton \u2013 akompaniament &#8222;Gwizdalanek&#8221; i &#8222;Sadowianek&#8221;<\/p>\n<p><a href=\"http:\/\/info.sadowne.pl\/wp-content\/uploads\/2026\/03\/sad1575.jpg\"><img loading=\"lazy\" decoding=\"async\" class=\"aligncenter size-full wp-image-31457\" src=\"http:\/\/info.sadowne.pl\/wp-content\/uploads\/2026\/03\/sad1575.jpg\" alt=\"\" width=\"606\" height=\"347\" srcset=\"https:\/\/info.sadowne.pl\/wp-content\/uploads\/2026\/03\/sad1575.jpg 606w, https:\/\/info.sadowne.pl\/wp-content\/uploads\/2026\/03\/sad1575-300x172.jpg 300w\" sizes=\"auto, (max-width: 606px) 100vw, 606px\" \/><\/a><\/p>\n<p style=\"text-align: center;\">Andrzej Olton, Zbyszek Danaj, Piotr Olkowski, Krysia Wetoszka, Hania D\u0119bkowska, Ania Chojecka, Gabrysia Siewiera<\/p>\n<p><a href=\"http:\/\/info.sadowne.pl\/wp-content\/uploads\/2026\/03\/sad1576.jpg\"><img loading=\"lazy\" decoding=\"async\" class=\"aligncenter size-full wp-image-31458\" src=\"http:\/\/info.sadowne.pl\/wp-content\/uploads\/2026\/03\/sad1576.jpg\" alt=\"\" width=\"608\" height=\"432\" srcset=\"https:\/\/info.sadowne.pl\/wp-content\/uploads\/2026\/03\/sad1576.jpg 608w, https:\/\/info.sadowne.pl\/wp-content\/uploads\/2026\/03\/sad1576-300x213.jpg 300w\" sizes=\"auto, (max-width: 608px) 100vw, 608px\" \/><\/a><\/p>\n<p style=\"text-align: center;\">Basia Wr\u00f3bel, Jadzia Borowa, Bogusia Danaj, Wiesia Steplikowska, Ela D\u0119bkowska, Henia Kibart, Basia Decyk<\/p>\n<p><a href=\"http:\/\/info.sadowne.pl\/wp-content\/uploads\/2026\/03\/sad1577.jpg\"><img loading=\"lazy\" decoding=\"async\" class=\"aligncenter size-full wp-image-31459\" src=\"http:\/\/info.sadowne.pl\/wp-content\/uploads\/2026\/03\/sad1577.jpg\" alt=\"\" width=\"602\" height=\"324\" srcset=\"https:\/\/info.sadowne.pl\/wp-content\/uploads\/2026\/03\/sad1577.jpg 602w, https:\/\/info.sadowne.pl\/wp-content\/uploads\/2026\/03\/sad1577-300x161.jpg 300w\" sizes=\"auto, (max-width: 602px) 100vw, 602px\" \/><\/a><\/p>\n<p style=\"text-align: center;\">Jeszcze raz Zesp\u00f3\u0142 \u015apiewaczy &#8222;Sadowianki&#8221;<\/p>\n<h3 style=\"text-align: center;\"><strong>Mieszka\u0144com Ra\u017cen,<\/strong><\/h3>\n<h3 style=\"text-align: center;\"><strong>najstarszej wsi w naszej gminie, \u017cyczymy:<\/strong><\/h3>\n<h2 style=\"text-align: center;\"><span style=\"color: #ff0000;\"><em><strong>Wszystkiego najlepszego!!!<\/strong><\/em><\/span><\/h2>\n<p><strong>\u0179r\u00f3d\u0142o:<\/strong> &#8222;Sadowianki&#8221;, Barbara Wr\u00f3bel, Sadowne 2025<\/p>\n","protected":false},"excerpt":{"rendered":"<p>Noc \u015awi\u0119toja\u0144ska i Jubileusz Ra\u017cen.<\/p>\n","protected":false},"author":1,"featured_media":0,"comment_status":"closed","ping_status":"closed","sticky":false,"template":"","format":"standard","meta":{"footnotes":""},"categories":[5,31,1202],"tags":[1218,101,960],"class_list":["post-31440","post","type-post","status-publish","format-standard","hentry","category-newsy","category-historia-gminy","category-zespol-spiewaczy-sadowianki","tag-barbara-wrobel","tag-historia-gminy-sadowne","tag-zespol-spiewaczy-sadowianki"],"views":267,"_links":{"self":[{"href":"https:\/\/info.sadowne.pl\/index.php?rest_route=\/wp\/v2\/posts\/31440","targetHints":{"allow":["GET"]}}],"collection":[{"href":"https:\/\/info.sadowne.pl\/index.php?rest_route=\/wp\/v2\/posts"}],"about":[{"href":"https:\/\/info.sadowne.pl\/index.php?rest_route=\/wp\/v2\/types\/post"}],"author":[{"embeddable":true,"href":"https:\/\/info.sadowne.pl\/index.php?rest_route=\/wp\/v2\/users\/1"}],"replies":[{"embeddable":true,"href":"https:\/\/info.sadowne.pl\/index.php?rest_route=%2Fwp%2Fv2%2Fcomments&post=31440"}],"version-history":[{"count":1,"href":"https:\/\/info.sadowne.pl\/index.php?rest_route=\/wp\/v2\/posts\/31440\/revisions"}],"predecessor-version":[{"id":31460,"href":"https:\/\/info.sadowne.pl\/index.php?rest_route=\/wp\/v2\/posts\/31440\/revisions\/31460"}],"wp:attachment":[{"href":"https:\/\/info.sadowne.pl\/index.php?rest_route=%2Fwp%2Fv2%2Fmedia&parent=31440"}],"wp:term":[{"taxonomy":"category","embeddable":true,"href":"https:\/\/info.sadowne.pl\/index.php?rest_route=%2Fwp%2Fv2%2Fcategories&post=31440"},{"taxonomy":"post_tag","embeddable":true,"href":"https:\/\/info.sadowne.pl\/index.php?rest_route=%2Fwp%2Fv2%2Ftags&post=31440"}],"curies":[{"name":"wp","href":"https:\/\/api.w.org\/{rel}","templated":true}]}}