{"id":31478,"date":"2026-03-13T16:12:40","date_gmt":"2026-03-13T15:12:40","guid":{"rendered":"http:\/\/info.sadowne.pl\/?p=31478"},"modified":"2026-03-13T16:16:02","modified_gmt":"2026-03-13T15:16:02","slug":"stanislaw-gradzki-w-moim-ogrodzie","status":"publish","type":"post","link":"https:\/\/info.sadowne.pl\/?p=31478","title":{"rendered":"Stanis\u0142aw Gr\u0105dzki &#8211; &#8222;W moim ogrodzie&#8221;"},"content":{"rendered":"<p><strong><a href=\"http:\/\/info.sadowne.pl\/wp-content\/uploads\/2026\/03\/2026.03.13.1.jpg\" target=\"_blank\" rel=\"noopener\"><img loading=\"lazy\" decoding=\"async\" class=\"alignleft wp-image-31479 size-thumbnail\" src=\"http:\/\/info.sadowne.pl\/wp-content\/uploads\/2026\/03\/2026.03.13.1-180x130.jpg\" alt=\"\" width=\"180\" height=\"130\" \/><\/a>Z tomiku \u201eSGraffito\u201d.<\/strong><!--more--><\/p>\n<p>&nbsp;<\/p>\n<p>&nbsp;<\/p>\n<p>&nbsp;<\/p>\n<p>&nbsp;<\/p>\n<p>&nbsp;<\/p>\n<p><strong>W moim ogrodzie<\/p>\n<p><\/strong>W moim ogrodzie z\u0142ocisty ba\u017cant biega,<br \/>\nRano s\u0142ycha\u0107 pianie przez okno otwarte.<br \/>\nDorodne sosny i dwa d\u0119by stoj\u0105 na warcie<br \/>\nZamkni\u0119te wiekiem wiosennego nieba.<\/p>\n<p>W moim ogrodzie natura bywa \u0142askawa,<br \/>\nDzie\u0144 zaczyna si\u0119 poca\u0142unkiem s\u0142o\u0144ca,<br \/>\nU\u015bmiechami kusi rabata bogato kwitn\u0105ca,<br \/>\nNatchnienie rozrasta si\u0119 tu niczym trawa.<\/p>\n<p>W moim ogrodzie, przy drodze do W\u0119growa,<br \/>\nW m\u0142odego sadu miodnej woni<br \/>\nOdnajduj\u0119 zapach babcinej d\u0142oni.<\/p>\n<p>W moim ogrodzie noc ksi\u0119\u017cycowa<br \/>\nRozja\u015bnia ogrodu ciemne przestrzenie,<br \/>\nU\u015bmiercaj\u0105c jego najg\u0142\u0119bsze cienie.<\/p>\n<p><em>\u00a0 \u00a0 \u00a0 \u00a0 \u00a0 \u00a0 \u00a0 \u00a0 \u00a0 \u00a0 \u00a0 \u00a0 \u00a0 \u00a0 Z tomiku \u201eSGraffito\u201d<\/em><\/p>\n<p><strong>Foto:<\/strong> Wies\u0142aw Maliszewski<\/p>\n","protected":false},"excerpt":{"rendered":"<p>Z tomiku \u201eSGraffito\u201d.<\/p>\n","protected":false},"author":1,"featured_media":0,"comment_status":"closed","ping_status":"closed","sticky":false,"template":"","format":"standard","meta":{"footnotes":""},"categories":[5,48,6,108],"tags":[2730,4349,4374,51],"class_list":["post-31478","post","type-post","status-publish","format-standard","hentry","category-newsy","category-kacik-literacki","category-kultura-rozrywka-edukacja","category-okienko-poetyckie","tag-poezja","tag-stanislaw-gradzki","tag-wiersz-w-moim-ogrodzie","tag-wieslaw-maliszewski"],"views":226,"_links":{"self":[{"href":"https:\/\/info.sadowne.pl\/index.php?rest_route=\/wp\/v2\/posts\/31478","targetHints":{"allow":["GET"]}}],"collection":[{"href":"https:\/\/info.sadowne.pl\/index.php?rest_route=\/wp\/v2\/posts"}],"about":[{"href":"https:\/\/info.sadowne.pl\/index.php?rest_route=\/wp\/v2\/types\/post"}],"author":[{"embeddable":true,"href":"https:\/\/info.sadowne.pl\/index.php?rest_route=\/wp\/v2\/users\/1"}],"replies":[{"embeddable":true,"href":"https:\/\/info.sadowne.pl\/index.php?rest_route=%2Fwp%2Fv2%2Fcomments&post=31478"}],"version-history":[{"count":4,"href":"https:\/\/info.sadowne.pl\/index.php?rest_route=\/wp\/v2\/posts\/31478\/revisions"}],"predecessor-version":[{"id":31483,"href":"https:\/\/info.sadowne.pl\/index.php?rest_route=\/wp\/v2\/posts\/31478\/revisions\/31483"}],"wp:attachment":[{"href":"https:\/\/info.sadowne.pl\/index.php?rest_route=%2Fwp%2Fv2%2Fmedia&parent=31478"}],"wp:term":[{"taxonomy":"category","embeddable":true,"href":"https:\/\/info.sadowne.pl\/index.php?rest_route=%2Fwp%2Fv2%2Fcategories&post=31478"},{"taxonomy":"post_tag","embeddable":true,"href":"https:\/\/info.sadowne.pl\/index.php?rest_route=%2Fwp%2Fv2%2Ftags&post=31478"}],"curies":[{"name":"wp","href":"https:\/\/api.w.org\/{rel}","templated":true}]}}