{"id":31760,"date":"2026-04-29T17:23:40","date_gmt":"2026-04-29T15:23:40","guid":{"rendered":"http:\/\/info.sadowne.pl\/?p=31760"},"modified":"2026-04-29T17:23:40","modified_gmt":"2026-04-29T15:23:40","slug":"z-historii-sadowianki-wigilia-gminna","status":"publish","type":"post","link":"https:\/\/info.sadowne.pl\/?p=31760","title":{"rendered":"Z historii \u2013 Sadowianki \u2013 Wigilia Gminna"},"content":{"rendered":"<p><strong><a href=\"http:\/\/info.sadowne.pl\/wp-content\/uploads\/2026\/04\/sad1668.jpg\"><img loading=\"lazy\" decoding=\"async\" class=\"alignleft size-thumbnail wp-image-31768\" src=\"http:\/\/info.sadowne.pl\/wp-content\/uploads\/2026\/04\/sad1668-180x130.jpg\" alt=\"\" width=\"180\" height=\"130\" \/><\/a>SADOWNE &#8211; <\/strong><strong>8 grudnia 2024 roku.<\/strong><!--more--><\/p>\n<p><a href=\"http:\/\/info.sadowne.pl\/wp-content\/uploads\/2026\/04\/sad1661.jpg\"><img loading=\"lazy\" decoding=\"async\" class=\"aligncenter size-full wp-image-31761\" src=\"http:\/\/info.sadowne.pl\/wp-content\/uploads\/2026\/04\/sad1661.jpg\" alt=\"\" width=\"472\" height=\"676\" srcset=\"https:\/\/info.sadowne.pl\/wp-content\/uploads\/2026\/04\/sad1661.jpg 472w, https:\/\/info.sadowne.pl\/wp-content\/uploads\/2026\/04\/sad1661-209x300.jpg 209w\" sizes=\"auto, (max-width: 472px) 100vw, 472px\" \/><\/a><\/p>\n<p style=\"text-align: center;\">W\u0142a\u015bnie w tym dniu, w hali sportowej w Sadownem odby\u0142a si\u0119 wigilia pod has\u0142em:<\/p>\n<h2 style=\"text-align: center;\"><span style=\"color: #ff0000;\"><strong>,,WSZYSCY \u00a0RAZEM \u00a0PRZY WIGILIJNYM \u00a0STOLE\u201d<\/strong><\/span><\/h2>\n<p>W spotkaniu uczestniczy\u0142y lokalne w\u0142adze gminne, ksi\u0105dz proboszcz, zaproszeni go\u015bcie, wszystkie Ko\u0142a Gospody\u0144 Wiejskich, kt\u00f3re walczy\u0142y w konkursie o najlepsz\u0105 potraw\u0119 wigilijn\u0105, jednostki stra\u017cackie z gminy, Sadowie\u0144ski Klub Seniora, mieszka\u0144cy Sadownego i my &#8211; Zesp\u00f3\u0142 \u015apiewaczy &#8222;Sadowianki&#8221;. Spotkanie to by\u0142o te\u017c okazj\u0105 do oficjalnego przekazania nowego wozu\u00a0 bojowego dla OSP Sadowne.<\/p>\n<p>Uroczyste spotkanie rozpocz\u0119\u0142a p. Ewa Pi\u00f3rkowska\u00a0\u2013 Dyrektor Gminnego O\u015brodka Kultury w Sadownem, witaj\u0105c przyby\u0142ych.<\/p>\n<p><a href=\"http:\/\/info.sadowne.pl\/wp-content\/uploads\/2026\/04\/sad1662.jpg\"><img loading=\"lazy\" decoding=\"async\" class=\"aligncenter size-full wp-image-31762\" src=\"http:\/\/info.sadowne.pl\/wp-content\/uploads\/2026\/04\/sad1662.jpg\" alt=\"\" width=\"125\" height=\"249\" \/><\/a><\/p>\n<p><a href=\"http:\/\/info.sadowne.pl\/wp-content\/uploads\/2026\/04\/sad1663.jpg\"><img loading=\"lazy\" decoding=\"async\" class=\"aligncenter size-full wp-image-31763\" src=\"http:\/\/info.sadowne.pl\/wp-content\/uploads\/2026\/04\/sad1663.jpg\" alt=\"\" width=\"278\" height=\"389\" srcset=\"https:\/\/info.sadowne.pl\/wp-content\/uploads\/2026\/04\/sad1663.jpg 278w, https:\/\/info.sadowne.pl\/wp-content\/uploads\/2026\/04\/sad1663-214x300.jpg 214w\" sizes=\"auto, (max-width: 278px) 100vw, 278px\" \/><\/a><\/p>\n<p style=\"text-align: center;\">P. Marcin Gr\u0119da \u2013 Zast\u0119pca W\u00f3jta Gminy przedstawi\u0142 uczestnik\u00f3w, cz\u0142onk\u00f3w Komisji Konkursowej i zasady \u201eGminnego konkursu potraw wigilijnych i aran\u017cacji sto\u0142u wigilijnego 2024\u201d<\/p>\n<p><a href=\"http:\/\/info.sadowne.pl\/wp-content\/uploads\/2026\/04\/sad1664.jpg\"><img loading=\"lazy\" decoding=\"async\" class=\"aligncenter size-full wp-image-31764\" src=\"http:\/\/info.sadowne.pl\/wp-content\/uploads\/2026\/04\/sad1664.jpg\" alt=\"\" width=\"225\" height=\"390\" srcset=\"https:\/\/info.sadowne.pl\/wp-content\/uploads\/2026\/04\/sad1664.jpg 225w, https:\/\/info.sadowne.pl\/wp-content\/uploads\/2026\/04\/sad1664-173x300.jpg 173w\" sizes=\"auto, (max-width: 225px) 100vw, 225px\" \/><\/a><\/p>\n<p>&nbsp;<\/p>\n<p style=\"text-align: center;\">P. Waldemar Cyran \u2013 W\u00f3jt Gminy, witaj\u0105c przyby\u0142ych, przedstawi\u0142 w kilku s\u0142owach osi\u0105gni\u0119cia Gminy ostatniego roku oraz opowiedzia\u0142 o tradycji wsp\u00f3lnych spotka\u0144 \u015bwi\u0105tecznych w naszej gminie<\/p>\n<p><a href=\"http:\/\/info.sadowne.pl\/wp-content\/uploads\/2026\/04\/sad1665.jpg\"><img loading=\"lazy\" decoding=\"async\" class=\"aligncenter size-full wp-image-31765\" src=\"http:\/\/info.sadowne.pl\/wp-content\/uploads\/2026\/04\/sad1665.jpg\" alt=\"\" width=\"378\" height=\"392\" srcset=\"https:\/\/info.sadowne.pl\/wp-content\/uploads\/2026\/04\/sad1665.jpg 378w, https:\/\/info.sadowne.pl\/wp-content\/uploads\/2026\/04\/sad1665-289x300.jpg 289w\" sizes=\"auto, (max-width: 378px) 100vw, 378px\" \/><\/a><\/p>\n<p style=\"text-align: center;\">Z \u017cyczeniami do wszystkich zwr\u00f3ci\u0142a si\u0119 p. Ewa Orze\u0142owska <strong>\u2013 <\/strong>Cz\u0142onek Zarz\u0105du Wojew\u00f3dztwa Mazowieckiego<\/p>\n<p><img loading=\"lazy\" decoding=\"async\" class=\"aligncenter size-full wp-image-31766\" src=\"http:\/\/info.sadowne.pl\/wp-content\/uploads\/2026\/04\/sad1666.jpg\" alt=\"\" width=\"232\" height=\"393\" srcset=\"https:\/\/info.sadowne.pl\/wp-content\/uploads\/2026\/04\/sad1666.jpg 232w, https:\/\/info.sadowne.pl\/wp-content\/uploads\/2026\/04\/sad1666-177x300.jpg 177w\" sizes=\"auto, (max-width: 232px) 100vw, 232px\" \/><\/p>\n<p style=\"text-align: center;\">i p. Marek Renik \u2013 Wicestarosta W\u0119growski<\/p>\n<p><a href=\"http:\/\/info.sadowne.pl\/wp-content\/uploads\/2026\/04\/sad1667.jpg\"><img loading=\"lazy\" decoding=\"async\" class=\"aligncenter size-full wp-image-31767\" src=\"http:\/\/info.sadowne.pl\/wp-content\/uploads\/2026\/04\/sad1667.jpg\" alt=\"\" width=\"376\" height=\"511\" srcset=\"https:\/\/info.sadowne.pl\/wp-content\/uploads\/2026\/04\/sad1667.jpg 376w, https:\/\/info.sadowne.pl\/wp-content\/uploads\/2026\/04\/sad1667-221x300.jpg 221w\" sizes=\"auto, (max-width: 376px) 100vw, 376px\" \/><\/a><\/p>\n<p style=\"text-align: center;\">Ks. proboszcz Antoni Kunicki, odm\u00f3wi\u0142 kr\u00f3tk\u0105 modlitw\u0119, po\u015bwi\u0119ci\u0142 op\u0142atki, kt\u00f3rymi podzielili si\u0119 wszyscy obecni na spotkaniu<\/p>\n<p style=\"text-align: center;\">Nast\u0119pnie na scen\u0119 zaproszono nas \u2013<\/p>\n<h3 style=\"text-align: center;\"><strong>Zesp\u00f3\u0142 \u015apiewaczy &#8222;Sadowianki&#8221;<\/strong><\/h3>\n<p><a href=\"http:\/\/info.sadowne.pl\/wp-content\/uploads\/2026\/04\/sad1668.jpg\"><img loading=\"lazy\" decoding=\"async\" class=\"aligncenter size-full wp-image-31768\" src=\"http:\/\/info.sadowne.pl\/wp-content\/uploads\/2026\/04\/sad1668.jpg\" alt=\"\" width=\"608\" height=\"316\" srcset=\"https:\/\/info.sadowne.pl\/wp-content\/uploads\/2026\/04\/sad1668.jpg 608w, https:\/\/info.sadowne.pl\/wp-content\/uploads\/2026\/04\/sad1668-300x156.jpg 300w\" sizes=\"auto, (max-width: 608px) 100vw, 608px\" \/><\/a><\/p>\n<p><a href=\"http:\/\/info.sadowne.pl\/wp-content\/uploads\/2026\/04\/sad1669.jpg\"><img loading=\"lazy\" decoding=\"async\" class=\"aligncenter size-full wp-image-31769\" src=\"http:\/\/info.sadowne.pl\/wp-content\/uploads\/2026\/04\/sad1669.jpg\" alt=\"\" width=\"608\" height=\"233\" srcset=\"https:\/\/info.sadowne.pl\/wp-content\/uploads\/2026\/04\/sad1669.jpg 608w, https:\/\/info.sadowne.pl\/wp-content\/uploads\/2026\/04\/sad1669-300x115.jpg 300w\" sizes=\"auto, (max-width: 608px) 100vw, 608px\" \/><\/a><\/p>\n<p><a href=\"http:\/\/info.sadowne.pl\/wp-content\/uploads\/2026\/04\/sad1670.jpg\"><img loading=\"lazy\" decoding=\"async\" class=\"aligncenter size-full wp-image-31770\" src=\"http:\/\/info.sadowne.pl\/wp-content\/uploads\/2026\/04\/sad1670.jpg\" alt=\"\" width=\"609\" height=\"343\" srcset=\"https:\/\/info.sadowne.pl\/wp-content\/uploads\/2026\/04\/sad1670.jpg 609w, https:\/\/info.sadowne.pl\/wp-content\/uploads\/2026\/04\/sad1670-300x169.jpg 300w\" sizes=\"auto, (max-width: 609px) 100vw, 609px\" \/><\/a><\/p>\n<p><a href=\"http:\/\/info.sadowne.pl\/wp-content\/uploads\/2026\/04\/sad1671.jpg\"><img loading=\"lazy\" decoding=\"async\" class=\"aligncenter size-full wp-image-31771\" src=\"http:\/\/info.sadowne.pl\/wp-content\/uploads\/2026\/04\/sad1671.jpg\" alt=\"\" width=\"605\" height=\"435\" srcset=\"https:\/\/info.sadowne.pl\/wp-content\/uploads\/2026\/04\/sad1671.jpg 605w, https:\/\/info.sadowne.pl\/wp-content\/uploads\/2026\/04\/sad1671-300x216.jpg 300w, https:\/\/info.sadowne.pl\/wp-content\/uploads\/2026\/04\/sad1671-180x130.jpg 180w\" sizes=\"auto, (max-width: 605px) 100vw, 605px\" \/><\/a><\/p>\n<p><a href=\"http:\/\/info.sadowne.pl\/wp-content\/uploads\/2026\/04\/sad1672.jpg\"><img loading=\"lazy\" decoding=\"async\" class=\"aligncenter size-full wp-image-31772\" src=\"http:\/\/info.sadowne.pl\/wp-content\/uploads\/2026\/04\/sad1672.jpg\" alt=\"\" width=\"605\" height=\"297\" srcset=\"https:\/\/info.sadowne.pl\/wp-content\/uploads\/2026\/04\/sad1672.jpg 605w, https:\/\/info.sadowne.pl\/wp-content\/uploads\/2026\/04\/sad1672-300x147.jpg 300w\" sizes=\"auto, (max-width: 605px) 100vw, 605px\" \/><\/a><\/p>\n<p>Przedstawili\u015bmy specjalnie przygotowany na t\u0119 okazj\u0119 \u015bwi\u0105teczny repertuar, w kt\u00f3rym bo\u017conarodzeniowe wiersze przeplata\u0142y znane wszystkim kol\u0119dy. W\u0142a\u015bnie te kol\u0119dy zach\u0119ca\u0142y uczestnik\u00f3w spotkania do wsp\u00f3lnego \u015bpiewu.<\/p>\n<p>Na zako\u0144czenie wyst\u0119pu za\u015bpiewali\u015bmy pi\u0119kn\u0105, podnios\u0142\u0105 kol\u0119d\u0119: <strong>,,B\u00f3g Si\u0119 rodzi\u201d, <\/strong>po kt\u00f3rej zeszli\u015bmy ze sceny i r<strong>ozpocz\u0119\u0142a si\u0119 wieczerza wigilijna. <\/strong>Na sto\u0142ach zawita\u0142y przer\u00f3\u017cne potrawy wigilijne, r\u00f3wnie\u017c te, kt\u00f3re zg\u0142oszono do konkursu KGW.<\/p>\n<p>Nag\u0142o\u015bnienie tym razem by\u0142o perfekcyjne, wi\u0119c doskonale u\u015bwietni\u0142o nasz wyst\u0119p.<\/p>\n<h3>Cytat ze strony info.sadowne: <span style=\"color: #0000ff;\"><strong>,,\u015awietny wyst\u0119p. Brawo!&#8221;<\/strong><\/span><\/h3>\n<h3 style=\"text-align: center;\"><em><strong>Dzi<\/strong><strong>\u0119<\/strong><strong>kujemy Panie S<\/strong><strong>\u0142<\/strong><strong>awku za ciep<\/strong><strong>\u0142<\/strong><strong>e, pe<\/strong><strong>\u0142<\/strong><strong>ne pochwa<\/strong><strong>\u0142<\/strong><strong>y s<\/strong><strong>\u0142<\/strong><strong>owa skierowane wprost do naszych serc &#8211; <\/strong><\/em><\/h3>\n<h3 style=\"text-align: center;\"><span style=\"color: #ff0000;\"><strong>Zespo\u0142u \u015apiewaczego &#8222;Sadowianki&#8221;<\/strong><\/span><\/h3>\n<p><a href=\"http:\/\/info.sadowne.pl\/wp-content\/uploads\/2026\/04\/sad1673.jpg\"><img loading=\"lazy\" decoding=\"async\" class=\"aligncenter size-full wp-image-31773\" src=\"http:\/\/info.sadowne.pl\/wp-content\/uploads\/2026\/04\/sad1673.jpg\" alt=\"\" width=\"605\" height=\"766\" srcset=\"https:\/\/info.sadowne.pl\/wp-content\/uploads\/2026\/04\/sad1673.jpg 605w, https:\/\/info.sadowne.pl\/wp-content\/uploads\/2026\/04\/sad1673-237x300.jpg 237w\" sizes=\"auto, (max-width: 605px) 100vw, 605px\" \/><\/a><\/p>\n<p style=\"text-align: center;\">Basia Wr\u00f3bel i Krysia Wetoszka przy wigilijnym stole<\/p>\n<p style=\"text-align: center;\"><strong>Wsp\u00f3lna Wigilia,<\/strong><\/p>\n<p style=\"text-align: center;\"><strong>to jedna z wielu inicjatyw gminnych, maj\u0105ca kluczowe znaczenie,\u00a0 <\/strong><strong>jest pe\u0142na symboliki, kt\u00f3ra \u0142\u0105czy mieszka\u0144c\u00f3w i buduje poczucie wsp\u00f3lnoty, stanowi te\u017c wa\u017cny element tradycji przekazywanych pokoleniowo, <\/strong><strong>nios\u0105c z sob\u0105 emocje, kt\u00f3re pozostaj\u0105 w sercach na d\u0142ugo.<\/strong><\/p>\n<p style=\"text-align: center;\"><strong>\u017byczymy wszystkim radosnych \u015bwi\u0105t!<\/strong><\/p>\n<p><strong> <a href=\"http:\/\/info.sadowne.pl\/wp-content\/uploads\/2026\/04\/sad1674.jpg\"><img loading=\"lazy\" decoding=\"async\" class=\"aligncenter size-full wp-image-31774\" src=\"http:\/\/info.sadowne.pl\/wp-content\/uploads\/2026\/04\/sad1674.jpg\" alt=\"\" width=\"78\" height=\"90\" \/><\/a><\/strong><\/p>\n<p><strong>\u0179r\u00f3d\u0142o:<\/strong> &#8222;Sadowianki&#8221;, Barbara Wr\u00f3bel, Sadowne 2025<\/p>\n<p>&nbsp;<\/p>\n<p><strong>\u00a0<\/strong><\/p>\n","protected":false},"excerpt":{"rendered":"<p>SADOWNE &#8211; 8 grudnia 2024 roku.<\/p>\n","protected":false},"author":1,"featured_media":0,"comment_status":"closed","ping_status":"closed","sticky":false,"template":"","format":"standard","meta":{"footnotes":""},"categories":[5,31,1202],"tags":[1218,101,960],"class_list":["post-31760","post","type-post","status-publish","format-standard","hentry","category-newsy","category-historia-gminy","category-zespol-spiewaczy-sadowianki","tag-barbara-wrobel","tag-historia-gminy-sadowne","tag-zespol-spiewaczy-sadowianki"],"views":36,"_links":{"self":[{"href":"https:\/\/info.sadowne.pl\/index.php?rest_route=\/wp\/v2\/posts\/31760","targetHints":{"allow":["GET"]}}],"collection":[{"href":"https:\/\/info.sadowne.pl\/index.php?rest_route=\/wp\/v2\/posts"}],"about":[{"href":"https:\/\/info.sadowne.pl\/index.php?rest_route=\/wp\/v2\/types\/post"}],"author":[{"embeddable":true,"href":"https:\/\/info.sadowne.pl\/index.php?rest_route=\/wp\/v2\/users\/1"}],"replies":[{"embeddable":true,"href":"https:\/\/info.sadowne.pl\/index.php?rest_route=%2Fwp%2Fv2%2Fcomments&post=31760"}],"version-history":[{"count":1,"href":"https:\/\/info.sadowne.pl\/index.php?rest_route=\/wp\/v2\/posts\/31760\/revisions"}],"predecessor-version":[{"id":31775,"href":"https:\/\/info.sadowne.pl\/index.php?rest_route=\/wp\/v2\/posts\/31760\/revisions\/31775"}],"wp:attachment":[{"href":"https:\/\/info.sadowne.pl\/index.php?rest_route=%2Fwp%2Fv2%2Fmedia&parent=31760"}],"wp:term":[{"taxonomy":"category","embeddable":true,"href":"https:\/\/info.sadowne.pl\/index.php?rest_route=%2Fwp%2Fv2%2Fcategories&post=31760"},{"taxonomy":"post_tag","embeddable":true,"href":"https:\/\/info.sadowne.pl\/index.php?rest_route=%2Fwp%2Fv2%2Ftags&post=31760"}],"curies":[{"name":"wp","href":"https:\/\/api.w.org\/{rel}","templated":true}]}}