{"id":31779,"date":"2026-04-30T15:31:42","date_gmt":"2026-04-30T13:31:42","guid":{"rendered":"http:\/\/info.sadowne.pl\/?p=31779"},"modified":"2026-04-30T15:31:42","modified_gmt":"2026-04-30T13:31:42","slug":"swieto-konstytucji-3-maja-2","status":"publish","type":"post","link":"https:\/\/info.sadowne.pl\/?p=31779","title":{"rendered":"\u015awi\u0119to Konstytucji 3 Maja"},"content":{"rendered":"<p><a href=\"http:\/\/info.sadowne.pl\/wp-content\/uploads\/2026\/04\/2026.04.30.1.jpg\" target=\"_blank\" rel=\"noopener\"><img loading=\"lazy\" decoding=\"async\" class=\"alignleft wp-image-31780 size-thumbnail\" src=\"http:\/\/info.sadowne.pl\/wp-content\/uploads\/2026\/04\/2026.04.30.1-180x130.jpg\" alt=\"\" width=\"180\" height=\"130\" \/><\/a><\/p>\n<p><strong>Konstytucj\u0119 3 maja uchwalono w 1791 roku. Szko\u0142a Podstawowa im. b\u0142. ks. Edwarda Grzyma\u0142y w Sadownem uczci\u0142a jej 235. rocznic\u0119 uroczyst\u0105 akademi\u0105.<\/strong><!--more--><\/p>\n<p>3 maja 1791 roku Sejm Czteroletni przyj\u0105\u0142 ustaw\u0119 rz\u0105dow\u0105, kt\u00f3ra przesz\u0142a do historii jako Konstytucja 3 maja. By\u0142a to druga na \u015bwiecie i pierwsza w Europie ustawa reguluj\u0105ca organizacj\u0119 w\u0142adz pa\u0144stwowych, a tak\u017ce prawa i obowi\u0105zki obywateli, wci\u0105\u017c jeszcze podzielonych na stany.<\/p>\n<p>Po upadku Rzeczypospolitej Konstytucja 3 maja sta\u0142a si\u0119 symbolem wielkich dokona\u0144 i dowodem na to, \u017ce mo\u017cna by\u0142o stworzy\u0107 silne, sprawne i nowoczesne pa\u0144stwo. Legenda Konstytucji pobudza\u0142a do walk o jego odrodzenie przez ca\u0142y okres zabor\u00f3w. Polacy dzi\u0119ki przyj\u0119ciu Konstytucji 3 maja odzyskali poczucie w\u0142asnej warto\u015bci i szacunek dla swego politycznego dziedzictwa. W latach niewoli by\u0142y to wa\u017cne czynniki wzmacniaj\u0105ce wol\u0119 walki o odzyskanie pa\u0144stwowo\u015bci.<\/p>\n<p>30 kwietnia 2026 roku w Szkole Podstawowej im. b\u0142. ks. Edwarda Grzyma\u0142y w Sadownem odby\u0142a si\u0119 uroczysta akademia upami\u0119tniaj\u0105ca to wydarzenie. Po wprowadzeniu do hali sportowej sztandaru Szko\u0142y i od\u015bpiewaniu hymnu pa\u0144stwowego, g\u0142os zabra\u0142a p. dyrektor Ma\u0142gorzat Koro\u015b, kt\u00f3ra w kilku s\u0142owach nakre\u015bli\u0142a rys historyczny uchwalenia Konstytucji 3 maja, a tak\u017ce powita\u0142a przyby\u0142ych na uroczysto\u015b\u0107 go\u015bci. Uroczysto\u015b\u0107 swoj\u0105 obecno\u015bci\u0105 zaszczycili m.in. pp.: Waldemar Cyran \u2013 W\u00f3jt Gminy Sadowne, Marcin Gr\u0119da \u2013 Zast\u0119pca W\u00f3jta Gminy Sadowne, Tomasz Szymanik \u2013 Przewodnicz\u0105cy Rady Gminy Sadowne, Anna Rukat \u2013 Skarbnik Gminy Sadowne, ks. Antoni Kunicki \u2013 Proboszcz Parafii Sadowne, Agata S\u0119dek \u2013 Dyrektor Przedszkola w Sadownem, Janusz Urbankowski \u2013 opiekun Muzeum Ziemi Sadowie\u0144skiej, nauczyciele, uczniowie i przedstawiciele Rady Rodzic\u00f3w SP Sadowne.<\/p>\n<p>Po wyst\u0105pieniu p. Dyrektor i p. Waldemara Cyrana, \u201eg\u0142os\u201d zabrali uczniowie, kt\u00f3rzy zaprezentowali tematyczny monta\u017c s\u0142owno \u2013 muzyczny. Zawiera\u0142 on tak\u017ce prezentacj\u0119 polskich barw narodowych, b\u0119d\u0105c\u0105 przypomnieniem o nadchodz\u0105cym \u2013 2 maja \u2013 \u015awi\u0119cie Flagi.<\/p>\n<p>Na zako\u0144czenie uroczysto\u015bci jeszcze \u201eS\u0142owo Bo\u017ce\u201d od ks. Antoniego Kunickiego, zawieraj\u0105ce r\u00f3wnie\u017c podzi\u0119kowanie za przygotowanie tej uroczysto\u015bci i utrwalanie tak wa\u017cnych dla nas wydarze\u0144 z historii Polski.<\/p>\n<p>A na zako\u0144czenie: p. Dyrektor poinformowa\u0142a o sukcesie sportowym swoich uczennic. Ot\u00f3\u017c, 24 kwietnia br. w Szkole Podstawowej w Sk\u00f3rcu odby\u0142y si\u0119 Mi\u0119dzypowiatowe Zawody w \u201e6\u201d pi\u0142karskich w kategorii dziewcz\u0105t klas VI i m\u0142odszych. W zawodach tych startowa\u0142o 7 najlepszych dru\u017cyn z poszczeg\u00f3lnych powiat\u00f3w Regionu Siedleckiego. Zesp\u00f3\u0142 Szko\u0142y Podstawowej w Sadownem dzielnie walczy\u0142 i w \u015bwietnym stylu zaj\u0105\u0142 III miejsce \u2013 do domu wr\u00f3ci\u0142 z pucharem. Gratulacje!<\/p>\n<p>Reprezentacja naszej szko\u0142y: Ciok Liliana, Miko\u0142ajczyk Laura, K\u0105dziela Zuzanna, K\u0105dziela Agata, Szymanik Milena, G\u00f3ral Marianna, J\u00f3\u017awik Natalia, Decyk Marianna i Zy\u015bk Milena. Opiekun \u2013 p. Ma\u0142gorzata Zy\u015bk. Wi\u0119cej o wydarzeniu na stronie <strong><span style=\"color: #0000ff;\"><a style=\"color: #0000ff;\" href=\"https:\/\/www.facebook.com\/profile.php?id=100064098244886#\" target=\"_blank\" rel=\"noopener\">https:\/\/www.facebook.com\/profile.php?id=100064098244886#<\/a><\/span>.<\/strong><\/p>\n<p>Ostatni etap \u015bwi\u0105tecznego spotkania, to wsp\u00f3lne zdj\u0119cie jego uczestnik\u00f3w.<\/p>\n<p>Warto tu wspomnie\u0107, \u017ce uroczysto\u015b\u0107 szkoln\u0105 przygotowali: p. Mariola Konik, p. Sylwia Ilczuk, p. Aneta Popowska \u2013 Filipiak, p. Katarzyna Sk\u00f3ra, p. Karolina Szczube\u0142ek i p. Paulina Tomasik. Dzi\u0119kujemy\u2026.<\/p>\n<p><span style=\"color: #0000ff;\"><a style=\"color: #0000ff;\" href=\"https:\/\/photos.app.goo.gl\/Tizv9D22Pop34FEN8\" target=\"_blank\" rel=\"noopener\"><strong>Zdj\u0119cia w galerii Google&gt;&gt;&gt;<\/strong><\/a><\/span><\/p>\n<p><strong>Tekst\/foto:<\/strong> S\u0142awek Chyli\u0144ski<\/p>\n","protected":false},"excerpt":{"rendered":"<p>Konstytucj\u0119 3 maja uchwalono w 1791 roku. Szko\u0142a Podstawowa im. b\u0142. ks. Edwarda Grzyma\u0142y w Sadownem uczci\u0142a jej 235. rocznic\u0119 uroczyst\u0105 akademi\u0105.<\/p>\n","protected":false},"author":1,"featured_media":0,"comment_status":"closed","ping_status":"closed","sticky":false,"template":"","format":"standard","meta":{"footnotes":""},"categories":[5,1752,84],"tags":[3131,25,4399,16],"class_list":["post-31779","post","type-post","status-publish","format-standard","hentry","category-newsy","category-edukacja","category-szkola-podstawowa-im-cz-wycecha","tag-malgorzata-koros","tag-sadowne","tag-swieto-konstytucji-3-maja-w-sp-sadowne","tag-szkola-podstawowa-w-sadownem"],"views":80,"_links":{"self":[{"href":"https:\/\/info.sadowne.pl\/index.php?rest_route=\/wp\/v2\/posts\/31779","targetHints":{"allow":["GET"]}}],"collection":[{"href":"https:\/\/info.sadowne.pl\/index.php?rest_route=\/wp\/v2\/posts"}],"about":[{"href":"https:\/\/info.sadowne.pl\/index.php?rest_route=\/wp\/v2\/types\/post"}],"author":[{"embeddable":true,"href":"https:\/\/info.sadowne.pl\/index.php?rest_route=\/wp\/v2\/users\/1"}],"replies":[{"embeddable":true,"href":"https:\/\/info.sadowne.pl\/index.php?rest_route=%2Fwp%2Fv2%2Fcomments&post=31779"}],"version-history":[{"count":1,"href":"https:\/\/info.sadowne.pl\/index.php?rest_route=\/wp\/v2\/posts\/31779\/revisions"}],"predecessor-version":[{"id":31781,"href":"https:\/\/info.sadowne.pl\/index.php?rest_route=\/wp\/v2\/posts\/31779\/revisions\/31781"}],"wp:attachment":[{"href":"https:\/\/info.sadowne.pl\/index.php?rest_route=%2Fwp%2Fv2%2Fmedia&parent=31779"}],"wp:term":[{"taxonomy":"category","embeddable":true,"href":"https:\/\/info.sadowne.pl\/index.php?rest_route=%2Fwp%2Fv2%2Fcategories&post=31779"},{"taxonomy":"post_tag","embeddable":true,"href":"https:\/\/info.sadowne.pl\/index.php?rest_route=%2Fwp%2Fv2%2Ftags&post=31779"}],"curies":[{"name":"wp","href":"https:\/\/api.w.org\/{rel}","templated":true}]}}