{"id":3291,"date":"2013-10-02T20:07:02","date_gmt":"2013-10-02T18:07:02","guid":{"rendered":"http:\/\/www.infosadowne.boo.pl\/?p=3291"},"modified":"2013-11-17T09:17:00","modified_gmt":"2013-11-17T08:17:00","slug":"wlasny-jagodnik","status":"publish","type":"post","link":"https:\/\/info.sadowne.pl\/?p=3291","title":{"rendered":"Sadzimy krzewy owocowe"},"content":{"rendered":"<p style=\"text-align: justify;\"><strong><img loading=\"lazy\" decoding=\"async\" class=\"alignleft size-thumbnail wp-image-3292\" alt=\"2013.10.03\" src=\"http:\/\/www.info.sadowne.pl\/wp-content\/uploads\/2013\/10\/2013.10.03-180x130.jpg\" width=\"180\" height=\"130\" \/>Jak zagospodarowa\u0107 ogr\u00f3d? Jakie ro\u015bliny w nim posadzi\u0107? Kiedy i jakie prace wykona\u0107 w swoim ogrodzie?<\/strong> <!--more--><strong>A mo\u017ce wykorzysta\u0107 ciekawy pomys\u0142 s\u0105siada? <\/strong><\/p>\n<p style=\"text-align: justify;\">Takie\u00a0 i inne pytania nurtuj\u0105 ka\u017cdego posiadacza przydomowego ogr\u00f3dka, dlatego w nowej kategorii publikacji pn. \u201eW OGRODZIE\u201d postaramy si\u0119 przybli\u017cy\u0107 Pa\u0144stwu, w miar\u0119 mo\u017cliwo\u015bci, ciekawe pomys\u0142y z tej dziedziny. Oczywi\u015bcie b\u0119dziemy posi\u0142kowa\u0107 si\u0119 fachow\u0105 literatur\u0105 i do\u015bwiadczeniem ogrodnik\u00f3w \u2013 internaut\u00f3w. Oczekujemy te\u017c na propozycje Pa\u0144stwa &#8211; mieszka\u0144c\u00f3w naszej gminy. Mo\u017ce podpowiecie Pa\u0144stwo swoim s\u0105siadom jakie ro\u015bliny uodporni\u0142y si\u0119 na nasz klimat, jak wzbogaca\u0107 nasze, do\u015b\u0107 ja\u0142owe gleby, a mo\u017ce jak zwalcza\u0107 szkodniki ogrodowe lub n\u0119kaj\u0105ce nasz ogr\u00f3d gryzonie? Ch\u0119tnie te\u017c poka\u017cemy na naszym Portalu fotografie Pa\u0144stwa ogrod\u00f3w, ciekawych kompozycji ro\u015blin lub wyj\u0105tkowych owoc\u00f3w, warzyw, kt\u00f3re Pa\u0144stwo osobi\u015bcie wyhodowali\u015bcie.<\/p>\n<p style=\"text-align: justify;\">Czekamy na propozycje, a cykl rozpoczynamy od pomys\u0142u stworzenia we w\u0142asnym ogrodzie jagodnika zawieraj\u0105cego krzewy, kt\u00f3re s\u0105 odporne na do\u015b\u0107 surowy klimat naszej gminy.<\/p>\n<p style=\"text-align: justify;\"><strong>Jagodnik<\/strong><\/p>\n<p style=\"text-align: justify;\">We w\u0142asnym ogrodzie przydomowym mo\u017cemy wyprodukowa\u0107 owoce, co do kt\u00f3rych mamy pewno\u015b\u0107, \u017ce s\u0105 rzeczywi\u015bcie zdrowe. Gdy mamy za du\u017co owoc\u00f3w latem, mo\u017cna z\u00a0nich przyrz\u0105dzi\u0107 na zim\u0119 wspania\u0142e d\u017cemy, galaretki, konfitury czy soki. Owoce te mo\u017cna te\u017c zamra\u017ca\u0107. W\u00a0handlu spotyka si\u0119 z\u00a0regu\u0142y tylko kilka podstawowych gatunk\u00f3w krzew\u00f3w owocowych, natomiast w\u00a0ogrodzie mo\u017cna uprawia\u0107 ich ponad 20.<\/p>\n<p style=\"text-align: justify;\"><b>Gdzie sadzi\u0107?<\/b><br \/>\nPrawie wszystkie krzewy, z\u00a0wyj\u0105tkiem\u00a0bor\u00f3wki ameryka\u0144skiej, nie maj\u0105 du\u017cych wymaga\u0144 i\u00a0mog\u0105 rosn\u0105\u0107 praktycznie w\u00a0ka\u017cdej glebie, o\u00a0ile zapewnimy im odpowiedni\u0105 ilo\u015b\u0107 wody i\u00a0regularne nawo\u017cenie. Oczywi\u015bcie, najlepsza jest\u00a0gleba pr\u00f3chniczna\u00a0z\u00a0du\u017c\u0105 zawarto\u015bci\u0105 materii organicznej, kt\u00f3r\u0105 mo\u017cna dostarczy\u0107 w\u00a0postaci obornika lub\u00a0kompostu. Wa\u017cny jest r\u00f3wnie\u017c wyb\u00f3r w\u0142a\u015bciwego stanowiska. Aby owoce wytworzy\u0142y odpowiedni\u0105 ilo\u015b\u0107 cukr\u00f3w, powinny rosn\u0105\u0107 w\u00a0miejscach s\u0142onecznych lub cz\u0119\u015bciowo nas\u0142onecznionych.<\/p>\n<p style=\"text-align: justify;\">Porzeczki,\u00a0agrest\u00a0czy\u00a0aroni\u0119\u00a0mo\u017cna posadzi\u0107 zwyczajnie na\u00a0trawniku. Wystarczy je tylko oddzieli\u0107 od trawy, np. kor\u0105. W\u00a0wi\u0119kszych ogrodach popularne jest\u00a0tworzenie tzw. jagodnika, czyli wydzielenie specjalnej cz\u0119\u015bci u\u017cytkowej, na kt\u00f3rej rosn\u0105 krzewy owocowe w\u00a0skupinie lub w\u00a0rz\u0105dkach i\u00a0szpalerach.<\/p>\n<p style=\"text-align: justify;\"><b>Polecane odmiany owocowe<\/b><br \/>\nPrzed zakupem krzewu warto dowiedzie\u0107 si\u0119, czy odmiana jest odporna lub przynajmniej tolerancyjna wobec\u00a0najgro\u017aniejszych chor\u00f3b\u00a0i\u00a0szkodnik\u00f3w, gdy\u017c w naszym ogrodzie trudno b\u0119dzie wykonywa\u0107 regularne\u00a0opryski \u015brodkami chemicznymi, tak jak ma to miejsce na plantacjach towarowych. Ponadto polecane odmiany powinny by\u0107 \u0142atwe w\u00a0prowadzeniu i\u00a0dawa\u0107 smaczne owoce.<\/p>\n<p style=\"text-align: justify;\">Oto kilka polecanych krzew\u00f3w:<\/p>\n<p style=\"text-align: justify;\"><img loading=\"lazy\" decoding=\"async\" class=\"alignleft size-thumbnail wp-image-3296\" alt=\"2013.10.03.4\" src=\"http:\/\/www.info.sadowne.pl\/wp-content\/uploads\/2013\/10\/2013.10.03.4-180x130.jpg\" width=\"180\" height=\"130\" \/>\u2022\u00a0<strong>Agrest\u00a0<\/strong>&#8211; owoce agrestu zawieraj\u0105 cenne dla naszego organizmu\u00a0zwi\u0105zki fenolowe\u00a0pe\u0142ni\u0105ce rol\u0119 przeciwutleniaczy, kt\u00f3re zapobiegaj\u0105 powstawaniu nowotwor\u00f3w z\u0142o\u015bliwych. Agrest mo\u017cna dodawa\u0107 do wypiek\u00f3w, kompot\u00f3w lub d\u017cem\u00f3w, a\u00a0gdy owoce s\u0105 w\u00a0pe\u0142ni dojrza\u0142e, mo\u017cna je spo\u017cywa\u0107 na surowo.<\/p>\n<p style=\"text-align: justify;\">\u00a0<img loading=\"lazy\" decoding=\"async\" class=\"alignright size-thumbnail wp-image-3297\" alt=\"2013.10.03.1\" src=\"http:\/\/www.info.sadowne.pl\/wp-content\/uploads\/2013\/10\/2013.10.03.1-180x130.jpg\" width=\"180\" height=\"130\" srcset=\"https:\/\/info.sadowne.pl\/wp-content\/uploads\/2013\/10\/2013.10.03.1-180x130.jpg 180w, https:\/\/info.sadowne.pl\/wp-content\/uploads\/2013\/10\/2013.10.03.1-300x215.jpg 300w, https:\/\/info.sadowne.pl\/wp-content\/uploads\/2013\/10\/2013.10.03.1.jpg 344w\" sizes=\"auto, (max-width: 180px) 100vw, 180px\" \/>\u2022\u00a0<strong>Bor\u00f3wka wysoka (ameryka\u0144ska)<\/strong>\u00a0&#8211; mo\u017cna j\u0105 uprawia\u0107 prawie bez stosowania \u015brodk\u00f3w ochrony ro\u015blin. Aby osi\u0105gn\u0105\u0107 powodzenie w\u00a0uprawie bor\u00f3wki, musimy przede wszystkim zapewni\u0107 jej sadzonkom\u00a0w\u0142a\u015bciwy odczyn gleby.\u00a0 Odpowiednie pH dla bor\u00f3wki\u00a0powinno wynosi\u0107 3,5-4,5. Jest to ro\u015blina, kt\u00f3ra dobrze ro\u015bnie i\u00a0obficie plonuje tylko na stanowiskach z\u00a0kwa\u015bnym, pr\u00f3chnicznym pod\u0142o\u017cem bogatym w\u00a0materi\u0119 organiczn\u0105.<\/p>\n<p style=\"text-align: justify;\"><img loading=\"lazy\" decoding=\"async\" class=\"alignleft size-thumbnail wp-image-3298\" alt=\"2013.10.03.6\" src=\"http:\/\/www.info.sadowne.pl\/wp-content\/uploads\/2013\/10\/2013.10.03.6-180x130.jpg\" width=\"180\" height=\"130\" \/>\u2022\u00a0<strong>Malina\u00a0<\/strong>&#8211; w\u00a0sprzeda\u017cy wyst\u0119puj\u0105 odmiany owocuj\u0105ce tradycyjnie na p\u0119dach dwuletnich, jak i\u00a0powtarzaj\u0105cych owocowanie, kt\u00f3re zawi\u0105zuj\u0105 owoce na p\u0119dach tegorocznych. Pierwsze dostarczaj\u0105 owoc\u00f3w ju\u017c od pocz\u0105tku wakacji, natomiast drugie rozpoczynaj\u0105 owocowanie nieco p\u00f3\u017aniej, ale za to owoce mo\u017cna zbiera\u0107 z\u00a0krzew\u00f3w a\u017c do przymrozk\u00f3w.<\/p>\n<p style=\"text-align: justify;\"><img loading=\"lazy\" decoding=\"async\" class=\"alignright size-thumbnail wp-image-3293\" alt=\"2013.10.03.5\" src=\"http:\/\/www.info.sadowne.pl\/wp-content\/uploads\/2013\/10\/2013.10.03.5-180x130.jpg\" width=\"180\" height=\"130\" \/>\u2022\u00a0<strong>Porzeczka czerwona\u00a0i porzeczka bia\u0142a<\/strong> -rodzi smaczne i\u00a0dietetyczne owoce, kt\u00f3re mo\u017cemy spo\u017cywa\u0107 w\u00a0stanie \u015bwie\u017cym oraz przygotowywa\u0107 z\u00a0nich r\u00f3\u017cne przetwory: kompoty, galaretki czy konfitury.\u00a0 Z\u00a03-4\u00a0krzew\u00f3w mo\u017cemy uzyska\u0107 nawet kilkana\u015bcie kilogram\u00f3w owoc\u00f3w.<\/p>\n<p style=\"text-align: justify;\"><img loading=\"lazy\" decoding=\"async\" class=\"alignleft size-thumbnail wp-image-3294\" alt=\"2013.10.03.2\" src=\"http:\/\/www.info.sadowne.pl\/wp-content\/uploads\/2013\/10\/2013.10.03.2-180x130.jpg\" width=\"180\" height=\"130\" \/>\u2022\u00a0<strong>Porzeczka czarna\u00a0<\/strong>&#8211; owoce porzeczki czarnej maj\u0105 kilkakrotnie wi\u0119cej witaminy C\u00a0ni\u017c np. cytryna. Ze wzgl\u0119du na ciemn\u0105 barw\u0119 sk\u00f3rki maj\u0105 r\u00f3wnie\u017c cenne dla zdrowia\u00a0antocyjany. Porzeczka czarna owocuje ju\u017c w\u00a0drugim roku po posadzeniu, nieco s\u0142abiej ni\u017c czerwona.<\/p>\n<p style=\"text-align: justify;\"><span style=\"color: #0000ff;\"><strong>\u00a0<\/strong><\/span><\/p>\n","protected":false},"excerpt":{"rendered":"<p>Jak zagospodarowa\u0107 ogr\u00f3d? Jakie ro\u015bliny w nim posadzi\u0107? Kiedy i jakie prace wykona\u0107 w swoim ogrodzie?<\/p>\n","protected":false},"author":1,"featured_media":0,"comment_status":"open","ping_status":"open","sticky":false,"template":"","format":"standard","meta":{"footnotes":""},"categories":[5,414],"tags":[417,318,416,415,418,419,420],"class_list":["post-3291","post","type-post","status-publish","format-standard","hentry","category-newsy","category-w-ogrodzie","tag-agrest","tag-borowka-amerykanska","tag-malina","tag-ogrod","tag-porzeczka-biala","tag-porzeczka-czarna","tag-porzeczka-czerwona"],"views":3161,"_links":{"self":[{"href":"https:\/\/info.sadowne.pl\/index.php?rest_route=\/wp\/v2\/posts\/3291","targetHints":{"allow":["GET"]}}],"collection":[{"href":"https:\/\/info.sadowne.pl\/index.php?rest_route=\/wp\/v2\/posts"}],"about":[{"href":"https:\/\/info.sadowne.pl\/index.php?rest_route=\/wp\/v2\/types\/post"}],"author":[{"embeddable":true,"href":"https:\/\/info.sadowne.pl\/index.php?rest_route=\/wp\/v2\/users\/1"}],"replies":[{"embeddable":true,"href":"https:\/\/info.sadowne.pl\/index.php?rest_route=%2Fwp%2Fv2%2Fcomments&post=3291"}],"version-history":[{"count":10,"href":"https:\/\/info.sadowne.pl\/index.php?rest_route=\/wp\/v2\/posts\/3291\/revisions"}],"predecessor-version":[{"id":3652,"href":"https:\/\/info.sadowne.pl\/index.php?rest_route=\/wp\/v2\/posts\/3291\/revisions\/3652"}],"wp:attachment":[{"href":"https:\/\/info.sadowne.pl\/index.php?rest_route=%2Fwp%2Fv2%2Fmedia&parent=3291"}],"wp:term":[{"taxonomy":"category","embeddable":true,"href":"https:\/\/info.sadowne.pl\/index.php?rest_route=%2Fwp%2Fv2%2Fcategories&post=3291"},{"taxonomy":"post_tag","embeddable":true,"href":"https:\/\/info.sadowne.pl\/index.php?rest_route=%2Fwp%2Fv2%2Ftags&post=3291"}],"curies":[{"name":"wp","href":"https:\/\/api.w.org\/{rel}","templated":true}]}}