{"id":3356,"date":"2013-10-13T13:02:31","date_gmt":"2013-10-13T11:02:31","guid":{"rendered":"http:\/\/www.infosadowne.boo.pl\/?p=3356"},"modified":"2013-11-09T21:07:19","modified_gmt":"2013-11-09T20:07:19","slug":"jesienne-porzadki","status":"publish","type":"post","link":"https:\/\/info.sadowne.pl\/?p=3356","title":{"rendered":"Jesienne porz\u0105dki"},"content":{"rendered":"<p style=\"text-align: justify;\"><b><img loading=\"lazy\" decoding=\"async\" class=\"alignleft size-thumbnail wp-image-3357\" alt=\"2013.10.13\" src=\"http:\/\/www.info.sadowne.pl\/wp-content\/uploads\/2013\/10\/2013.10.13-180x130.jpg\" width=\"180\" height=\"130\" \/>Jak zadba\u0107 o ogr\u00f3d przed zim\u0105?<!--more--><\/b><\/p>\n<p style=\"text-align: justify;\">Przed zako\u0144czeniem sezonu obowi\u0105zkowo nale\u017cy usun\u0105\u0107 opad\u0142e, suche li\u015bcie, przyci\u0105\u0107 ga\u0142\u0119zie drzew i podla\u0107 obficie lubi\u0105ce wilgo\u0107 ro\u015bliny. Konieczne jest tak\u017ce okrycie przed mrozem wra\u017cliwych krzew\u00f3w i bylin oraz skoszenie trawnika.<\/p>\n<p style=\"text-align: justify;\"><img loading=\"lazy\" decoding=\"async\" class=\"alignright size-medium wp-image-3358\" alt=\"2013.10.13.1\" src=\"http:\/\/www.info.sadowne.pl\/wp-content\/uploads\/2013\/10\/2013.10.13.1-300x200.jpg\" width=\"300\" height=\"200\" srcset=\"https:\/\/info.sadowne.pl\/wp-content\/uploads\/2013\/10\/2013.10.13.1-300x200.jpg 300w, https:\/\/info.sadowne.pl\/wp-content\/uploads\/2013\/10\/2013.10.13.1.jpg 806w\" sizes=\"auto, (max-width: 300px) 100vw, 300px\" \/><\/p>\n<p style=\"text-align: justify;\"><span style=\"font-size: 13px; line-height: 19px;\">Po raz ostatni muraw\u0119 kosi si\u0119 drugiej po\u0142owie pa\u017adziernika, nieco wy\u017cej ni\u017c w sezonie (za kr\u00f3tko przyci\u0119ta trawa zim\u0105 b\u0119dzie nara\u017cona na przemarzni\u0119cie). Optymalna wysoko\u015b\u0107 ostatniego koszenia to oko\u0142o 4 cm.<\/span><\/p>\n<p style=\"text-align: justify;\"><img loading=\"lazy\" decoding=\"async\" class=\"alignleft size-medium wp-image-3359\" alt=\"2013.10.13.2\" src=\"http:\/\/www.info.sadowne.pl\/wp-content\/uploads\/2013\/10\/2013.10.13.2-300x200.jpg\" width=\"300\" height=\"200\" srcset=\"https:\/\/info.sadowne.pl\/wp-content\/uploads\/2013\/10\/2013.10.13.2-300x200.jpg 300w, https:\/\/info.sadowne.pl\/wp-content\/uploads\/2013\/10\/2013.10.13.2.jpg 806w\" sizes=\"auto, (max-width: 300px) 100vw, 300px\" \/>Jesienne przyci\u0119cie \u2013 je\u015bli jest konieczne \u2013 najlepiej wykona\u0107 wczesn\u0105 jesieni\u0105, gdy na drzewach i krzewach s\u0105 jeszcze li\u015bcie \u2013 w ten spos\u00f3b uniknie si\u0119 wyci\u0119cia zdrowych ga\u0142\u0119zi.<\/p>\n<p style=\"text-align: justify;\">Przed nadej\u015bciem zimy trzeba obficie podla\u0107 ro\u015bliny, zw\u0142aszcza azalie i rododendrony. <img loading=\"lazy\" decoding=\"async\" class=\"alignright size-medium wp-image-3360\" alt=\"2013.10.13.3\" src=\"http:\/\/www.info.sadowne.pl\/wp-content\/uploads\/2013\/10\/2013.10.13.3-300x200.jpg\" width=\"300\" height=\"200\" srcset=\"https:\/\/info.sadowne.pl\/wp-content\/uploads\/2013\/10\/2013.10.13.3-300x200.jpg 300w, https:\/\/info.sadowne.pl\/wp-content\/uploads\/2013\/10\/2013.10.13.3.jpg 806w\" sizes=\"auto, (max-width: 300px) 100vw, 300px\" \/>Nie trzeba os\u0142ania\u0107 ro\u015blin zbyt wcze\u015bnie \u2013 powinny najpierw przyzwyczai\u0107 si\u0119 do ni\u017cszej temperatury. Okry\u0107 najlepiej zaraz po pierwszych przymrozkach. Do okrycia mo\u017cna u\u017cy\u0107 m.in. specjalnej w\u0142\u00f3kniny.<\/p>\n<p style=\"text-align: justify;\"><span style=\"color: #0000ff;\"><strong>\u00a0<\/strong><\/span><\/p>\n<p style=\"text-align: justify;\">\n","protected":false},"excerpt":{"rendered":"<p>Jak zadba\u0107 o ogr\u00f3d przed zim\u0105?<\/p>\n","protected":false},"author":1,"featured_media":0,"comment_status":"open","ping_status":"open","sticky":false,"template":"","format":"standard","meta":{"footnotes":""},"categories":[5,414],"tags":[430,415],"class_list":["post-3356","post","type-post","status-publish","format-standard","hentry","category-newsy","category-w-ogrodzie","tag-jesienne-porzadki-w-ogrodzie","tag-ogrod"],"views":2886,"_links":{"self":[{"href":"https:\/\/info.sadowne.pl\/index.php?rest_route=\/wp\/v2\/posts\/3356","targetHints":{"allow":["GET"]}}],"collection":[{"href":"https:\/\/info.sadowne.pl\/index.php?rest_route=\/wp\/v2\/posts"}],"about":[{"href":"https:\/\/info.sadowne.pl\/index.php?rest_route=\/wp\/v2\/types\/post"}],"author":[{"embeddable":true,"href":"https:\/\/info.sadowne.pl\/index.php?rest_route=\/wp\/v2\/users\/1"}],"replies":[{"embeddable":true,"href":"https:\/\/info.sadowne.pl\/index.php?rest_route=%2Fwp%2Fv2%2Fcomments&post=3356"}],"version-history":[{"count":6,"href":"https:\/\/info.sadowne.pl\/index.php?rest_route=\/wp\/v2\/posts\/3356\/revisions"}],"predecessor-version":[{"id":3631,"href":"https:\/\/info.sadowne.pl\/index.php?rest_route=\/wp\/v2\/posts\/3356\/revisions\/3631"}],"wp:attachment":[{"href":"https:\/\/info.sadowne.pl\/index.php?rest_route=%2Fwp%2Fv2%2Fmedia&parent=3356"}],"wp:term":[{"taxonomy":"category","embeddable":true,"href":"https:\/\/info.sadowne.pl\/index.php?rest_route=%2Fwp%2Fv2%2Fcategories&post=3356"},{"taxonomy":"post_tag","embeddable":true,"href":"https:\/\/info.sadowne.pl\/index.php?rest_route=%2Fwp%2Fv2%2Ftags&post=3356"}],"curies":[{"name":"wp","href":"https:\/\/api.w.org\/{rel}","templated":true}]}}