{"id":3649,"date":"2017-11-19T10:00:47","date_gmt":"2017-11-19T09:00:47","guid":{"rendered":"http:\/\/www.infosadowne.boo.pl\/?p=3649"},"modified":"2017-11-19T10:05:54","modified_gmt":"2017-11-19T09:05:54","slug":"listopad-w-ogrodzie","status":"publish","type":"post","link":"https:\/\/info.sadowne.pl\/?p=3649","title":{"rendered":"Listopad w ogrodzie"},"content":{"rendered":"<p style=\"text-align: justify;\"><strong><a href=\"http:\/\/www.info.sadowne.pl\/wp-content\/uploads\/2013\/11\/2013.10.13.4.jpg\" target=\"_blank\" rel=\"noopener noreferrer\"><img loading=\"lazy\" decoding=\"async\" class=\"alignleft wp-image-3650 size-thumbnail\" src=\"http:\/\/www.info.sadowne.pl\/wp-content\/uploads\/2013\/11\/2013.10.13.4-180x130.jpg\" alt=\"2013.10.13.4\" width=\"180\" height=\"130\" \/><\/a>W po\u0142owie listopada ca\u0142a przyroda jest ju\u017c przygotowana do okresu zimowego. <\/strong><!--more--><\/p>\n<p style=\"text-align: justify;\"><strong>My te\u017c powinni\u015bmy uko\u0144czy\u0107 wszelkie prace w ogrodzie, a w sadzie zbiory powinny by\u0107 ju\u017c zako\u0144czone.<br \/>\n<\/strong><\/p>\n<p style=\"text-align: justify;\"><strong>Je\u015bli wszystkie li\u015bcie z drzew owocowych ju\u017c opad\u0142y, to przyjrzyjmy si\u0119 czy na ich ga\u0142\u0119ziach nie ma widocznych oznak chor\u00f3b lub gniazd szkodnik\u00f3w.<\/strong> Dobrze jest w tym czasie opryska\u0107 Miedzianem 50 WP brzoskwinie, kt\u00f3re zagro\u017cone s\u0105 k\u0119dzierzawo\u015bci\u0105 li\u015bci \u2013 oprysk mo\u017cna wykonywa\u0107 w temperaturze powy\u017cej 6\u00b0C.<\/p>\n<p style=\"text-align: justify;\"><strong>Musimy te\u017c usun\u0105\u0107 zmumifikowane owoce z drzew<\/strong> i pod nimi, kt\u00f3re wiosn\u0105 b\u0119d\u0105 \u017ar\u00f3d\u0142em chor\u00f3b \u2013 najlepiej je spali\u0107 lub zakopa\u0107 g\u0142\u0119boko.<\/p>\n<p style=\"text-align: justify;\"><strong><a href=\"http:\/\/info.sadowne.pl\/wp-content\/uploads\/2013\/10\/2013.10.13.1.jpg\"><img loading=\"lazy\" decoding=\"async\" class=\"alignright wp-image-3358 size-medium\" src=\"http:\/\/info.sadowne.pl\/wp-content\/uploads\/2013\/10\/2013.10.13.1-300x200.jpg\" alt=\"\" width=\"300\" height=\"200\" srcset=\"https:\/\/info.sadowne.pl\/wp-content\/uploads\/2013\/10\/2013.10.13.1-300x200.jpg 300w, https:\/\/info.sadowne.pl\/wp-content\/uploads\/2013\/10\/2013.10.13.1.jpg 806w\" sizes=\"auto, (max-width: 300px) 100vw, 300px\" \/><\/a>W listopadzie, przed nadej\u015bciem zimy, konieczne jest wykonanie zabezpieczenia drzew owocowych przed mrozem<\/strong> \u2013 zw\u0142aszcza niedawno posadzonych, a tak\u017ce bardzie wra\u017cliwych: winoro\u015bl, morela, brzoskwinia lub orzech w\u0142oski. Pnie m\u0142odych drzewek dobrze jest owin\u0105\u0107 tektur\u0105 falist\u0105, a u ich podstawy usypa\u0107 kopczyk z ziemi lub rozdrobnionej kory do wysoko\u015bci oko\u0142o 25 cm.<\/p>\n<p style=\"text-align: justify;\">W miejscach, gdzie wyst\u0119puje zagro\u017cenie uszkodzeniem drzewek np. przez zaj\u0105ce, nie zapominajmy \u2013 na wszelki wypadek \u2013 o dodatkowym zabezpieczeniu drzew np. poprzez zastosowanie plastikowych, specjalnych os\u0142onek (nie wolno stosowa\u0107 zwyk\u0142ej folii) i poprawienie stanu ogrodzenia na naszej dzia\u0142ce.<\/p>\n<p style=\"text-align: justify;\">Wiosn\u0105 nie zdejmujmy zbyt wcze\u015bnie os\u0142on, gdy\u017c kora pod nimi jest wra\u017cliwa i wyst\u0119puje zagro\u017cenie jej p\u0119kania podczas nocnych przymrozk\u00f3w. Drzewa, kt\u00f3re posiadaj\u0105 ju\u017c grube pnie, warto jest pomalowa\u0107 przed zim\u0105 wapnem z dodatkiem m\u0105cznego klajstru \u2013 kora na nich nie b\u0119dzie p\u0119ka\u0142a podczas nagrzewania jej przez s\u0142o\u0144ce po nocnym mrozie (gdy pow\u0142oka wapna zostanie usuni\u0119ta przez np. padaj\u0105cy deszcz \u2013 trzeba j\u0105 systematycznie uzupe\u0142nia\u0107).<\/p>\n<p style=\"text-align: justify;\"><strong>Cz\u0119stym powodem obumierania ro\u015blin w czasie zimy jest nie tylko mr\u00f3z, ale r\u00f3wnie\u017c brak wody w glebie<\/strong>, dlatego te\u017c przed zim\u0105 nale\u017cy ewentualnie mocno podla\u0107 nasze drzewa.<\/p>\n<p style=\"text-align: justify;\"><strong>I jeszcze jedno \u2013 mamy teraz czas na oczyszczenie naszych narz\u0119dzi ogrodniczych<\/strong> \u2013 warto je tak\u017ce zabezpieczy\u0107 odpowiednim smarem i umie\u015bci\u0107 do wiosny w suchym pomieszczeniu. Nie zapomnijmy o kosiarce, w kt\u00f3rej mo\u017cna ju\u017c naostrzy\u0107 n\u00f3\u017c i zakonserwowa\u0107 j\u0105 do czasu pierwszego, wiosennego koszenia.<\/p>\n<p style=\"text-align: justify;\"><strong>Tekst\/foto:<\/strong> S\u0142awek Chyli\u0144ski<\/p>\n","protected":false},"excerpt":{"rendered":"<p>W po\u0142owie listopada ca\u0142a przyroda jest ju\u017c przygotowana do okresu zimowego.<\/p>\n","protected":false},"author":1,"featured_media":0,"comment_status":"open","ping_status":"open","sticky":false,"template":"","format":"standard","meta":{"footnotes":""},"categories":[5,414],"tags":[480,479],"class_list":["post-3649","post","type-post","status-publish","format-standard","hentry","category-newsy","category-w-ogrodzie","tag-listopad-w-ogrodzie","tag-w-ogrodzie-2"],"views":4121,"_links":{"self":[{"href":"https:\/\/info.sadowne.pl\/index.php?rest_route=\/wp\/v2\/posts\/3649","targetHints":{"allow":["GET"]}}],"collection":[{"href":"https:\/\/info.sadowne.pl\/index.php?rest_route=\/wp\/v2\/posts"}],"about":[{"href":"https:\/\/info.sadowne.pl\/index.php?rest_route=\/wp\/v2\/types\/post"}],"author":[{"embeddable":true,"href":"https:\/\/info.sadowne.pl\/index.php?rest_route=\/wp\/v2\/users\/1"}],"replies":[{"embeddable":true,"href":"https:\/\/info.sadowne.pl\/index.php?rest_route=%2Fwp%2Fv2%2Fcomments&post=3649"}],"version-history":[{"count":7,"href":"https:\/\/info.sadowne.pl\/index.php?rest_route=\/wp\/v2\/posts\/3649\/revisions"}],"predecessor-version":[{"id":17285,"href":"https:\/\/info.sadowne.pl\/index.php?rest_route=\/wp\/v2\/posts\/3649\/revisions\/17285"}],"wp:attachment":[{"href":"https:\/\/info.sadowne.pl\/index.php?rest_route=%2Fwp%2Fv2%2Fmedia&parent=3649"}],"wp:term":[{"taxonomy":"category","embeddable":true,"href":"https:\/\/info.sadowne.pl\/index.php?rest_route=%2Fwp%2Fv2%2Fcategories&post=3649"},{"taxonomy":"post_tag","embeddable":true,"href":"https:\/\/info.sadowne.pl\/index.php?rest_route=%2Fwp%2Fv2%2Ftags&post=3649"}],"curies":[{"name":"wp","href":"https:\/\/api.w.org\/{rel}","templated":true}]}}