{"id":3767,"date":"2015-12-06T09:40:34","date_gmt":"2015-12-06T08:40:34","guid":{"rendered":"http:\/\/www.infosadowne.boo.pl\/?p=3767"},"modified":"2015-12-06T09:40:55","modified_gmt":"2015-12-06T08:40:55","slug":"grudzien-grudzien","status":"publish","type":"post","link":"https:\/\/info.sadowne.pl\/?p=3767","title":{"rendered":"Grudzie\u0144, grudzie\u0144 &#8230;"},"content":{"rendered":"<p style=\"text-align: justify;\"><strong><img loading=\"lazy\" decoding=\"async\" class=\"alignleft size-thumbnail wp-image-3768\" src=\"http:\/\/www.info.sadowne.pl\/wp-content\/uploads\/2013\/12\/2013.12.03.1-180x130.jpg\" alt=\"O\" width=\"180\" height=\"130\" \/>Je\u015bli przy\u0142o\u017cyli\u015bmy si\u0119 do pracy w ogrodzie przed nadej\u015bciem mroz\u00f3w, w pa\u017adzierniku i listopadzie, to grudzie\u0144 mo\u017ce by\u0107 ju\u017c miesi\u0105cem odpoczynku<!--more--> i czynienia przygotowa\u0144 do \u015awi\u0105t Bo\u017cego Narodzenia.<\/strong><\/p>\n<p style=\"text-align: justify;\"><strong>Zwracajmy jednak uwag\u0119 na skutki pierwszych, silnych mroz\u00f3w.<\/strong> By\u0107 mo\u017ce drzewa nie wesz\u0142y do ko\u0144ca w stan spoczynku i nie dosz\u0142o do ca\u0142kowitego odp\u0142yni\u0119cia sok\u00f3w lub nag\u0142y spadek temperatury spowodowa\u0142 powstanie pierwszych ran zgorzelinowych. Musimy je na bie\u017c\u0105co usuwa\u0107 i uzupe\u0142nia\u0107 kopczyki, os\u0142ony z papieru falistego lub s\u0142omy. Pami\u0119tajmy, \u017ce podstawowym zabiegiem przeciw przemarzaniu drzew jest ich bielenie mlekiem wapiennym, a nast\u0119pnie uzupe\u0142nianie warstwy wapna na korze po okresach odwil\u017cy i zmyciu jej przez padaj\u0105cy deszcz.<img loading=\"lazy\" decoding=\"async\" class=\"alignright size-medium wp-image-3769\" src=\"http:\/\/www.info.sadowne.pl\/wp-content\/uploads\/2013\/12\/2013.12.03.2-300x221.jpg\" alt=\"2013.12.03.2\" width=\"300\" height=\"221\" srcset=\"https:\/\/info.sadowne.pl\/wp-content\/uploads\/2013\/12\/2013.12.03.2-300x221.jpg 300w, https:\/\/info.sadowne.pl\/wp-content\/uploads\/2013\/12\/2013.12.03.2.jpg 328w\" sizes=\"auto, (max-width: 300px) 100vw, 300px\" \/><\/p>\n<p style=\"text-align: justify;\"><strong>W cieplejsze dni grudnia mo\u017cemy te\u017c jeszcze sprz\u0105tn\u0105\u0107, pomini\u0119te wcze\u015bniej, zgni\u0142e owoce na drzewach, suche lub chore ga\u0142\u0105zki, li\u015bcie, kt\u00f3re umieszczamy na kompo\u015bcie lub palimy.<\/strong> Nie zapomnijmy o wyczyszczeniu naszych narz\u0119dzi ogrodniczych, kt\u00f3re u\u017cyjemy z nadej\u015bciem wiosny, a tak\u017ce wypuszczeniu wody z powierzchniowych instalacji w ogrodzie, aby zapobiec p\u0119kaniu rur.<\/p>\n<p style=\"text-align: justify;\"><strong>W grudniu, gdy temperatura minusowa ustabilizuje si\u0119 i mamy pewno\u015b\u0107, \u017ce w ga\u0142\u0119ziach drzew nie ma ju\u017c sok\u00f3w, mo\u017cemy pobra\u0107 z nich zrazy do wiosennego przeszczepiania.<\/strong> Przyjrzyjmy si\u0119 drzewom &#8211; nie tylko swoim &#8211; kt\u00f3rych owoce chcieliby\u015bmy mie\u0107 na naszych konarach i zastan\u00f3wmy si\u0119, czy ich ga\u0142\u0105zki s\u0105 dobre na szczepy. O samym pobieraniu szczep\u00f3w powiemy p\u00f3\u017aniej.<\/p>\n<p style=\"text-align: justify;\"><strong>Przed \u015awi\u0119tami mo\u017cemy pomy\u015ble\u0107 o p\u0119dzeniu nowalijek.<\/strong> W tym celu, w domu lub piwnicy, gdzie panuje temperatura ok. 15 stopni i odpowiednia wilgotno\u015b\u0107, w skrzynkach mo\u017cemy umie\u015bci\u0107 pietruszk\u0119, szczypior lub selery i cieszy\u0107 si\u0119 w okresie \u015bwi\u0105tecznym w\u0142asn\u0105 zielenin\u0105.<\/p>\n","protected":false},"excerpt":{"rendered":"<p>Je\u015bli przy\u0142o\u017cyli\u015bmy si\u0119 do pracy w ogrodzie przed nadej\u015bciem mroz\u00f3w, w pa\u017adzierniku i listopadzie, to grudzie\u0144 mo\u017ce by\u0107 ju\u017c miesi\u0105cem odpoczynku<\/p>\n","protected":false},"author":1,"featured_media":0,"comment_status":"open","ping_status":"open","sticky":false,"template":"","format":"standard","meta":{"footnotes":""},"categories":[5,414],"tags":[499,479],"class_list":["post-3767","post","type-post","status-publish","format-standard","hentry","category-newsy","category-w-ogrodzie","tag-grudzien-w-ogrodzie","tag-w-ogrodzie-2"],"views":3216,"_links":{"self":[{"href":"https:\/\/info.sadowne.pl\/index.php?rest_route=\/wp\/v2\/posts\/3767","targetHints":{"allow":["GET"]}}],"collection":[{"href":"https:\/\/info.sadowne.pl\/index.php?rest_route=\/wp\/v2\/posts"}],"about":[{"href":"https:\/\/info.sadowne.pl\/index.php?rest_route=\/wp\/v2\/types\/post"}],"author":[{"embeddable":true,"href":"https:\/\/info.sadowne.pl\/index.php?rest_route=\/wp\/v2\/users\/1"}],"replies":[{"embeddable":true,"href":"https:\/\/info.sadowne.pl\/index.php?rest_route=%2Fwp%2Fv2%2Fcomments&post=3767"}],"version-history":[{"count":3,"href":"https:\/\/info.sadowne.pl\/index.php?rest_route=\/wp\/v2\/posts\/3767\/revisions"}],"predecessor-version":[{"id":10549,"href":"https:\/\/info.sadowne.pl\/index.php?rest_route=\/wp\/v2\/posts\/3767\/revisions\/10549"}],"wp:attachment":[{"href":"https:\/\/info.sadowne.pl\/index.php?rest_route=%2Fwp%2Fv2%2Fmedia&parent=3767"}],"wp:term":[{"taxonomy":"category","embeddable":true,"href":"https:\/\/info.sadowne.pl\/index.php?rest_route=%2Fwp%2Fv2%2Fcategories&post=3767"},{"taxonomy":"post_tag","embeddable":true,"href":"https:\/\/info.sadowne.pl\/index.php?rest_route=%2Fwp%2Fv2%2Ftags&post=3767"}],"curies":[{"name":"wp","href":"https:\/\/api.w.org\/{rel}","templated":true}]}}