{"id":4024,"date":"2014-01-15T18:58:37","date_gmt":"2014-01-15T17:58:37","guid":{"rendered":"http:\/\/www.infosadowne.boo.pl\/?p=4024"},"modified":"2014-01-15T18:58:37","modified_gmt":"2014-01-15T17:58:37","slug":"iwa-raz-kolejny","status":"publish","type":"post","link":"https:\/\/info.sadowne.pl\/?p=4024","title":{"rendered":"IWA po raz kolejny"},"content":{"rendered":"<p style=\"text-align: justify;\"><strong><img loading=\"lazy\" decoding=\"async\" class=\"alignleft size-thumbnail wp-image-1619\" alt=\"iwa1\" src=\"http:\/\/www.info.sadowne.pl\/wp-content\/uploads\/2013\/03\/iwa1-150x150.jpg\" width=\"130\" height=\"130\" \/>Grupa Poetycka IWA ponownie przypomina o swoim istnieniu, a na naszym Portalu publikujemy skrawek tw\u00f3rczo\u015bci jednego z jej cz\u0142onk\u00f3w.<!--more--><\/strong><\/p>\n<p style=\"text-align: justify;\">Zach\u0119camy te\u017c lokalnych poet\u00f3w, artyst\u00f3w\u2026 do ujawnienia swojej tw\u00f3rczo\u015bci i zapraszamy do wyeksponowania jej w\u0142a\u015bnie u nas.<\/p>\n<p><strong><span style=\"color: #0000ff;\">Wies\u0142aw Maliszewski<\/span><\/strong><\/p>\n<p><b>Zimna po\u015bciel<\/b><\/p>\n<p>&nbsp;<\/p>\n<p>Gdy k\u0142adli kwiaty<\/p>\n<p>na pergaminie zimy<\/p>\n<p>by\u0142o ju\u017c po wszystkim<\/p>\n<p>&nbsp;<\/p>\n<p>blade p\u0142\u00f3tno wiejskiego pejza\u017cu<\/p>\n<p>puste ob\u0142oki ciszy<\/p>\n<p>i twarze<\/p>\n<p>wsz\u0119dzie twarze<\/p>\n<p>a w oczach twarzy pokulone ptaki<\/p>\n<p>&nbsp;<\/p>\n<p>tylko stara kobieta<\/p>\n<p>id\u0105c kr\u0119tym wierzbowym go\u015bci\u0144cem<\/p>\n<p>szeptem zaplata\u0142a pomi\u0119dzy palcami<\/p>\n<p>znajom\u0105 modlitw\u0119<\/p>\n<p>&nbsp;<\/p>\n<p>wtedy \u017cal<\/p>\n<p>\u017cal<\/p>\n<p>zrobi\u0142o mi si\u0119 po twojej<\/p>\n<p>jak\u017ce naszej \u015bmierci<\/p>\n<p>&nbsp;<\/p>\n<p>bo przecie\u017c mieli\u015bmy trwa\u0107<\/p>\n<p>jak dwa brzegi jednej rzeki<\/p>\n<p>jak s\u0142o\u0144ce<\/p>\n<p>i ksi\u0119\u017cyc<\/p>\n<p>po zdziecinnia\u0142y ka\u017cdego dnia<\/p>\n<p>skowro\u0144czeniem b\u0142\u0119kit<\/p>\n<p>&nbsp;<\/p>\n<p>lecz oto w czas niepogody<\/p>\n<p>rzeka wysch\u0142a<\/p>\n<p>i coraz trudniej by\u0142o odr\u00f3\u017cni\u0107<\/p>\n<p>dzie\u0144 od nocy<\/p>\n<p>&nbsp;<\/p>\n<p>dlatego gdy u\u0142o\u017cyli nas<\/p>\n<p>po\u015bpiesznie i beznami\u0119tnie<\/p>\n<p>w tanich tekturach swych pami\u0119ci<\/p>\n<p>by\u0142o mi naprawd\u0119<\/p>\n<p>naprawd\u0119 wszystko jedno<\/p>\n<p>jakim przysypi\u0105 nas czasem.<\/p>\n<p>&nbsp;<\/p>\n<p><b>Ga\u0142\u0105\u017a czasu<\/b><\/p>\n<p><b>\u00a0<\/b><\/p>\n<p>Ga\u0142\u0105\u017a czasu jest ju\u017c stara<\/p>\n<p>i roz\u0142o\u017cona w niesko\u0144czono\u015b\u0107<\/p>\n<p>rzeczywisto\u015bci<\/p>\n<p>&nbsp;<\/p>\n<p>mo\u017ce ca\u0142y m\u00f3j \u015bwiat<\/p>\n<p>jest jedn\u0105 kropl\u0105<\/p>\n<p>na kraw\u0119dzi jej li\u015bcia&#8230;<\/p>\n<p>&nbsp;<\/p>\n<p>Jakim prawem wi\u0119c<\/p>\n<p>domagam si\u0119 nie\u015bmiertelno\u015bci<\/p>\n<p>w oddechu Praojca<\/p>\n<p>w stru\u017ckach przeznaczenia<\/p>\n<p>przemycam zakazane owoce<\/p>\n<p>w\u0142asnej woli<\/p>\n<p>skazany na przypadek<\/p>\n<p>przepadek\u00a0 \u015bwiadomo\u015bci<\/p>\n<p>owijam mocno w papier<\/p>\n<p>napotkane s\u0142owa<\/p>\n<p>i tylko krew<\/p>\n<p>p\u00f3ki czerwona<\/p>\n<p>opornie w z\u0119bach czasu<\/p>\n<p>chrz\u0119\u015bci.<\/p>\n<p>&nbsp;<\/p>\n<p><b>Do g\u0142\u0119bi<\/b><\/p>\n<p><b>\u00a0<\/b><\/p>\n<p>Kim by\u0142e\u015b je\u015bli nie s\u0142owem<\/p>\n<p>a je\u015bli s\u0142owem (jak wierz\u0119)<\/p>\n<p>to kim jeste\u015b teraz<\/p>\n<p>rozbudowan\u0105 partytur\u0105 d\u017awi\u0119k\u00f3w<\/p>\n<p>w harmonii wszech\u015bwiata&#8230;<\/p>\n<p>&nbsp;<\/p>\n<p>A mo\u017ce jeste\u015b my\u015bl\u0105<\/p>\n<p>kt\u00f3ra stale si\u0119 pomna\u017ca<\/p>\n<p>i zatapia sob\u0105 coraz to nowe \u015bwiaty<\/p>\n<p>gubi je<\/p>\n<p>i stwarza&#8230;<\/p>\n<p>&nbsp;<\/p>\n<p>Kim jeste\u015b nios\u0105cy mnie w swym \u0142onie<\/p>\n<p>tak samo jak te skrzypce<\/p>\n<p>ostatniego koncertu<\/p>\n<p>znoszone buty<\/p>\n<p>li\u015bcie wczorajszej jesieni<\/p>\n<p>roje gwiazd<\/p>\n<p>i czas<\/p>\n<p>czas kt\u00f3ry tak szybko dojrzewa<\/p>\n<p>do niepami\u0119ci&#8230;<\/p>\n<p><strong>\u00a0<\/strong><\/p>\n","protected":false},"excerpt":{"rendered":"<p>Grupa Poetycka IWA ponownie przypomina o swoim istnieniu, a na naszym Portalu publikujemy skrawek tw\u00f3rczo\u015bci jednego z jej cz\u0142onk\u00f3w.<\/p>\n","protected":false},"author":1,"featured_media":0,"comment_status":"open","ping_status":"open","sticky":false,"template":"","format":"standard","meta":{"footnotes":""},"categories":[5,6,108],"tags":[109,51],"class_list":["post-4024","post","type-post","status-publish","format-standard","hentry","category-newsy","category-kultura-rozrywka-edukacja","category-okienko-poetyckie","tag-grupa-poetycka-iwa","tag-wieslaw-maliszewski"],"views":3398,"_links":{"self":[{"href":"https:\/\/info.sadowne.pl\/index.php?rest_route=\/wp\/v2\/posts\/4024","targetHints":{"allow":["GET"]}}],"collection":[{"href":"https:\/\/info.sadowne.pl\/index.php?rest_route=\/wp\/v2\/posts"}],"about":[{"href":"https:\/\/info.sadowne.pl\/index.php?rest_route=\/wp\/v2\/types\/post"}],"author":[{"embeddable":true,"href":"https:\/\/info.sadowne.pl\/index.php?rest_route=\/wp\/v2\/users\/1"}],"replies":[{"embeddable":true,"href":"https:\/\/info.sadowne.pl\/index.php?rest_route=%2Fwp%2Fv2%2Fcomments&post=4024"}],"version-history":[{"count":1,"href":"https:\/\/info.sadowne.pl\/index.php?rest_route=\/wp\/v2\/posts\/4024\/revisions"}],"predecessor-version":[{"id":4025,"href":"https:\/\/info.sadowne.pl\/index.php?rest_route=\/wp\/v2\/posts\/4024\/revisions\/4025"}],"wp:attachment":[{"href":"https:\/\/info.sadowne.pl\/index.php?rest_route=%2Fwp%2Fv2%2Fmedia&parent=4024"}],"wp:term":[{"taxonomy":"category","embeddable":true,"href":"https:\/\/info.sadowne.pl\/index.php?rest_route=%2Fwp%2Fv2%2Fcategories&post=4024"},{"taxonomy":"post_tag","embeddable":true,"href":"https:\/\/info.sadowne.pl\/index.php?rest_route=%2Fwp%2Fv2%2Ftags&post=4024"}],"curies":[{"name":"wp","href":"https:\/\/api.w.org\/{rel}","templated":true}]}}