{"id":4101,"date":"2022-02-19T12:50:58","date_gmt":"2022-02-19T11:50:58","guid":{"rendered":"http:\/\/www.infosadowne.boo.pl\/?p=4101"},"modified":"2022-02-19T13:00:05","modified_gmt":"2022-02-19T12:00:05","slug":"ciac-moze","status":"publish","type":"post","link":"https:\/\/info.sadowne.pl\/?p=4101","title":{"rendered":"Czas na ci\u0119cie&#8230;"},"content":{"rendered":"<p style=\"text-align: justify;\"><strong> <img loading=\"lazy\" decoding=\"async\" class=\"alignleft size-thumbnail wp-image-11352\" src=\"http:\/\/www.info.sadowne.pl\/wp-content\/uploads\/2015\/02\/2016.02.21.1-180x130.jpg\" alt=\"2016.02.21.1\" width=\"180\" height=\"130\" \/>Od lutego mo\u017cemy rozpocz\u0105\u0107 ci\u0119cie drzew owocowych, kt\u00f3re zapewni zdrowy ich wzrost i obfite plony w naszym sadzie.<!--more--><\/strong><\/p>\n<p style=\"text-align: justify;\"><strong>Je\u015bli chcemy ka\u017cdego roku cieszy\u0107 si\u0119 ze \u015bwie\u017cych owoc\u00f3w na naszych drzewach, to powinni\u015bmy systematycznie przeprowadza\u0107 ci\u0119cie drzew<\/strong>, gdy\u017c tylko eliminuje to naprzemienno\u015b\u0107 owocowania. Usuni\u0119cie ga\u0142\u0119zi, zniekszta\u0142caj\u0105cych koron\u0119 drzewa lub nie wydaj\u0105cych owoc\u00f3w, powoduje wyrastanie nowych, silnych p\u0119d\u00f3w.<\/p>\n<p style=\"text-align: justify;\"><strong> Ci\u0119cie drzew owocowych mo\u017cemy przeprowadza\u0107 w dw\u00f3ch terminach &#8211; w okresie spoczynku (ci\u0119cie zimowe) oraz w okresie wegetacji (ci\u0119cie letnie).<\/strong> Ci\u0119cie zimowe mo\u017cemy rozpocz\u0105\u0107 od lutego a\u017c do kwietnia. Nie bez znaczenia jest te\u017c pogoda \u2013 wiosn\u0105 i jesieni\u0105 czynno\u015b\u0107 wykonujemy w dzie\u0144 pogodny, suchy i ciep\u0142y (temperatura powy\u017cej 0 st. C), natomiast latem nie przeprowadza si\u0119 zabiegu w czasie upa\u0142\u00f3w.<\/p>\n<p style=\"text-align: justify;\"><strong>Przed przyst\u0105pieniem do tej czynno\u015bci musimy zaopatrzy\u0107 si\u0119 w odpowiednie narz\u0119dzia.<\/strong> Na naszym wyposa\u017ceniu powinien by\u0107 przynajmniej jeden sekator, pi\u0142ka i n\u00f3\u017c ogrodniczy. Narz\u0119dzia te musimy wcze\u015bniej dobrze naostrzy\u0107, wyczy\u015bci\u0107 i odkazi\u0107 &#8211; do odka\u017cenia mo\u017cna u\u017cy\u0107 denaturatu. Musimy te\u017c zaopatrzy\u0107 si\u0119 w \u015brodek bakterio i grzybob\u00f3jczy do zasmarowywania ran po ci\u0119ciu \u2013 Funaben 3, Santar SM, Tervanol, Lac Balsam lub farba emulsyjna z 2% dodatkiem Funabenu 4, Topsinu lub Miedzianu 50.<\/p>\n<p style=\"text-align: justify;\"><strong>Zaczynamy od ci\u0119cia gatunk\u00f3w najmniej wra\u017cliwych na uszkodzenia mrozowe, ci\u0119cie tych bardziej wra\u017cliwych odk\u0142adamy do wiosny.<\/strong> Jako pierwsze mo\u017cemy zacz\u0105\u0107 przycina\u0107 jab\u0142onie i grusze. Nieco p\u00f3\u017aniej przycinamy \u015bliwy, morele, brzoskwinie i nektaryny. Zimowy termin ci\u0119cia jest zalecany raczej dla m\u0142odych drzew pestkowych, dla starszych w\u0142a\u015bciwszy oka\u017ce si\u0119 termin letni, gdy\u017c zmniejszy to ryzyko infekcji chorobowych. Z tego powodu, wi\u015bnie i czere\u015bnie, jako najbardziej wra\u017cliwe na choroby kory i drewna, tniemy wy\u0142\u0105cznie w terminie letnim, po zbiorze owoc\u00f3w.\u00a0Brzoskwinie natomiast tniemy wiosn\u0105 (r\u00f3wnie\u017c w okresie kwitnienia, bo wtedy dobrze wida\u0107, kt\u00f3re z nich s\u0105 warto\u015bciowe i wydadz\u0105 owoce) \u2013 skracamy do po\u0142owy wszystkie ga\u0142\u0105zki jednoroczne. Wskazane jest przed ci\u0119ciem, w fazie nabrzmiewaj\u0105cego p\u0105ka, opryska\u0107 drzewko \u015brodkiem grzybob\u00f3jczym np. Miedzianem 50 WP.<\/p>\n<p style=\"text-align: justify;\"><strong><img loading=\"lazy\" decoding=\"async\" class=\"alignright size-medium wp-image-3359\" src=\"http:\/\/www.info.sadowne.pl\/wp-content\/uploads\/2013\/10\/2013.10.13.2-300x200.jpg\" alt=\"2013.10.13.2\" width=\"300\" height=\"200\" srcset=\"https:\/\/info.sadowne.pl\/wp-content\/uploads\/2013\/10\/2013.10.13.2-300x200.jpg 300w, https:\/\/info.sadowne.pl\/wp-content\/uploads\/2013\/10\/2013.10.13.2.jpg 806w\" sizes=\"auto, (max-width: 300px) 100vw, 300px\" \/>Ci\u0119cie drzew m\u0142odych, silnie rosn\u0105cych i wchodz\u0105cych w owocowanie wp\u0142ywa na zahamowanie ich wzrostu.<\/strong> Dlatego te\u017c ci\u0119cie m\u0142odych drzewek ograniczamy tylko do ich formowania i kszta\u0142towania korony. Wycinamy ze \u015brodka korony przede wszystkim ga\u0142\u0105zki martwe, uszkodzone i rosn\u0105ce do \u015brodka korony zamiast na zewn\u0105trz.<br \/>\nDrzewka kilkuletnie i starsze, szczeg\u00f3lnie jab\u0142onie, grusze i wi\u015bnie wymagaj\u0105 silnego ci\u0119cia &#8211; szczeg\u00f3lnie, je\u017celi od ich posadzenia nie by\u0142y ci\u0119te. Prze\u015bwietlanie starych, zaniedbanych drzew rozpoczynamy zazwyczaj od usuni\u0119cia kilku grubszych konar\u00f3w korony w celu udost\u0119pnienia \u015bwiat\u0142a s\u0142onecznego do jej \u015brodka. Niekiedy trzeba usun\u0105\u0107 ca\u0142y wierzcho\u0142ek drzewa celem obni\u017cenia wysoko\u015bci korony. Drzewa ni\u017csze \u0142atwiej jest chroni\u0107 przed chorobami i szkodnikami, wygodniej jest je piel\u0119gnowa\u0107 i dokonywa\u0107 z nich zbioru owoc\u00f3w. Po wyci\u0119ciu kilku konar\u00f3w przyst\u0119pujemy do rozrzedzania pozosta\u0142ych. Wycinamy ga\u0142\u0119zie blisko siebie le\u017c\u0105ce i wzajemnie si\u0119 zacieniaj\u0105ce, oraz rosn\u0105ce do \u015brodka korony. Nie martwmy si\u0119 je\u015bli w ten spos\u00f3b przyci\u0119ta korona wyda nam si\u0119 zbyt rzadka &#8211; po ukazaniu si\u0119 nowych li\u015bci i przyrost\u00f3w w miesi\u0105cach letnich stanie si\u0119 wystarczaj\u0105co g\u0119sta.<\/p>\n<p style=\"text-align: justify;\"><strong>Prawid\u0142owe ci\u0119cie ma znacz\u0105cy wp\u0142yw na szybko\u015b\u0107 gojenia si\u0119 rany i, co za tym idzie, zmniejszenie ryzyka infekcji chorobowej.<\/strong> Powierzchnia po ci\u0119ciu powinna by\u0107 jak najbardziej g\u0142adka. Ga\u0142\u0119zie powinni\u015bmy wycina\u0107 tu\u017c za obr\u0105czk\u0105 (miejscem przynasadowego zgrubienia). P\u0119dy natomiast skracamy tu\u017c za zdrowym p\u0105kiem, tak aby powierzchnia ci\u0119cia by\u0142a nachylona ku jego nasadzie pod k\u0105tem 45\u00b0.<\/p>\n<p style=\"text-align: justify;\"><strong>Tekst\/foto:<\/strong> S\u0142awek Chyli\u0144ski<\/p>\n","protected":false},"excerpt":{"rendered":"<p>Od lutego mo\u017cemy rozpocz\u0105\u0107 ci\u0119cie drzew owocowych, kt\u00f3re zapewni zdrowy ich wzrost i obfite plony w naszym sadzie.<\/p>\n","protected":false},"author":1,"featured_media":0,"comment_status":"open","ping_status":"open","sticky":false,"template":"","format":"standard","meta":{"footnotes":""},"categories":[5,414],"tags":[552,479],"class_list":["post-4101","post","type-post","status-publish","format-standard","hentry","category-newsy","category-w-ogrodzie","tag-ciecie-drzew-owocowych","tag-w-ogrodzie-2"],"views":5216,"_links":{"self":[{"href":"https:\/\/info.sadowne.pl\/index.php?rest_route=\/wp\/v2\/posts\/4101","targetHints":{"allow":["GET"]}}],"collection":[{"href":"https:\/\/info.sadowne.pl\/index.php?rest_route=\/wp\/v2\/posts"}],"about":[{"href":"https:\/\/info.sadowne.pl\/index.php?rest_route=\/wp\/v2\/types\/post"}],"author":[{"embeddable":true,"href":"https:\/\/info.sadowne.pl\/index.php?rest_route=\/wp\/v2\/users\/1"}],"replies":[{"embeddable":true,"href":"https:\/\/info.sadowne.pl\/index.php?rest_route=%2Fwp%2Fv2%2Fcomments&post=4101"}],"version-history":[{"count":7,"href":"https:\/\/info.sadowne.pl\/index.php?rest_route=\/wp\/v2\/posts\/4101\/revisions"}],"predecessor-version":[{"id":14868,"href":"https:\/\/info.sadowne.pl\/index.php?rest_route=\/wp\/v2\/posts\/4101\/revisions\/14868"}],"wp:attachment":[{"href":"https:\/\/info.sadowne.pl\/index.php?rest_route=%2Fwp%2Fv2%2Fmedia&parent=4101"}],"wp:term":[{"taxonomy":"category","embeddable":true,"href":"https:\/\/info.sadowne.pl\/index.php?rest_route=%2Fwp%2Fv2%2Fcategories&post=4101"},{"taxonomy":"post_tag","embeddable":true,"href":"https:\/\/info.sadowne.pl\/index.php?rest_route=%2Fwp%2Fv2%2Ftags&post=4101"}],"curies":[{"name":"wp","href":"https:\/\/api.w.org\/{rel}","templated":true}]}}