{"id":4204,"date":"2014-02-09T17:54:34","date_gmt":"2014-02-09T16:54:34","guid":{"rendered":"http:\/\/www.infosadowne.boo.pl\/?p=4204"},"modified":"2020-04-24T19:59:34","modified_gmt":"2020-04-24T17:59:34","slug":"500-lecie-ruszylo","status":"publish","type":"post","link":"https:\/\/info.sadowne.pl\/?p=4204","title":{"rendered":"500-lecie ruszy\u0142o"},"content":{"rendered":"<p style=\"text-align: justify;\"><strong><img loading=\"lazy\" decoding=\"async\" class=\"alignleft size-thumbnail wp-image-4206\" src=\"http:\/\/www.info.sadowne.pl\/wp-content\/uploads\/2014\/02\/2014.02.09.1-180x130.jpg\" alt=\"2014.02.09.1\" width=\"180\" height=\"130\" \/>\u201eMocnym uderzeniem\u201d mo\u017cna nazwa\u0107 niedzieln\u0105 imprez\u0119 rozpoczynaj\u0105c\u0105 obchody 500-lecia Sadownego.<!--more--><\/strong><\/p>\n<p style=\"text-align: justify;\"><img loading=\"lazy\" decoding=\"async\" class=\"alignright size-thumbnail wp-image-4208\" src=\"http:\/\/www.info.sadowne.pl\/wp-content\/uploads\/2014\/02\/2014.02.09.2-180x130.jpg\" alt=\"2014.02.09.2\" width=\"180\" height=\"130\" \/>W niedzielne po\u0142udnie, 9 lutego mieli\u015bmy okazj\u0119 uczestniczy\u0107 w spotkaniu z miejscowymi, m\u0142odymi artystami. Organizatorem tego spotkania by\u0142o Stowarzyszenie Kulturalno \u2013 O\u015bwiatowe \u201eDzia\u0142am\u201d, a w szczeg\u00f3lno\u015bci jego opiekunowie PP. Miros\u0142awa i Marek Renikowie, kt\u00f3rych osi\u0105gni\u0119cia w pracy z m\u0142odzie\u017c\u0105 staj\u0105 si\u0119 ju\u017c znane na forach og\u00f3lnopolskich.<\/p>\n<p style=\"text-align: justify;\"><img loading=\"lazy\" decoding=\"async\" class=\"alignleft size-thumbnail wp-image-4209\" src=\"http:\/\/www.info.sadowne.pl\/wp-content\/uploads\/2014\/02\/2014.02.09.3-180x130.jpg\" alt=\"2014.02.09.3\" width=\"180\" height=\"130\" \/>Licznie przybyli na spotkanie ze sztuk\u0105 mieszka\u0144cy Sadownego na scenie Sali OSP Sadowne podziwiali wyst\u0119p utalentowanej wokalistki Anny \u0141opaci\u0144skiej, kt\u00f3rej akompaniowa\u0142 P. Kamil Kie\u0142ek, a p\u00f3\u017aniej wszystkich oczarowa\u0142a \u015bwietna gra aktorska i ta\u0144ce w wykonaniu grupy teatralnej sadowie\u0144skiego Liceum. Grupa zaprezentowa\u0142a spektakl na podstawie sztuki Aleksandra Fredry \u201eKalosze\u201d \u2013 re\u017cyseria: P. Micha\u0142a Zas\u0142ona, scenografia muzyczno \u2013 taneczna: PP. Miros\u0142awa i Marek Renikowie.<\/p>\n<p style=\"text-align: justify;\"><strong>Podsumowanie?\u00a0<\/strong> Trzeba to zobaczy\u0107, gdy\u017c opis nie odwzoruje wra\u017ce\u0144 i podziwu dla talentu naszej m\u0142odzie\u017cy. O tym i planach na przysz\u0142o\u015b\u0107, szczeg\u00f3lnie zwi\u0105zanych z kolejnymi imprezami 500-lecia Sadownego, opowiedzia\u0142 \u2013 podsumowuj\u0105c spotkanie \u2013 P. Marek Renik. Mo\u017cna te\u017c by\u0142o obejrze\u0107 ma\u0142\u0105 wystaw\u0119 promuj\u0105c\u0105 osi\u0105gni\u0119cia Stowarzyszenia \u201eDzia\u0142am\u201d.<\/p>\n<p style=\"text-align: justify;\"><strong>PS.<\/strong> We wtorek m\u0142odzi aktorzy b\u0119d\u0105 odbiera\u0107 nagrod\u0119 za spektakl \u201eKalosze\u201d na uroczystej gali w Teatrze Polskim w Warszawie. B\u0119dziemy o tym pisa\u0107.<\/p>\n<p><a href=\"https:\/\/photos.app.goo.gl\/ipHvp8cbgEyb57xNA\" target=\"_blank\" rel=\"noopener noreferrer\"><strong>Zdj\u0119cia w galerii Google&gt;&gt;&gt;<\/strong><\/a><\/p>\n<p style=\"text-align: justify;\"><a href=\"http:\/\/youtu.be\/s0VVoMY6fnc\" target=\"_blank\" rel=\"noopener noreferrer\"><span style=\"color: #0000ff;\"><strong>Prosz\u0119 obejrze\u0107 te\u017c kr\u00f3tk\u0105 relacj\u0119 filmow\u0105 z wyst\u0119p\u00f3w &gt;&gt;&gt;<\/strong><\/span><\/a><\/p>\n<p style=\"text-align: justify;\"><strong>Tekst\/foto:<\/strong> S\u0142awek Chyli\u0144ski<\/p>\n<p>&nbsp;<\/p>\n","protected":false},"excerpt":{"rendered":"<p>\u201eMocnym uderzeniem\u201d mo\u017cna nazwa\u0107 niedzieln\u0105 imprez\u0119 rozpoczynaj\u0105c\u0105 obchody 500-lecia Sadownego.<\/p>\n","protected":false},"author":1,"featured_media":0,"comment_status":"open","ping_status":"open","sticky":false,"template":"","format":"standard","meta":{"footnotes":""},"categories":[5,85],"tags":[523,413,394],"class_list":["post-4204","post","type-post","status-publish","format-standard","hentry","category-newsy","category-zsp","tag-500-lecie-sadownego","tag-aleksander-fredro-kalosze","tag-stowarzyszenie-kulturalno-oswiatowe-dzialam"],"views":3252,"_links":{"self":[{"href":"https:\/\/info.sadowne.pl\/index.php?rest_route=\/wp\/v2\/posts\/4204","targetHints":{"allow":["GET"]}}],"collection":[{"href":"https:\/\/info.sadowne.pl\/index.php?rest_route=\/wp\/v2\/posts"}],"about":[{"href":"https:\/\/info.sadowne.pl\/index.php?rest_route=\/wp\/v2\/types\/post"}],"author":[{"embeddable":true,"href":"https:\/\/info.sadowne.pl\/index.php?rest_route=\/wp\/v2\/users\/1"}],"replies":[{"embeddable":true,"href":"https:\/\/info.sadowne.pl\/index.php?rest_route=%2Fwp%2Fv2%2Fcomments&post=4204"}],"version-history":[{"count":10,"href":"https:\/\/info.sadowne.pl\/index.php?rest_route=\/wp\/v2\/posts\/4204\/revisions"}],"predecessor-version":[{"id":23350,"href":"https:\/\/info.sadowne.pl\/index.php?rest_route=\/wp\/v2\/posts\/4204\/revisions\/23350"}],"wp:attachment":[{"href":"https:\/\/info.sadowne.pl\/index.php?rest_route=%2Fwp%2Fv2%2Fmedia&parent=4204"}],"wp:term":[{"taxonomy":"category","embeddable":true,"href":"https:\/\/info.sadowne.pl\/index.php?rest_route=%2Fwp%2Fv2%2Fcategories&post=4204"},{"taxonomy":"post_tag","embeddable":true,"href":"https:\/\/info.sadowne.pl\/index.php?rest_route=%2Fwp%2Fv2%2Ftags&post=4204"}],"curies":[{"name":"wp","href":"https:\/\/api.w.org\/{rel}","templated":true}]}}