{"id":4283,"date":"2014-02-14T07:10:03","date_gmt":"2014-02-14T06:10:03","guid":{"rendered":"http:\/\/www.infosadowne.boo.pl\/?p=4283"},"modified":"2014-02-14T07:10:40","modified_gmt":"2014-02-14T06:10:40","slug":"zobaczyc","status":"publish","type":"post","link":"https:\/\/info.sadowne.pl\/?p=4283","title":{"rendered":"Wszyscy powinni to zobaczy\u0107"},"content":{"rendered":"<p style=\"text-align: justify;\"><strong><a href=\"http:\/\/www.info.sadowne.pl\/wp-content\/uploads\/2014\/02\/2014.02.14.1.jpg\" target=\"_blank\"><img loading=\"lazy\" decoding=\"async\" class=\"alignleft size-thumbnail wp-image-4286\" alt=\"2014.02.14.1\" src=\"http:\/\/www.info.sadowne.pl\/wp-content\/uploads\/2014\/02\/2014.02.14.1-180x130.jpg\" width=\"180\" height=\"130\" \/><\/a>Izba Edukacji Etnograficznej, kt\u00f3ra dzia\u0142a przy Muzeum Ziemi Sadowie\u0144skiej, cieszy si\u0119 popularno\u015bci\u0105.<!--more--><\/strong><\/p>\n<p style=\"text-align: justify;\"><a href=\"http:\/\/www.info.sadowne.pl\/wp-content\/uploads\/2014\/02\/2014.02.14.2.jpg\" target=\"_blank\"><img loading=\"lazy\" decoding=\"async\" class=\"alignright size-thumbnail wp-image-4287\" alt=\"2014.02.14.2\" src=\"http:\/\/www.info.sadowne.pl\/wp-content\/uploads\/2014\/02\/2014.02.14.2-180x130.jpg\" width=\"180\" height=\"130\" \/><\/a>Aktualne ekspozycje Izby Edukacji Etnograficznej, kt\u00f3ra zlokalizowana jest w budynku Gminnego O\u015brodka Kultury, to przegl\u0105d fotografii ukazuj\u0105cych walory teren\u00f3w nadbu\u017ca\u0144skich i wykonanych przez m\u0142odych fotografik\u00f3w oraz zbi\u00f3r karykatur, kt\u00f3rych autorzy pokazuj\u0105 \u201eprzesadny\u201d nadmiar pomys\u0142\u00f3w w dzia\u0142aniach chroni\u0105cych przyrod\u0119. Tytu\u0142y ekspozycji &#8211; \u201eBug w oczach dziecka\u201d i \u201eChro\u0144my lasy\u201d.<\/p>\n<p style=\"text-align: justify;\"><a href=\"http:\/\/www.info.sadowne.pl\/wp-content\/uploads\/2014\/02\/2014.02.14.3.jpg\" target=\"_blank\"><img loading=\"lazy\" decoding=\"async\" class=\"alignleft size-thumbnail wp-image-4288\" alt=\"2014.02.14.3\" src=\"http:\/\/www.info.sadowne.pl\/wp-content\/uploads\/2014\/02\/2014.02.14.3-180x130.jpg\" width=\"180\" height=\"130\" \/><\/a>Ch\u0119tnych do ich obejrzenia nie brakuje, cz\u0119sto na wizyty grupowo \u201ewpadaj\u0105\u201d uczniowie miejscowej podstaw\u00f3wki. Opiekuj\u0105cy si\u0119 Izb\u0105 Etnograficzn\u0105, P. Janusz Urbankowski nie tylko pokazuje eksponaty, ale te\u017c zawsze urozmaica zwiedzanie pogaw\u0119dkami na tematy zwi\u0105zane z histori\u0105 i elementami kultury regionu sadowie\u0144skiego.<\/p>\n<p style=\"text-align: justify;\"><a href=\"http:\/\/www.info.sadowne.pl\/wp-content\/uploads\/2014\/02\/2014.02.14.5.jpg\" target=\"_blank\"><img loading=\"lazy\" decoding=\"async\" class=\"alignright size-thumbnail wp-image-4289\" alt=\"2014.02.14.5\" src=\"http:\/\/www.info.sadowne.pl\/wp-content\/uploads\/2014\/02\/2014.02.14.5-180x130.jpg\" width=\"180\" height=\"130\" \/><\/a>Nieodzownym te\u017c elementem zwiedzania jest zapoznanie si\u0119 ze sta\u0142ymi ekspozycjami, kt\u00f3re u\u015bwiadamiaj\u0105 nam niechybny i szybki rozw\u00f3j techniki oraz, w tym przypadku, sprz\u0119tu muzycznego, a tak\u017ce trofeami my\u015bliwskimi, kt\u00f3re wystawiaj\u0105 tu cz\u0142onkowie Ko\u0142a \u0141owieckiego \u201eKszyk\u201d.<\/p>\n<p style=\"text-align: justify;\"><strong>Tekst:<\/strong> sch<\/p>\n<p style=\"text-align: justify;\"><strong>Foto:<\/strong> GOK Sadowne<\/p>\n","protected":false},"excerpt":{"rendered":"<p>Izba Edukacji Etnograficznej, kt\u00f3ra dzia\u0142a przy Muzeum Ziemi Sadowie\u0144skiej, cieszy si\u0119 popularno\u015bci\u0105.<\/p>\n","protected":false},"author":1,"featured_media":0,"comment_status":"open","ping_status":"open","sticky":false,"template":"","format":"standard","meta":{"footnotes":""},"categories":[5,6,81],"tags":[169,79],"class_list":["post-4283","post","type-post","status-publish","format-standard","hentry","category-newsy","category-kultura-rozrywka-edukacja","category-muzeum","tag-gminny-osrodek-kultury-w-sadownem","tag-muzeum-ziemi-sadowienskiej"],"views":3812,"_links":{"self":[{"href":"https:\/\/info.sadowne.pl\/index.php?rest_route=\/wp\/v2\/posts\/4283","targetHints":{"allow":["GET"]}}],"collection":[{"href":"https:\/\/info.sadowne.pl\/index.php?rest_route=\/wp\/v2\/posts"}],"about":[{"href":"https:\/\/info.sadowne.pl\/index.php?rest_route=\/wp\/v2\/types\/post"}],"author":[{"embeddable":true,"href":"https:\/\/info.sadowne.pl\/index.php?rest_route=\/wp\/v2\/users\/1"}],"replies":[{"embeddable":true,"href":"https:\/\/info.sadowne.pl\/index.php?rest_route=%2Fwp%2Fv2%2Fcomments&post=4283"}],"version-history":[{"count":5,"href":"https:\/\/info.sadowne.pl\/index.php?rest_route=\/wp\/v2\/posts\/4283\/revisions"}],"predecessor-version":[{"id":4295,"href":"https:\/\/info.sadowne.pl\/index.php?rest_route=\/wp\/v2\/posts\/4283\/revisions\/4295"}],"wp:attachment":[{"href":"https:\/\/info.sadowne.pl\/index.php?rest_route=%2Fwp%2Fv2%2Fmedia&parent=4283"}],"wp:term":[{"taxonomy":"category","embeddable":true,"href":"https:\/\/info.sadowne.pl\/index.php?rest_route=%2Fwp%2Fv2%2Fcategories&post=4283"},{"taxonomy":"post_tag","embeddable":true,"href":"https:\/\/info.sadowne.pl\/index.php?rest_route=%2Fwp%2Fv2%2Ftags&post=4283"}],"curies":[{"name":"wp","href":"https:\/\/api.w.org\/{rel}","templated":true}]}}