{"id":4769,"date":"2014-04-03T14:36:41","date_gmt":"2014-04-03T12:36:41","guid":{"rendered":"http:\/\/www.infosadowne.boo.pl\/?p=4769"},"modified":"2014-04-03T14:42:41","modified_gmt":"2014-04-03T12:42:41","slug":"dlaczego-500-lecie","status":"publish","type":"post","link":"https:\/\/info.sadowne.pl\/?p=4769","title":{"rendered":"Dlaczego 500-lecie?"},"content":{"rendered":"<p style=\"text-align: justify;\"><b><img loading=\"lazy\" decoding=\"async\" class=\"alignleft size-thumbnail wp-image-4770\" alt=\"2\" src=\"http:\/\/www.info.sadowne.pl\/wp-content\/uploads\/2014\/04\/2-180x130.jpg\" width=\"180\" height=\"130\" \/>\u0179r\u00f3d\u0142a historyczne nie powiedz\u0105 nam zbyt wiele na temat powstania naszej miejscowo\u015bci. <!--more--><\/b><\/p>\n<p style=\"text-align: justify;\"><b>Mo\u017cemy w tej kwestii posi\u0142kowa\u0107 si\u0119 materia\u0142ami ju\u017c wcze\u015bniej opracowanymi przez naszych rodzimych historyk\u00f3w i autor\u00f3w prozy pisanej o dziejach Sadownego. Pan Adam Stankiewicz i Pan Tomasz Szczechura w swoich ksi\u0105\u017ckach do\u015b\u0107 dok\u0142adnie i na podstawie dost\u0119pnych archiw\u00f3w opisuj\u0105 rozw\u00f3j osadnictwa na ziemi sadowie\u0144skiej, a wi\u0119c zacytujmy niekt\u00f3re fragmenty ich prac.<\/b><\/p>\n<p style=\"text-align: justify;\"><b><i>Po za\u0142o\u017ceniu w 1514 roku Sadownego, zlokalizowanego w centrum regionu, Kapitu\u0142a stworzy\u0142a tu parafi\u0119. Biskup p\u0142ocki ks. Rafa\u0142 Leszczy\u0144ski w 1524 roku wyda\u0142 zgod\u0119 na jej erygowanie<\/i><\/b><i> \/pocz\u0105tkowo dla czterech wsi \u2013 Sadowne, Ra\u017cny, Ko\u0142odzi\u0105\u017c i Mrozowa Wola\/. Utworzenie parafii przybli\u017cy\u0142o pos\u0142ugi religijne wiernym mieszkaj\u0105cym na terenie d\u00f3br. Kapitu\u0142a wyposa\u017cy\u0142a parafi\u0119 \u2013 przydzielaj\u0105c dla proboszcza 4 w\u0142\u00f3ki ziemi. Na tej ziemi proboszcz osadzi\u0142 ch\u0142op\u00f3w i za\u0142o\u017cy\u0142 niewielki folwark \/na terenie d\u00f3br dzia\u0142a\u0142y w II po\u0142owie XVI wieku cztery folwarki za\u0142o\u017cone przez Kapitu\u0142\u0119 w Ra\u017cnach, Ko\u0142odzi\u0105\u017cu, Mrozowej Woli i Brz\u00f3zce\/. Po za\u0142o\u017ceniu parafii Sadowne zacz\u0105\u0142 kszta\u0142towa\u0107 si\u0119 centralny o\u015brodek administracyjny dla pozosta\u0142ych wsi.<\/i> <b>(wg \u201eDzieje wsi Ra\u017cny\u201d, A. Stankiewicz, Warszawa 2006).<\/b><\/p>\n<p style=\"text-align: justify;\"><b>W ksi\u0105\u017cce \u201eNad Bugiem, Ugoszcz\u0105, Wil\u0105cz\u0105\u201d Pan Tomasz Szczechura opisuje okres tworzenia pierwszych miejscowo\u015bci nad Bugiem i na terenach \u00f3wczesnej Puszczy Kamienieckiej:<\/b><b><\/b><\/p>\n<div id=\"attachment_4771\" style=\"width: 190px\" class=\"wp-caption alignright\"><a href=\"http:\/\/www.info.sadowne.pl\/wp-content\/uploads\/2014\/04\/2014.04.02.18.jpg\" target=\"_blank\"><img loading=\"lazy\" decoding=\"async\" aria-describedby=\"caption-attachment-4771\" class=\"size-thumbnail wp-image-4771\" alt=\"S\" src=\"http:\/\/www.info.sadowne.pl\/wp-content\/uploads\/2014\/04\/2014.04.02.18-180x130.jpg\" width=\"180\" height=\"130\" \/><\/a><p id=\"caption-attachment-4771\" class=\"wp-caption-text\">archeologiczne zbiory Muzeum Ziemi Sadowie\u0144skiej<\/p><\/div>\n<p style=\"text-align: justify;\"><i>W roku 1425 Ra\u017cny znajdowa\u0142y si\u0119 w samym sercu puszczy, kt\u00f3ra po obu brzegach Bugu rozci\u0105ga\u0142a si\u0119 wko\u0142o nich na wiele kilometr\u00f3w \/od roku 1434 \u2013 przez ponad 350 lat \u2013 stanowi\u0142y w\u0142asno\u015b\u0107 kapitu\u0142y ko\u015bcio\u0142a kolegiackiego \u015bw. Jana w Warszawie. Jedynie Morzyczyn i P\u0142atkownica by\u0142y w\u00f3wczas w\u0142asno\u015bci\u0105 kr\u00f3lewsk\u0105.\/. W najbli\u017cszej okolicy by\u0142o tylko jedno miasto, mianowicie Kamieniec, nieco dalej, a\u017c nad Narwi\u0105, rozwija\u0142 si\u0119 Pu\u0142tusk. Brok by\u0142 ma\u0142\u0105 mie\u015bcin\u0105; istnia\u0142 w nim co prawda targ, ale osada nie mia\u0142a jeszcze praw miejskich, tak samo nie by\u0142y wtedy jeszcze miastami osiedla dalsze: Ostr\u00f3w, Nur, Wyszk\u00f3w, W\u0119gr\u00f3w, Soko\u0142\u00f3w.<\/i><\/p>\n<div id=\"attachment_4773\" style=\"width: 190px\" class=\"wp-caption alignleft\"><a href=\"http:\/\/www.info.sadowne.pl\/wp-content\/uploads\/2014\/04\/2014.04.02.15.jpg\" target=\"_blank\"><img loading=\"lazy\" decoding=\"async\" aria-describedby=\"caption-attachment-4773\" class=\"size-thumbnail wp-image-4773 \" alt=\"2014.04.02.15\" src=\"http:\/\/www.info.sadowne.pl\/wp-content\/uploads\/2014\/04\/2014.04.02.15-180x130.jpg\" width=\"180\" height=\"130\" \/><\/a><p id=\"caption-attachment-4773\" class=\"wp-caption-text\">ziemia sadowie\u0144ska XVI w. &#8211; mapa www.geohistoria.pl<\/p><\/div>\n<p style=\"text-align: justify;\"><i>Bardzo wcze\u015bnie musia\u0142 rozwin\u0105\u0107 si\u0119 Ko\u0142odzi\u0105\u017c mimo, \u017ce o nim z wieku XV nie mamy \u017cadnej wiadomo\u015bci; od razu dowiadujemy si\u0119, \u017ce to ju\u017c du\u017ce osiedle.<\/i><\/p>\n<div id=\"attachment_4772\" style=\"width: 190px\" class=\"wp-caption alignright\"><a href=\"http:\/\/www.info.sadowne.pl\/wp-content\/uploads\/2014\/04\/2014.04.02.16.jpg\" target=\"_blank\"><img loading=\"lazy\" decoding=\"async\" aria-describedby=\"caption-attachment-4772\" class=\"size-thumbnail wp-image-4772 \" alt=\"2014.04.02.16\" src=\"http:\/\/www.info.sadowne.pl\/wp-content\/uploads\/2014\/04\/2014.04.02.16-180x130.jpg\" width=\"180\" height=\"130\" \/><\/a><p id=\"caption-attachment-4772\" class=\"wp-caption-text\">ziemia sadowie\u0144ska XVIII w. &#8211; mapa www.geohistoria.pl<\/p><\/div>\n<p style=\"text-align: justify;\"><b><i>Sadowne r\u00f3wnie\u017c by\u0142o wsi\u0105 now\u0105, za\u0142o\u017con\u0105 \u201ena surowym korzeniu\u201d. Umowa z w\u00f3jtem tej wsi zawarta zosta\u0142a w 1514 r., osadnicy za\u015b otrzymali \u201ewol\u0119\u201d na lat 20 dokumentem wystawionym przez ks. Z. Roskowskiego w 1519 r.,<\/i><\/b><i> wsi\u0105 now\u0105 by\u0142a Mrozowa Wola, w dokumentach pocz\u0105tkowo nazywana po prostu Mr\u00f3z. Za\u0142o\u017cycielem jej i w\u00f3jtem by\u0142 Stanis\u0142aw Mr\u00f3z, od niego te\u017c wzi\u0119\u0142a nazw\u0119. Wie\u015b za\u0142o\u017cona zosta\u0142a obok osiedla istniej\u0105cego dawniej, zwanego Ugoszcz, kt\u00f3re te\u017c z czasem poch\u0142on\u0119\u0142a\u2026 W Mrozowej Woli ks. Z. Roskowski za\u0142o\u017cy\u0142 m\u0142yn spi\u0119trzaj\u0105c wod\u0119 strugi Ugoszczy oraz wybudowa\u0142 sobie obronny dom. Od tego ksi\u0119\u017cego gospodarstwa i domostwa posz\u0142a nazwa Ksi\u0119\u017cyzna\u2026<\/i><\/p>\n<p style=\"text-align: justify;\">Mamy nadziej\u0119, \u017ce prowadzony aktualnie przez Gminny O\u015brodek Kultury w Sadownem projekt pn. &#8222;Faksymile &#8211; odkrywamy dawne Sadowne&#8221; dostarczy nam nowych danych na temat rozwoju regionu sadowie\u0144skiego. B\u0119dziemy o tym informowa\u0107 na \u0142amach naszego Portalu.<\/p>\n<p style=\"text-align: justify;\"><strong>Tekst:<\/strong> sch<\/p>\n<p style=\"text-align: justify;\"><b>\u0179r\u00f3d\u0142a:<\/b><b><\/b><\/p>\n<p style=\"text-align: justify;\">\u201eNad Bugiem, Ugoszcz\u0105, Wil\u0105cz\u0105\u201d, Tomasz Szczechura, Ludowa Sp\u00f3\u0142dzielnia Wydawnicza, 1967 (pozycja ksi\u0105\u017ckowa dost\u0119pna w zbiorach Gminnej Biblioteki Publicznej w Sadownem)<\/p>\n<p style=\"text-align: justify;\">\u201eDzieje wsi Ra\u017cny\u201d, Adam Stankiewicz, Warszawa 2006 (pozycja ksi\u0105\u017ckowa dost\u0119pna w zbiorach Gminnej Biblioteki Publicznej w Sadownem)<\/p>\n<p style=\"text-align: justify;\"><a href=\"http:\/\/www.geohistoria.pl\/\" target=\"_blank\">www.geohistoria.pl<\/a><\/p>\n","protected":false},"excerpt":{"rendered":"<p>\u0179r\u00f3d\u0142a historyczne nie powiedz\u0105 nam zbyt wiele na temat powstania naszej miejscowo\u015bci.<\/p>\n","protected":false},"author":1,"featured_media":0,"comment_status":"open","ping_status":"open","sticky":false,"template":"","format":"standard","meta":{"footnotes":""},"categories":[5,31],"tags":[523,101],"class_list":["post-4769","post","type-post","status-publish","format-standard","hentry","category-newsy","category-historia-gminy","tag-500-lecie-sadownego","tag-historia-gminy-sadowne"],"views":4134,"_links":{"self":[{"href":"https:\/\/info.sadowne.pl\/index.php?rest_route=\/wp\/v2\/posts\/4769","targetHints":{"allow":["GET"]}}],"collection":[{"href":"https:\/\/info.sadowne.pl\/index.php?rest_route=\/wp\/v2\/posts"}],"about":[{"href":"https:\/\/info.sadowne.pl\/index.php?rest_route=\/wp\/v2\/types\/post"}],"author":[{"embeddable":true,"href":"https:\/\/info.sadowne.pl\/index.php?rest_route=\/wp\/v2\/users\/1"}],"replies":[{"embeddable":true,"href":"https:\/\/info.sadowne.pl\/index.php?rest_route=%2Fwp%2Fv2%2Fcomments&post=4769"}],"version-history":[{"count":4,"href":"https:\/\/info.sadowne.pl\/index.php?rest_route=\/wp\/v2\/posts\/4769\/revisions"}],"predecessor-version":[{"id":4777,"href":"https:\/\/info.sadowne.pl\/index.php?rest_route=\/wp\/v2\/posts\/4769\/revisions\/4777"}],"wp:attachment":[{"href":"https:\/\/info.sadowne.pl\/index.php?rest_route=%2Fwp%2Fv2%2Fmedia&parent=4769"}],"wp:term":[{"taxonomy":"category","embeddable":true,"href":"https:\/\/info.sadowne.pl\/index.php?rest_route=%2Fwp%2Fv2%2Fcategories&post=4769"},{"taxonomy":"post_tag","embeddable":true,"href":"https:\/\/info.sadowne.pl\/index.php?rest_route=%2Fwp%2Fv2%2Ftags&post=4769"}],"curies":[{"name":"wp","href":"https:\/\/api.w.org\/{rel}","templated":true}]}}