{"id":4970,"date":"2014-04-28T16:56:28","date_gmt":"2014-04-28T14:56:28","guid":{"rendered":"http:\/\/www.infosadowne.boo.pl\/?p=4970"},"modified":"2014-04-28T16:56:28","modified_gmt":"2014-04-28T14:56:28","slug":"niedzielna-wycieczka-rowerowa","status":"publish","type":"post","link":"https:\/\/info.sadowne.pl\/?p=4970","title":{"rendered":"Niedzielna wycieczka rowerowa"},"content":{"rendered":"<p style=\"text-align: justify;\"><strong><img loading=\"lazy\" decoding=\"async\" class=\"alignleft size-thumbnail wp-image-4971\" alt=\"2014.04.28.1\" src=\"http:\/\/www.info.sadowne.pl\/wp-content\/uploads\/2014\/04\/2014.04.28.1-180x130.jpg\" width=\"180\" height=\"130\" \/>W niedziel\u0119, 27 kwietnia wybra\u0142y\u015bmy si\u0119 z kole\u017cank\u0105 Ma\u0142gosi\u0105 D. na wycieczk\u0119 rowerow\u0105 po Sadownem i okolicznych lasach.<\/strong>\u00a0<!--more--><\/p>\n<p style=\"text-align: justify;\"><a href=\"http:\/\/www.info.sadowne.pl\/wp-content\/uploads\/2014\/04\/2014.04.28.1.jpg\" target=\"_blank\"><img loading=\"lazy\" decoding=\"async\" class=\"alignright size-medium wp-image-4971\" alt=\"2014.04.28.1\" src=\"http:\/\/www.info.sadowne.pl\/wp-content\/uploads\/2014\/04\/2014.04.28.1-300x244.jpg\" width=\"300\" height=\"244\" srcset=\"https:\/\/info.sadowne.pl\/wp-content\/uploads\/2014\/04\/2014.04.28.1-300x244.jpg 300w, https:\/\/info.sadowne.pl\/wp-content\/uploads\/2014\/04\/2014.04.28.1.jpg 810w\" sizes=\"auto, (max-width: 300px) 100vw, 300px\" \/><\/a>Przy drodze le\u015bnej, ku naszemu zdumieniu, ujrza\u0142y\u015bmy malowniczo wygl\u0105daj\u0105ce grzyby. By\u0142y to <i>ma\u015blaki zwyczajne<\/i>, wyj\u0105tkowo zdrowe i pachn\u0105ce! B\u0119dzie smaczna zupka!<\/p>\n<p style=\"text-align: justify;\">Parafrazuj\u0105c polskie przys\u0142owie: cho\u0107 pierwsza jask\u00f3\u0142ka wiosny nie czyni, a czy pierwszy grzyb rozpoczyna sezon grzybobrania?<\/p>\n<p style=\"text-align: justify;\"><strong>Autor:<\/strong> Barbara R.<\/p>\n","protected":false},"excerpt":{"rendered":"<p>W niedziel\u0119, 27 kwietnia wybra\u0142y\u015bmy si\u0119 z kole\u017cank\u0105 Ma\u0142gosi\u0105 D. na wycieczk\u0119 rowerow\u0105 po Sadownem i okolicznych lasach.\u00a0<\/p>\n","protected":false},"author":1,"featured_media":0,"comment_status":"open","ping_status":"open","sticky":false,"template":"","format":"standard","meta":{"footnotes":""},"categories":[5,1],"tags":[710,25,709],"class_list":["post-4970","post","type-post","status-publish","format-standard","hentry","category-newsy","category-inne","tag-maslaki","tag-sadowne","tag-wycieczka-rowerowa"],"views":2996,"_links":{"self":[{"href":"https:\/\/info.sadowne.pl\/index.php?rest_route=\/wp\/v2\/posts\/4970","targetHints":{"allow":["GET"]}}],"collection":[{"href":"https:\/\/info.sadowne.pl\/index.php?rest_route=\/wp\/v2\/posts"}],"about":[{"href":"https:\/\/info.sadowne.pl\/index.php?rest_route=\/wp\/v2\/types\/post"}],"author":[{"embeddable":true,"href":"https:\/\/info.sadowne.pl\/index.php?rest_route=\/wp\/v2\/users\/1"}],"replies":[{"embeddable":true,"href":"https:\/\/info.sadowne.pl\/index.php?rest_route=%2Fwp%2Fv2%2Fcomments&post=4970"}],"version-history":[{"count":1,"href":"https:\/\/info.sadowne.pl\/index.php?rest_route=\/wp\/v2\/posts\/4970\/revisions"}],"predecessor-version":[{"id":4972,"href":"https:\/\/info.sadowne.pl\/index.php?rest_route=\/wp\/v2\/posts\/4970\/revisions\/4972"}],"wp:attachment":[{"href":"https:\/\/info.sadowne.pl\/index.php?rest_route=%2Fwp%2Fv2%2Fmedia&parent=4970"}],"wp:term":[{"taxonomy":"category","embeddable":true,"href":"https:\/\/info.sadowne.pl\/index.php?rest_route=%2Fwp%2Fv2%2Fcategories&post=4970"},{"taxonomy":"post_tag","embeddable":true,"href":"https:\/\/info.sadowne.pl\/index.php?rest_route=%2Fwp%2Fv2%2Ftags&post=4970"}],"curies":[{"name":"wp","href":"https:\/\/api.w.org\/{rel}","templated":true}]}}