{"id":5048,"date":"2020-05-24T12:10:14","date_gmt":"2020-05-24T10:10:14","guid":{"rendered":"http:\/\/www.infosadowne.boo.pl\/?p=5048"},"modified":"2020-05-24T12:18:21","modified_gmt":"2020-05-24T10:18:21","slug":"maj-wymaga-pracy","status":"publish","type":"post","link":"https:\/\/info.sadowne.pl\/?p=5048","title":{"rendered":"W maju jest co robi\u0107"},"content":{"rendered":"<p style=\"text-align: justify;\"><b> <img loading=\"lazy\" decoding=\"async\" class=\"alignleft size-thumbnail wp-image-5050\" src=\"http:\/\/www.info.sadowne.pl\/wp-content\/uploads\/2014\/05\/2014.05.06.4-180x130.jpg\" alt=\"2014.05.06.4\" width=\"180\" height=\"130\" \/>W ogrodzie rozkwitaj\u0105 r\u00f3\u017cnokolorowe kwiaty, drzewa owocowe mieni\u0105 si\u0119 kolorami p\u0142atk\u00f3w rozwijaj\u0105cych si\u0119 p\u0105k\u00f3w owocowych, ale jest te\u017c du\u017co pracy.<!--more--><\/b><\/p>\n<p style=\"text-align: justify;\"><img loading=\"lazy\" decoding=\"async\" class=\"alignright size-medium wp-image-5049\" src=\"http:\/\/www.info.sadowne.pl\/wp-content\/uploads\/2014\/05\/2014.05.06.1-300x200.jpg\" alt=\"2014.05.06.1\" width=\"300\" height=\"200\" srcset=\"https:\/\/info.sadowne.pl\/wp-content\/uploads\/2014\/05\/2014.05.06.1-300x200.jpg 300w, https:\/\/info.sadowne.pl\/wp-content\/uploads\/2014\/05\/2014.05.06.1.jpg 806w\" sizes=\"auto, (max-width: 300px) 100vw, 300px\" \/><strong>W naszych sadach zakwit\u0142y drzewa owocowe, ale nie zapominajmy, \u017ce w tym okresie, podczas kwitnienia i tworzenia zawi\u0105zk\u00f3w owocowych, ro\u015bliny b\u0119d\u0105 potrzebowa\u0142y wzmocnienia nawozami.<\/strong> M\u0142ode drzewka i krzewy owocowe powinny otrzyma\u0107 dawk\u0119 nawozu azotowego, kt\u00f3ry rozsypujemy w obr\u0119bie korony, mieszaj\u0105c go jednocze\u015bnie z ziemi\u0105. Podobnie, zastosujmy naw\u00f3z do drzew starszych, kt\u00f3re rosn\u0105 na s\u0142abych glebach wyst\u0119puj\u0105cych na naszym terenie. Wskazane jest te\u017c rozsypanie kolejnej dawki nawozu wielosk\u0142adnikowego.<\/p>\n<p style=\"text-align: justify;\"><strong><img loading=\"lazy\" decoding=\"async\" class=\"alignleft size-medium wp-image-5051\" src=\"http:\/\/www.info.sadowne.pl\/wp-content\/uploads\/2014\/05\/2014.05.06.2-300x200.jpg\" alt=\"2014.05.06.2\" width=\"300\" height=\"200\" srcset=\"https:\/\/info.sadowne.pl\/wp-content\/uploads\/2014\/05\/2014.05.06.2-300x200.jpg 300w, https:\/\/info.sadowne.pl\/wp-content\/uploads\/2014\/05\/2014.05.06.2.jpg 806w\" sizes=\"auto, (max-width: 300px) 100vw, 300px\" \/>Maj jest te\u017c okresem przeprowadzania pierwszych oprysk\u00f3w w sadzie przeciwko chorobom grzybowym \u2013 rdzy, plamisto\u015bci i parchowi.<\/strong> Dobrze jest u\u017cy\u0107 preparat\u00f3w grzybob\u00f3jczych np. Miedzianu lub Kaptanu. Zwracajmy te\u017c uwag\u0119 na wygl\u0105d m\u0142odych p\u0119d\u00f3w drzew i krzew\u00f3w, kt\u00f3ry mo\u017ce wskazywa\u0107 obecno\u015b\u0107 pierwszych szkodnik\u00f3w. Nie wahajmy si\u0119 zastosowa\u0107 preparat do likwidacji takich szkodnik\u00f3w, ale zwracajmy uwag\u0119, aby nie zrobi\u0107 krzywdy owadom zapylaj\u0105cym \u2013 preparaty najlepiej u\u017cy\u0107 przed wieczorem, gdy \u201ezapylacze\u201d zako\u0144cz\u0105 prac\u0119 w naszym sadzie.<\/p>\n<p style=\"text-align: justify;\"><strong>Po przymrozkach, kt\u00f3rych w tym okresie nie da si\u0119 nam unikn\u0105\u0107, zr\u00f3bmy przegl\u0105d kwitn\u0105cych drzew i krzew\u00f3w i usu\u0144my przemarz\u0142e p\u0119dy, a tak\u017ce nadmiar zal\u0105\u017ck\u00f3w na konarach.<\/strong> Drzewa i krzewy \u201eodwdzi\u0119cz\u0105\u201d si\u0119 nam nowymi przyrostami i bardziej wyro\u015bni\u0119tymi owocami w okresie ich zbior\u00f3w.<\/p>\n<p style=\"text-align: justify;\"><img loading=\"lazy\" decoding=\"async\" class=\"alignright size-medium wp-image-5052\" src=\"http:\/\/www.info.sadowne.pl\/wp-content\/uploads\/2014\/05\/2014.05.06.3-300x200.jpg\" alt=\"2014.05.06.3\" width=\"300\" height=\"200\" srcset=\"https:\/\/info.sadowne.pl\/wp-content\/uploads\/2014\/05\/2014.05.06.3-300x200.jpg 300w, https:\/\/info.sadowne.pl\/wp-content\/uploads\/2014\/05\/2014.05.06.3.jpg 806w\" sizes=\"auto, (max-width: 300px) 100vw, 300px\" \/><strong>W pozosta\u0142ej cz\u0119\u015bci ogrodu nie zapomnijmy o przyci\u0119ciu krzew\u00f3w, kt\u00f3re ju\u017c kwit\u0142y, np. forsycji, tawu\u0142 lub wierzby ozdobnej.<\/strong> Natomiast na iglakach sprawd\u017amy czy nie rozwijaj\u0105 si\u0119 ogniska szkodnik\u00f3w np. prz\u0119dziork\u00f3w. Ich \u017cerowanie trzeba b\u0119dzie przerwa\u0107 preparatem Karate, Confidor lub Provado Plus. By\u0107 mo\u017ce b\u0119dziemy musieli po zimie i przymrozkach usun\u0105\u0107 niekt\u00f3re krzewy lub drzewa w ca\u0142o\u015bci, ale zawsze mo\u017cna w ich miejsce posadzi\u0107 nowe, kt\u00f3re odmieni\u0105 wygl\u0105d naszego ogrodu. W tym okresie mamy te\u017c jeszcze czas na realizacj\u0119 swoich pomys\u0142\u00f3w w zakresie aran\u017cacji naszych ogrod\u00f3w, a tak\u017ce tworzenia kompozycji z nowych nasadze\u0144. Je\u015bli mieli\u015bmy takie pomys\u0142y, nie b\u00f3jmy si\u0119 ich zrealizowa\u0107. Wiele drzew i krzew\u00f3w ozdobnych oczekuje na nas po przyst\u0119pnych cenach w <strong><span style=\"color: #0000ff;\"><a href=\"http:\/\/www.info.sadowne.pl\/?p=4745\" target=\"_blank\" rel=\"noopener noreferrer\"><span style=\"color: #0000ff;\">lokalnych szk\u00f3\u0142kach ogrodniczych.<\/span><\/a><\/span><\/strong><\/p>\n<p style=\"text-align: justify;\"><strong><img loading=\"lazy\" decoding=\"async\" class=\"alignleft size-medium wp-image-5053\" src=\"http:\/\/www.info.sadowne.pl\/wp-content\/uploads\/2014\/05\/2014.05.06.5-300x200.jpg\" alt=\"2014.05.06.5\" width=\"300\" height=\"200\" srcset=\"https:\/\/info.sadowne.pl\/wp-content\/uploads\/2014\/05\/2014.05.06.5-300x200.jpg 300w, https:\/\/info.sadowne.pl\/wp-content\/uploads\/2014\/05\/2014.05.06.5.jpg 806w\" sizes=\"auto, (max-width: 300px) 100vw, 300px\" \/>A wracaj\u0105c do ogrodu, w maju do\u015b\u0107 szybko zaczyna rosn\u0105\u0107 nasz trawnik, kt\u00f3ry b\u0119dziemy musieli ju\u017c teraz systematycznie kosi\u0107.<\/strong> Uzupe\u0142niamy te\u017c widoczne braki w murawie poprzez dosianie odpowiedniego rodzaju trawy. W warzywniku mo\u017cemy ju\u017c posadzi\u0107 selery i pory, kt\u00f3re okrywajmy jednak podczas zagro\u017cenia przymrozkami. Warzywnik wymaga te\u017c systematycznego usuwania rosn\u0105cych tam chwast\u00f3w i podlewania.<\/p>\n<p style=\"text-align: justify;\"><strong><img loading=\"lazy\" decoding=\"async\" class=\"alignright size-medium wp-image-5054\" src=\"http:\/\/www.info.sadowne.pl\/wp-content\/uploads\/2014\/05\/2014.05.06.6-300x212.jpg\" alt=\"O\" width=\"300\" height=\"212\" srcset=\"https:\/\/info.sadowne.pl\/wp-content\/uploads\/2014\/05\/2014.05.06.6-300x212.jpg 300w, https:\/\/info.sadowne.pl\/wp-content\/uploads\/2014\/05\/2014.05.06.6.jpg 797w\" sizes=\"auto, (max-width: 300px) 100vw, 300px\" \/>W oczku wodnym musimy czuwa\u0107, podczas upalnych dni, nad klarowno\u015bci\u0105 wody<\/strong> \u2013 trzeba je napowietrza\u0107 poprzez zastosowanie fontann, napowietrzaczy czy wodospad\u00f3w w celu niedopuszczenia do rozprzestrzenienia si\u0119 glon\u00f3w, a tak\u017ce natlenienia wody, co jest konieczne w przypadku zarybienia naszego stawu. Profilaktycznie te\u017c mo\u017cna zastosowa\u0107 preparat antyglonowy i nie dokarmia\u0107 w nadmiarze ryb, gdy\u017c resztki pokarmu powoduj\u0105 zanieczyszczenia wody i rozw\u00f3j szkodliwych drobnoustroj\u00f3w.<\/p>\n<p style=\"text-align: justify;\"><strong>Tekst\/foto:<\/strong>\u00a0S\u0142awek Chyli\u0144ski<\/p>\n","protected":false},"excerpt":{"rendered":"<p>W ogrodzie rozkwitaj\u0105 r\u00f3\u017cnokolorowe kwiaty, drzewa owocowe mieni\u0105 si\u0119 kolorami p\u0142atk\u00f3w rozwijaj\u0105cych si\u0119 p\u0105k\u00f3w owocowych, ale jest te\u017c du\u017co pracy.<\/p>\n","protected":false},"author":1,"featured_media":0,"comment_status":"open","ping_status":"open","sticky":false,"template":"","format":"standard","meta":{"footnotes":""},"categories":[5,414],"tags":[726,479],"class_list":["post-5048","post","type-post","status-publish","format-standard","hentry","category-newsy","category-w-ogrodzie","tag-maj-w-ogrodzie","tag-w-ogrodzie-2"],"views":3950,"_links":{"self":[{"href":"https:\/\/info.sadowne.pl\/index.php?rest_route=\/wp\/v2\/posts\/5048","targetHints":{"allow":["GET"]}}],"collection":[{"href":"https:\/\/info.sadowne.pl\/index.php?rest_route=\/wp\/v2\/posts"}],"about":[{"href":"https:\/\/info.sadowne.pl\/index.php?rest_route=\/wp\/v2\/types\/post"}],"author":[{"embeddable":true,"href":"https:\/\/info.sadowne.pl\/index.php?rest_route=\/wp\/v2\/users\/1"}],"replies":[{"embeddable":true,"href":"https:\/\/info.sadowne.pl\/index.php?rest_route=%2Fwp%2Fv2%2Fcomments&post=5048"}],"version-history":[{"count":4,"href":"https:\/\/info.sadowne.pl\/index.php?rest_route=\/wp\/v2\/posts\/5048\/revisions"}],"predecessor-version":[{"id":23450,"href":"https:\/\/info.sadowne.pl\/index.php?rest_route=\/wp\/v2\/posts\/5048\/revisions\/23450"}],"wp:attachment":[{"href":"https:\/\/info.sadowne.pl\/index.php?rest_route=%2Fwp%2Fv2%2Fmedia&parent=5048"}],"wp:term":[{"taxonomy":"category","embeddable":true,"href":"https:\/\/info.sadowne.pl\/index.php?rest_route=%2Fwp%2Fv2%2Fcategories&post=5048"},{"taxonomy":"post_tag","embeddable":true,"href":"https:\/\/info.sadowne.pl\/index.php?rest_route=%2Fwp%2Fv2%2Ftags&post=5048"}],"curies":[{"name":"wp","href":"https:\/\/api.w.org\/{rel}","templated":true}]}}