{"id":5142,"date":"2014-05-16T17:57:28","date_gmt":"2014-05-16T15:57:28","guid":{"rendered":"http:\/\/www.infosadowne.boo.pl\/?p=5142"},"modified":"2020-04-24T19:43:51","modified_gmt":"2020-04-24T17:43:51","slug":"wystawa-w-gok","status":"publish","type":"post","link":"https:\/\/info.sadowne.pl\/?p=5142","title":{"rendered":"Wystawa w GOK"},"content":{"rendered":"<p style=\"text-align: justify;\"><strong><img loading=\"lazy\" decoding=\"async\" class=\"alignleft size-thumbnail wp-image-5143\" src=\"http:\/\/www.info.sadowne.pl\/wp-content\/uploads\/2014\/05\/2014.05.16.6-180x130.jpg\" alt=\"2014.05.16.6\" width=\"180\" height=\"130\" \/>Gminny O\u015brodek Kultury w Sadownem uruchomi\u0142 w\u0142a\u015bnie \u201eWystaw\u0119 dokument\u00f3w i publikacji dotycz\u0105cych Sadownego\u201d.<!--more--><\/strong><\/p>\n<p style=\"text-align: justify;\">W ramach obchod\u00f3w 500-lecia Sadownego Gminny O\u015brodek Kultury w Sadownem zgromadzi\u0142 wszelkie dost\u0119pne dokumenty i publikacje o Sadownem. Na uruchomionej w\u0142a\u015bnie wystawie prezentowane s\u0105 ksi\u0105\u017ckowe wydawnictwa analityczno-historyczne dotycz\u0105ce Sadownego, kt\u00f3re opublikowano od II wojny \u015bwiatowej do dnia dzisiejszego, a tak\u017ce powsta\u0142e w tym okresie tematyczne prace naukowe naszych mieszka\u0144c\u00f3w o swojej miejscowo\u015bci oraz archiwalne ksi\u0119gi metrykalne, kroniki parafialne i mapy.<\/p>\n<p style=\"text-align: justify;\"><strong>Ch\u0119tnych do obejrzenia wystawy i skorzystania z zawarto\u015bci dokument\u00f3w zapraszamy do Gminnego O\u015brodka Kultury w godzinach jego pracy.<\/strong><\/p>\n<p><a href=\"https:\/\/photos.app.goo.gl\/shv2cH2SugvsvNcZ9\" target=\"_blank\" rel=\"noopener noreferrer\"><strong>Zdj\u0119cia w galerii Google&gt;&gt;&gt;<\/strong><\/a><\/p>\n<p style=\"text-align: justify;\"><strong>Tekst\/foto:<\/strong> S\u0142awek Chyli\u0144ski<\/p>\n<p>&nbsp;<\/p>\n","protected":false},"excerpt":{"rendered":"<p>Gminny O\u015brodek Kultury w Sadownem uruchomi\u0142 w\u0142a\u015bnie \u201eWystaw\u0119 dokument\u00f3w i publikacji dotycz\u0105cych Sadownego\u201d.<\/p>\n","protected":false},"author":1,"featured_media":0,"comment_status":"open","ping_status":"open","sticky":false,"template":"","format":"standard","meta":{"footnotes":""},"categories":[5,2149,91,6],"tags":[523,169,743],"class_list":["post-5142","post","type-post","status-publish","format-standard","hentry","category-newsy","category-gminna-biblioteka-publiczna","category-gminny-osrodek-kultury","category-kultura-rozrywka-edukacja","tag-500-lecie-sadownego","tag-gminny-osrodek-kultury-w-sadownem","tag-wystawa-dokumentow-i-publikacji-dotyczacych-sadownego"],"views":2932,"_links":{"self":[{"href":"https:\/\/info.sadowne.pl\/index.php?rest_route=\/wp\/v2\/posts\/5142","targetHints":{"allow":["GET"]}}],"collection":[{"href":"https:\/\/info.sadowne.pl\/index.php?rest_route=\/wp\/v2\/posts"}],"about":[{"href":"https:\/\/info.sadowne.pl\/index.php?rest_route=\/wp\/v2\/types\/post"}],"author":[{"embeddable":true,"href":"https:\/\/info.sadowne.pl\/index.php?rest_route=\/wp\/v2\/users\/1"}],"replies":[{"embeddable":true,"href":"https:\/\/info.sadowne.pl\/index.php?rest_route=%2Fwp%2Fv2%2Fcomments&post=5142"}],"version-history":[{"count":3,"href":"https:\/\/info.sadowne.pl\/index.php?rest_route=\/wp\/v2\/posts\/5142\/revisions"}],"predecessor-version":[{"id":23337,"href":"https:\/\/info.sadowne.pl\/index.php?rest_route=\/wp\/v2\/posts\/5142\/revisions\/23337"}],"wp:attachment":[{"href":"https:\/\/info.sadowne.pl\/index.php?rest_route=%2Fwp%2Fv2%2Fmedia&parent=5142"}],"wp:term":[{"taxonomy":"category","embeddable":true,"href":"https:\/\/info.sadowne.pl\/index.php?rest_route=%2Fwp%2Fv2%2Fcategories&post=5142"},{"taxonomy":"post_tag","embeddable":true,"href":"https:\/\/info.sadowne.pl\/index.php?rest_route=%2Fwp%2Fv2%2Ftags&post=5142"}],"curies":[{"name":"wp","href":"https:\/\/api.w.org\/{rel}","templated":true}]}}