{"id":5174,"date":"2014-05-19T19:32:41","date_gmt":"2014-05-19T17:32:41","guid":{"rendered":"http:\/\/www.infosadowne.boo.pl\/?p=5174"},"modified":"2020-04-24T19:39:51","modified_gmt":"2020-04-24T17:39:51","slug":"odsunal-sie-jan","status":"publish","type":"post","link":"https:\/\/info.sadowne.pl\/?p=5174","title":{"rendered":"&#8222;Odsun\u0105\u0142 si\u0119 Jan&#8230;&#8221;"},"content":{"rendered":"<p style=\"text-align: justify;\"><strong><img loading=\"lazy\" decoding=\"async\" class=\"alignleft size-thumbnail wp-image-5175\" src=\"http:\/\/www.info.sadowne.pl\/wp-content\/uploads\/2014\/05\/2014.05.19.10-180x130.jpg\" alt=\"2014.05.19.10\" width=\"180\" height=\"130\" \/><em>&#8222;W 1888 r. dnia 29 marca w Wielki Pi\u0105tek nast\u0105pi\u0142a gwa\u0142towna odwil\u017c po mro\u017anej i \u015bnie\u017cystej zimie. <!--more--><\/em><\/strong><em>Niespodzianie, bo w nocy, nast\u0105pi\u0142 wielki, niepami\u0119tny wylew Bugu. Woda zala\u0142a wi\u0119ksz\u0105 cz\u0119\u015b\u0107 parafii, zniszczy\u0142a pola, \u0142\u0105ki, domy i dobytek. P\u0142acz, wo\u0142anie o ratunek biednych mieszka\u0144c\u00f3w miesza\u0142 si\u0119 z hukiem i szumem w\u00f3d i kry obficie p\u0142yn\u0105cej.<\/em><\/p>\n<p style=\"text-align: justify;\"><em>Ratowa\u0142 si\u0119 ka\u017cdy jak m\u00f3g\u0142 na dachach dom\u00f3w, wierzcho\u0142kach drzew lub p\u0142ywa\u0142 w cz\u00f3\u0142nach, tratwach jak Noe w\u015br\u00f3d potopu. Szcz\u0119\u015bciem, \u017ce ju\u017c 1 kwietnia woda gwa\u0142townie opada\u0107 zacz\u0119\u0142a. Rok ten smutnie zapisa\u0142 si\u0119 w ca\u0142ej okolicy nadbu\u017cnej po doznanym strachu i zniszczeniu. Ludzie starzy m\u00f3wi\u0105, \u017ce woda porwa\u0142a figur\u0119 wyrze\u017abion\u0105 w drzewie \u015bw. Jana Nepomucena, kt\u00f3ra sta\u0142a za wsi\u0105 Sadowne i zanios\u0142a wraz z kapliczk\u0105, a\u017c pod Grabiny, tu gdzie dzi\u015b stoi. Jest to figura stara wielkiej warto\u015bci artystycznej\u201d. Taka relacja zosta\u0142a zapisana w kronice parafialnej przez ks. Stefana Ob\u0142oz\u0119\u2026 R\u00f3\u017cne s\u0105 natomiast opinie na temat powstania samej rze\u017aby. R\u00f3wnie\u017c w tym przypadku nie znajdziemy \u017cadnych \u017ar\u00f3de\u0142 pisanych. Nigdy wi\u0119c nie dowiemy si\u0119, kto by\u0142 jej autorem\u2026<\/em><\/p>\n<p style=\"text-align: justify;\">To fragmenty opisu historii naszej kapliczki \u015bw. Jana Nepomucena, kt\u00f3rego autork\u0105 jest p. Anna Ga\u0142ecka. Ca\u0142\u0105 histori\u0119 znajdziemy w <span style=\"color: #0000ff;\"><strong><a href=\"http:\/\/mazowsze.hist.pl\/17\/Rocznik_Mazowiecki\/387\/2002\/12644\/\" target=\"_blank\" rel=\"noopener noreferrer\"><span style=\"color: #0000ff;\">Roczniku Mazowieckim z 2002 roku<\/span><\/a><\/strong><\/span>.<\/p>\n<p style=\"text-align: justify;\"><strong>Uczniowie Gimnazjum im. b\u0142. Edwarda Grzyma\u0142y w Sadownem postanowili zamieni\u0107 s\u0142owo pisane w obraz. Efekty ich pracy, \u201emr\u00f3wczej\u201d pracy, mogli\u015bmy obejrze\u0107 18 maja podczas fina\u0142u Pikniku Rodzinnego w Sadownem, kt\u00f3ry by\u0142 jedn\u0105 z imprez planowanych podczas obchod\u00f3w 500-lecia Sadownego.<\/strong><\/p>\n<p style=\"text-align: justify;\">Jak si\u0119 okazuje, napisali scenariusz, opracowali scenografi\u0119 i zorganizowali kostiumy. Pod okiem fachowych instruktor\u00f3w aktorstwa i pedagog\u00f3w ze swojego Gimnazjum, \u00a0p. Doroty Ga\u0142\u0105zki i p. Anny Gierej, dopracowali do perfekcji sztuk\u0119 przek\u0142adu s\u0142owa pisanego w obraz. W trakcie ich wyst\u0119pu widzieli\u015bmy gr\u0119 \u015bwiat\u0142a i cienia, ekspresj\u0119 wykonawc\u00f3w sztuki uwidocznion\u0105 w gestach i mimice, a tak\u017ce dopracowan\u0105 sp\u00f3jno\u015b\u0107 wykorzystania przestrzeni i dekoracji z w\u0105tkami opisywanej historii. Wszystko to da\u0142o widzom poczucie osobistego udzia\u0142u w nast\u0119puj\u0105cych po sobie scenach, jednocze\u015bnie wzmagaj\u0105c napi\u0119cie w oczekiwaniu na kolejne wydarzenia, w\u0105tki tej historii.<\/p>\n<p style=\"text-align: justify;\">Cieszymy si\u0119, \u017ce m\u0142odzie\u017c gimnazjalna postanowi\u0142a spr\u00f3bowa\u0107 swoich si\u0142 w aktorstwie, a p. Dorota Ga\u0142\u0105zka &#8211; w re\u017cyserowaniu sztuk. Mamy nadziej\u0119, \u017ce sztuka pt. \u201eOdsun\u0105\u0142 si\u0119 Jan\u2026\u201d nie b\u0119dzie ostatni\u0105 w ich wykonaniu. Ko\u0142o Teatralne \u2013 Grupa przyj\u0119\u0142a nazw\u0119 \u201eEdward\u201d i zamierza, jak zapewniaj\u0105 jej opiekunowie i Dyrektor Gimnazjum p. Ma\u0142gorzata Zy\u015bk, przygotowywa\u0107 dla nas kolejne przedstawienia. Bardzo dobrze, bo \u2013 jak widzieli\u015bmy hala gimnastyczna \u201ep\u0119ka\u0142a w szwach\u201d od widz\u00f3w \u2013 zapotrzebowanie w Sadownem na sztuk\u0119 teatraln\u0105 jest du\u017ce.<\/p>\n<p style=\"text-align: justify;\"><strong>Dzi\u0119kujemy \u201eEdwardowi\u201d za chwile sp\u0119dzone ze sztuk\u0105 i \u017cyczymy dalszych sukces\u00f3w.<\/strong><\/p>\n<p style=\"text-align: justify;\">Dzi\u0119ki uprzejmo\u015bci GOK Sadowne mo\u017cemy r\u00f3wnie\u017c obejrze\u0107 <span style=\"color: #0000ff;\"><strong><a href=\"http:\/\/www.youtube.com\/watch?v=QfhNGsOBEuU\" target=\"_blank\" rel=\"noopener noreferrer\"><span style=\"color: #0000ff;\">film<\/span><\/a><\/strong><\/span> ze spektaklu.<\/p>\n<p><a href=\"https:\/\/photos.app.goo.gl\/eEB5Q9SXfhDtE2Hs7\" target=\"_blank\" rel=\"noopener noreferrer\"><strong>Zdj\u0119cia w galerii Google&gt;&gt;&gt;<\/strong><\/a><\/p>\n<p style=\"text-align: justify;\"><strong>Tekst\/foto:<\/strong> S\u0142awek Chyli\u0144ski<\/p>\n<p>&nbsp;<\/p>\n","protected":false},"excerpt":{"rendered":"<p>&#8222;W 1888 r. dnia 29 marca w Wielki Pi\u0105tek nast\u0105pi\u0142a gwa\u0142towna odwil\u017c po mro\u017anej i \u015bnie\u017cystej zimie.<\/p>\n","protected":false},"author":1,"featured_media":0,"comment_status":"open","ping_status":"open","sticky":false,"template":"","format":"standard","meta":{"footnotes":""},"categories":[5,83],"tags":[523,71,750,749],"class_list":["post-5174","post","type-post","status-publish","format-standard","hentry","category-newsy","category-gimnazjum","tag-500-lecie-sadownego","tag-gimnazjum-sadowne","tag-kolo-teatralne-edward","tag-przedstawienie-odsunal-sie-jan"],"views":3349,"_links":{"self":[{"href":"https:\/\/info.sadowne.pl\/index.php?rest_route=\/wp\/v2\/posts\/5174","targetHints":{"allow":["GET"]}}],"collection":[{"href":"https:\/\/info.sadowne.pl\/index.php?rest_route=\/wp\/v2\/posts"}],"about":[{"href":"https:\/\/info.sadowne.pl\/index.php?rest_route=\/wp\/v2\/types\/post"}],"author":[{"embeddable":true,"href":"https:\/\/info.sadowne.pl\/index.php?rest_route=\/wp\/v2\/users\/1"}],"replies":[{"embeddable":true,"href":"https:\/\/info.sadowne.pl\/index.php?rest_route=%2Fwp%2Fv2%2Fcomments&post=5174"}],"version-history":[{"count":5,"href":"https:\/\/info.sadowne.pl\/index.php?rest_route=\/wp\/v2\/posts\/5174\/revisions"}],"predecessor-version":[{"id":23333,"href":"https:\/\/info.sadowne.pl\/index.php?rest_route=\/wp\/v2\/posts\/5174\/revisions\/23333"}],"wp:attachment":[{"href":"https:\/\/info.sadowne.pl\/index.php?rest_route=%2Fwp%2Fv2%2Fmedia&parent=5174"}],"wp:term":[{"taxonomy":"category","embeddable":true,"href":"https:\/\/info.sadowne.pl\/index.php?rest_route=%2Fwp%2Fv2%2Fcategories&post=5174"},{"taxonomy":"post_tag","embeddable":true,"href":"https:\/\/info.sadowne.pl\/index.php?rest_route=%2Fwp%2Fv2%2Ftags&post=5174"}],"curies":[{"name":"wp","href":"https:\/\/api.w.org\/{rel}","templated":true}]}}