{"id":5200,"date":"2014-05-21T13:27:43","date_gmt":"2014-05-21T11:27:43","guid":{"rendered":"http:\/\/www.infosadowne.boo.pl\/?p=5200"},"modified":"2014-05-21T13:45:17","modified_gmt":"2014-05-21T11:45:17","slug":"koncert-muzyki-b-szabelskiego","status":"publish","type":"post","link":"https:\/\/info.sadowne.pl\/?p=5200","title":{"rendered":"Koncert muzyki B. Szabelskiego"},"content":{"rendered":"<p style=\"text-align: justify;\"><b><img loading=\"lazy\" decoding=\"async\" class=\"alignleft size-full wp-image-5205\" alt=\"2014.05.21.2\" src=\"http:\/\/www.info.sadowne.pl\/wp-content\/uploads\/2014\/05\/2014.05.21.21.jpg\" width=\"146\" height=\"180\" \/>W niedziel\u0119, \u00a008.06.2014 r. o godz. 10.30 w Ko\u015bciele \u015bw. Jana Chrzciciela w Sadownem, odb\u0119dzie si\u0119 koncert muzyki Boles\u0142awa Szabelskiego.<!--more--> <\/b><\/p>\n<p style=\"text-align: justify;\"><b>Po koncercie odprawiona zostanie Msza \u015bw. w intencji muzyka. Jest to kolejna impreza w ramach obchod\u00f3w 500-lecia Sadownego. W bardzo interesuj\u0105cym programie muzycznym wys\u0142uchamy artyst\u00f3w Filharmonii Narodowej &#8211; Agat\u0119 Marcewicz &#8211; Szyma\u0144sk\u0105 \u2013 \u015bpiew solowy, Jacka Ma\u0142achowskiego i Piotra Kopietz &#8211; duet akordeonowy. Koncert poprowadzi Barbara Szcz\u0119sna \u2013 Remisz. Temu wydarzeniu muzycznemu towarzyszy\u0107 b\u0119dzie wystawa po\u015bwi\u0119cona wybitnemu rodakowi \u2013 Boles\u0142awowi Szabelskiemu. Organizatorami koncertu s\u0105:\u00a0 Stowarzyszenie Kulturalno &#8211; O\u015bwiatowe Dzia\u0142am, ZSP w Sadownem, Parafia \u015aw. Jana Chrzciciela w Sadownem, Gmina Sadowne i Powiat W\u0119growski.<\/b><\/p>\n<p style=\"text-align: justify;\"><b>Boles\u0142aw Szabelski (<\/b>ur. 3 grudnia 1896\u00a0w Radory\u017cu, zm. 27 sierpnia\u00a01979 w Katowicach) \u2013 polski kompozytor, organista i pedagog zwi\u0105zany z Pa\u0144stwow\u0105 Wy\u017csz\u0105 Szko\u0142\u0105 Muzyczn\u0105 w Katowicach. Ucze\u0144 Karola Szymanowskiego. Wsp\u00f3\u0142tw\u00f3rca \u015bl\u0105skiej szko\u0142y kompozytor\u00f3w. Od 1945 pe\u0142ni\u0142 obowi\u0105zki dziekana Wydzia\u0142u Pedagogicznego w Pa\u0144stwowej Wy\u017cszej Szkole Muzycznej w Katowicach, od 1957 by\u0142 kierownikiem Katedry Kompozycji. W 1958 otrzyma\u0142 tytu\u0142 profesora zwyczajnego. Jednocze\u015bnie w latach 1946-50 kierowa\u0142 za\u0142o\u017con\u0105 przez siebie Szko\u0142\u0105 Umuzykalniaj\u0105c\u0105 im. Karola Szymanowskiego. Jego uczniami w katowickiej uczelni byli m.in.: Zbigniew Bargielski, Edward Bogus\u0142awski, Ryszard Gabry\u015b, Aleksander Glinkowski, Henryk Miko\u0142aj G\u00f3recki, Jan Wincenty Hawel, Zdzis\u0142aw Szostak, Piotr Warzecha.<\/p>\n<p style=\"text-align: justify;\">Boles\u0142aw Szabelski by\u0142 zwi\u0105zany z nasz\u0105 miejscowo\u015bci\u0105. Dorasta\u0142 w Sadownem, gdzie jego ojciec Franciszek osiad\u0142 na pocz\u0105tku XX wieku i podj\u0105\u0142 prac\u0119 jako organista w tutejszym ko\u015bciele. Wi\u0119kszo\u015b\u0107 \u017cycia Boles\u0142aw Szabelski sp\u0119dzi\u0142 w Katowicach. Jednak podczas II wojny \u015bwiatowej przebywa\u0142 g\u0142\u00f3wnie w Sadownem &#8211; by\u0142 organist\u0105 w ko\u015bciele parafialnym, a tak\u017ce komponowa\u0142 i zajmowa\u0142 si\u0119 dzia\u0142alno\u015bci\u0105 pedagogiczn\u0105, by\u0142 aktywnym \u017co\u0142nierzem AK. R\u00f3wnie\u017c w p\u00f3\u017aniejszych latach odwiedza\u0142 Sadowne.<\/p>\n<p style=\"text-align: justify;\"><b style=\"font-size: 14px; line-height: 1.5em;\"><br \/>\nAgata Marcewicz-Szyma\u0144ska<\/b><span style=\"font-size: 14px; line-height: 1.5em;\">, absolwentka wydzia\u0142u Wokalno-Aktorskiego Akademii Muzycznej im. F. Chopina w Warszawie u prof. Haliny S\u0142onickiej. Sw\u00f3j warsztat wokalny doskonali\u0142a na kursach mistrzowskich, m.in. u prof. Teresy \u017bylis-Gary. Jest laureatk\u0105 XXI Konkursu Zespo\u0142\u00f3w Kameralnych we Wroc\u0142awiu, solistk\u0105 Filharmonii Narodowej, wsp\u00f3\u0142pracuje m.in.: z Filharmoni\u0105 Wroc\u0142awsk\u0105, Filharmoni\u0105 Lubelsk\u0105.\u00a0 W\u00a0 2002 roku artystka zosta\u0142a odznaczona orderem ZAS\u0141U\u017bONY DZIA\u0141ACZ KULTURY za szerok\u0105 poj\u0119t\u0105 dzia\u0142alno\u015b\u0107 koncertow\u0105 i szerzenie polskiej kultury poza granicami kraju. Koncertuje solo oraz w zespo\u0142ach kameralnych i teatrach muzycznych. Trzy lata temu ukaza\u0142a si\u0119 jej p\u0142yta wydana przez Polskie Radio Program Pierwszy.<\/span>Boles\u0142aw Szabelski by\u0142 zwi\u0105zany z nasz\u0105 miejscowo\u015bci\u0105. Dorasta\u0142 w Sadownem, gdzie jego ojciec Franciszek osiad\u0142 na pocz\u0105tku XX wieku i podj\u0105\u0142 prac\u0119 jako organista w tutejszym ko\u015bciele. Wi\u0119kszo\u015b\u0107 \u017cycia Boles\u0142aw Szabelski sp\u0119dzi\u0142 w Katowicach. Jednak podczas II wojny \u015bwiatowej przebywa\u0142 g\u0142\u00f3wnie w Sadownem &#8211; by\u0142 organist\u0105 w ko\u015bciele parafialnym, a tak\u017ce komponowa\u0142 i zajmowa\u0142 si\u0119 dzia\u0142alno\u015bci\u0105 pedagogiczn\u0105, by\u0142 aktywnym \u017co\u0142nierzem AK. R\u00f3wnie\u017c w p\u00f3\u017aniejszych latach odwiedza\u0142 Sadowne.<\/p>\n<p style=\"text-align: justify;\"><b>Jacek Ma\u0142achowski<\/b>, muzyk i pedagog. Jest absolwentem Akademii Muzycznej im. Fryderyka Chopina w Warszawie w klasie akordeonu. Swoje umiej\u0119tno\u015bci doskonali\u0142 na Mi\u0119dzynarodowych Kursach Interpretacji Muzycznej. Jest laureatem kilkunastu og\u00f3lnopolskich i mi\u0119dzynarodowych konkurs\u00f3w muzycznych, dwukrotnym Stypendyst\u0105 Prezesa Rady Ministr\u00f3w oraz fundacji J &amp; S Pro Bono Poloniae. Koncertuje solo oraz w zespo\u0142ach kameralnych. Na sta\u0142e wsp\u00f3\u0142pracuje z Filharmoni\u0105 Narodow\u0105 w Warszawie.<\/p>\n<p style=\"text-align: justify;\"><b>Piotr Kopietz<\/b>\u00a0, muzyk, aran\u017cer i kompozytor. Jest absolwentem Akademii Muzycznej im. Fryderyka Chopina w Warszawie w klasie akordeonu oraz Universit\u00e4t f\u00fcr Musik und darstellende Kunst Graz w Austrii. Nale\u017cy do grona kilku muzyk\u00f3w w Polsce graj\u0105cych na bandoneonie oraz jest jedynym w Polsce artyst\u0105 koncertuj\u0105cym na francuskiej akordinie. Jest laureatem kilkunastu og\u00f3lnopolskich i mi\u0119dzynarodowych konkurs\u00f3w muzycznych oraz kilkakrotnym stypendyst\u0105 Ministra Kultury i Sztuki. Wsp\u00f3\u0142pracuje z Filharmoni\u0105 Narodow\u0105 oraz Teatrem im. J. S\u0142owackiego w Krakowie.<\/p>\n<p style=\"text-align: justify;\"><b>Warszawski Duet Akordeonowy, <\/b>za\u0142o\u017cony<b> <\/b>w 2009 roku przez Jacka Ma\u0142achowskiego i Piotra Kopietz kontynuuje tradycj\u0119 wykonawcz\u0105 duet\u00f3w akordeonowych lat 70-tych i 80-tych. Dzi\u0119ki \u015bwie\u017cemu spojrzeniu na muzyk\u0119 i wielu pomys\u0142om realizowanym poprzez w\u0142asne aran\u017cacje, a przy\u00a0 tym dzi\u0119ki doskona\u0142ym umiej\u0119tno\u015bciom gry na instrumentach, nadaj\u0105 swoim wykonaniom indywidualny i niepowtarzalny charakter.<\/p>\n<p style=\"text-align: justify;\"><b>Barbara Szcz\u0119sna-Remisz<\/b>, konferansjer muzyczny Filharmonii Narodowej, muzykoterapeuta. Wykszta\u0142cenie wy\u017csze zdobywa\u0142a na trzech uczelniach warszawskich. Jest absolwentk\u0105 Muzykologii Uniwersytetu Warszawskiego, Logopedii Uniwersytetu Kardyna\u0142a Stefana Wyszy\u0144skiego oraz Akademii Pedagogiki Specjalnej. Wsp\u00f3\u0142pracowa\u0142a z Telewizj\u0105 Polsk\u0105 jako prezenter, Wydawnictwem Pr\u00f3szy\u0144ski i s-ka jako redaktor (Atlas Muzyki) oraz Ogrodem Ksi\u0105g (recenzje). Prowadzi Koncerty Ma\u0142ego Melomana na scenie koncertowej i kameralnej Filharmonii Narodowej. Zapowiada\u0142a m.in.: I Solisti di Varsavia, Kroke, Kwartet Bolero, Kwartet Prima Vista, Concertino con Chitarra, Cracovia Danza, Cup of Time, Floripari. Od 1996 roku jest odpowiedzialna za Koncerty Edukacyjne Filharmonii Narodowej.<\/p>\n<p style=\"text-align: justify;\"><strong>Tekst:<\/strong> Miros\u0142awa Renik<\/p>\n<p style=\"text-align: justify;\"><strong>Foto:<\/strong>\u00a0<a href=\"http:\/\/www.pl.wikipedia.org\/wiki\" target=\"_blank\">www.pl.wikipedia.org\/wiki<\/a><\/p>\n<p style=\"text-align: justify;\">\n","protected":false},"excerpt":{"rendered":"<p>W niedziel\u0119, \u00a008.06.2014 r. o godz. 10.30 w Ko\u015bciele \u015bw. Jana Chrzciciela w Sadownem, odb\u0119dzie si\u0119 koncert muzyki Boles\u0142awa Szabelskiego.<\/p>\n","protected":false},"author":1,"featured_media":0,"comment_status":"open","ping_status":"open","sticky":false,"template":"","format":"standard","meta":{"footnotes":""},"categories":[5,85],"tags":[523,754,755,394,182],"class_list":["post-5200","post","type-post","status-publish","format-standard","hentry","category-newsy","category-zsp","tag-500-lecie-sadownego","tag-boleslaw-szabelski","tag-koncert-muzyki-boleslawa-szabelskiego","tag-stowarzyszenie-kulturalno-oswiatowe-dzialam","tag-zespol-szkol-ponadgimnazjalnych-w-sadownem"],"views":3402,"_links":{"self":[{"href":"https:\/\/info.sadowne.pl\/index.php?rest_route=\/wp\/v2\/posts\/5200","targetHints":{"allow":["GET"]}}],"collection":[{"href":"https:\/\/info.sadowne.pl\/index.php?rest_route=\/wp\/v2\/posts"}],"about":[{"href":"https:\/\/info.sadowne.pl\/index.php?rest_route=\/wp\/v2\/types\/post"}],"author":[{"embeddable":true,"href":"https:\/\/info.sadowne.pl\/index.php?rest_route=\/wp\/v2\/users\/1"}],"replies":[{"embeddable":true,"href":"https:\/\/info.sadowne.pl\/index.php?rest_route=%2Fwp%2Fv2%2Fcomments&post=5200"}],"version-history":[{"count":7,"href":"https:\/\/info.sadowne.pl\/index.php?rest_route=\/wp\/v2\/posts\/5200\/revisions"}],"predecessor-version":[{"id":5209,"href":"https:\/\/info.sadowne.pl\/index.php?rest_route=\/wp\/v2\/posts\/5200\/revisions\/5209"}],"wp:attachment":[{"href":"https:\/\/info.sadowne.pl\/index.php?rest_route=%2Fwp%2Fv2%2Fmedia&parent=5200"}],"wp:term":[{"taxonomy":"category","embeddable":true,"href":"https:\/\/info.sadowne.pl\/index.php?rest_route=%2Fwp%2Fv2%2Fcategories&post=5200"},{"taxonomy":"post_tag","embeddable":true,"href":"https:\/\/info.sadowne.pl\/index.php?rest_route=%2Fwp%2Fv2%2Ftags&post=5200"}],"curies":[{"name":"wp","href":"https:\/\/api.w.org\/{rel}","templated":true}]}}