{"id":5345,"date":"2014-06-02T19:46:06","date_gmt":"2014-06-02T17:46:06","guid":{"rendered":"http:\/\/www.infosadowne.boo.pl\/?p=5345"},"modified":"2014-06-02T19:49:05","modified_gmt":"2014-06-02T17:49:05","slug":"oto-znow-moja-ziemia","status":"publish","type":"post","link":"https:\/\/info.sadowne.pl\/?p=5345","title":{"rendered":"Oto zn\u00f3w moja ziemia&#8230;"},"content":{"rendered":"<p><strong><img loading=\"lazy\" decoding=\"async\" class=\"alignleft size-thumbnail wp-image-4429\" alt=\"logo500.1\" src=\"http:\/\/www.info.sadowne.pl\/wp-content\/uploads\/2014\/02\/logo500.1-180x130.jpg\" width=\"180\" height=\"130\" \/>Z okazji 500-lecia Sadownego Grupa Poetycka IWA prezentuje Pa\u0144stwu kilka wierszy, kt\u00f3rych zwi\u0105zek z ziemi\u0105 sadowie\u0144sk\u0105 jest niezaprzeczalny.<!--more--> Ich autorami s\u0105: Wies\u0142aw Maliszewski i Anna Kowalczyk.<\/strong><\/p>\n<p><span style=\"text-decoration: underline;\"><span style=\"color: #0000ff;\"><strong>Wies\u0142aw Maliszewski<\/strong><\/span><\/span><\/p>\n<p>*<\/p>\n<p><span style=\"color: #0000ff;\"><strong>Sadole\u015b<\/strong><\/span><\/p>\n<p><strong><\/strong>*<br \/>\nZielone bastiony olszyn w ptasim \u015bpiewie,<br \/>\ngdy \u015bwit ro\u015bnie o czwartej nad ranem.<br \/>\nW\u015br\u00f3d \u0142\u0105k i pastwisk, co gdzieniegdzie zorane,<br \/>\npola plon spe\u0142niaj\u0105 po wiosennym siewie.<\/p>\n<p>*<br \/>\nJeszcze cie\u0144 nocy w Mokrym Jeglu drzemie,<br \/>\ngdy pod lasem \u017curawie w strugach mgie\u0142 sk\u0105pane,<br \/>\nbudz\u0105 mnie swym krzykiem, jak tr\u0105by miedziane,<br \/>\nbym porzuci\u0142 ch\u0142\u00f3d cegie\u0142 i zamieszka\u0142 w drzewie.<\/p>\n<p>*<br \/>\nTak mnie spami\u0119taj drzew przydro\u017cnych mow\u0105.<br \/>\nW mokrad\u0142ach nocy zachowaj po nast\u0119pn\u0105 chwil\u0119.<br \/>\nZiemio w s\u0142owach lekka, cho\u0107 trudna w r\u0105k mowie.<\/p>\n<p>*<br \/>\nPrzyno\u015b mi ch\u0142\u00f3d kana\u0142u, cho\u0107 pachnie parow\u0105,<br \/>\na gdy jak wiebrza na staro\u015b\u0107, ku tobie sie schyl\u0119,<br \/>\npozw\u00f3l mi si\u0119 odrodzi\u0107 cho\u0107by tylko w s\u0142owie.<\/p>\n<p>***<br \/>\n<span style=\"color: #0000ff;\"><strong>Zostan\u0119..<\/strong><\/span><\/p>\n<p>*<br \/>\nZostan\u0119 tu<br \/>\nw tej ziemi<br \/>\nzostan\u0119 cichy<br \/>\np\u00f3\u0142niemy<br \/>\noblany niebem<br \/>\nobmok\u0142y deszczem<br \/>\nzostan\u0119 tutaj jeszcze<\/p>\n<p>*<br \/>\ntu dom m\u00f3j<br \/>\nnad rzek\u0105 schylony<br \/>\ntu wiersze<br \/>\npo nocach pisane<br \/>\ni matka<br \/>\nco kubek mleka podaje mi<br \/>\nz samego rana<\/p>\n<p>*<br \/>\nzostan\u0119 tu<br \/>\nw tej ziemi<br \/>\nna zawsze jej przypisamy<br \/>\ngdzie wszystko bliskie<br \/>\nznajome<br \/>\nju\u017c wiem \u017ce tutaj zostan\u0119.<\/p>\n<p>***<br \/>\n<span style=\"color: #0000ff;\"><strong>Pr\u00f3ba obrazowania<\/strong><\/span><\/p>\n<p>**<br \/>\n<span style=\"color: #0000ff;\"><strong>I<\/strong><\/span><\/p>\n<p>*<br \/>\nGdzie si\u0119 biel<br \/>\nz czerwieni\u0105 przesila<br \/>\nod pradziada<br \/>\nojca<br \/>\ndo mnie przysz\u0142a<br \/>\nw k\u0142osach zb\u00f3\u017c<br \/>\nsadowie\u0144skich r\u00f3wninach<br \/>\nda\u0142a skrzyd\u0142a<br \/>\ni ptakom ponios\u0142a.<\/p>\n<p>*<br \/>\n\u017bywe koguty<br \/>\nna p\u0142otach piej\u0105<br \/>\ns\u0142o\u0144ce d\u017awiga si\u0119 ponad<br \/>\nrozczochrane \u0142\u0105ki<br \/>\nkt\u00f3re sp\u0142yn\u0105 rosami<br \/>\nwiatrem si\u0119 obwiej\u0105<br \/>\ni dzie\u0144 dr\u017ce\u0107 zaczyna<br \/>\npod skrzyd\u0142ami<br \/>\nfrun\u0105cej biedronki.<\/p>\n<p>*<br \/>\nZdj\u0119te z krzy\u017ca<br \/>\nmodlitwy p\u0142acz\u0105ce<br \/>\nk\u0142osy marze\u0144 pe\u0142ne<br \/>\ncho\u0107 niespe\u0142nione<br \/>\no drabin\u0119 oparta kosa<br \/>\njeszcze \u015bpiewa<br \/>\no \u0142\u0105ce skoszonej.<\/p>\n<p>*<br \/>\n<span style=\"color: #0000ff;\"><strong>II<\/strong><\/span><\/p>\n<p>*<br \/>\nProwadzisz mnie szumem wierzb<br \/>\nskowronki wieszasz latem nad \u0142\u0105kami<br \/>\nziemio jedyna czarna skibo pola<br \/>\nw tobie wyros\u0142em tak szybko topol\u0105<br \/>\nnie mam ojczyzny innej opr\u00f3cz ciebie<br \/>\ni szuka\u0107 nie chc\u0119 tu s\u0105 moje drogi<br \/>\nwybieg\u0142em z domu jeszcze b\u0119d\u0105c dzieckiem<br \/>\ni wszystko zosta\u0142o za d\u0119bowym progiem<\/p>\n<p>*<br \/>\npowidz mi ziemio<br \/>\ndlaczego tak t\u0119skni\u0119<br \/>\ngdy ci\u0119 niewidz\u0119 przez chwil\u0119 zbyt d\u0142ug\u0105<br \/>\nb\u0142\u0105dze po mie\u015bcie w nocy jak lunatyk<br \/>\ni w \u015bwiat\u0142a latar\u0144 wchodz\u0119<br \/>\nlecz tam nie ma ciebie.<\/p>\n<p>***<br \/>\n<span style=\"color: #0000ff;\"><strong>Pejza\u017c<\/strong><\/span><\/p>\n<p>*<br \/>\nPrzydro\u017cne krzy\u017ce<br \/>\nkapliczki maryjne<br \/>\nto wszystko otwiera<br \/>\nm\u00f3j pejza\u017c kre\u015blony<br \/>\nwci\u015bni\u0119ty pomi\u0119dzy<br \/>\nple\u015b\u0144 ziemi a s\u0142o\u0144ce<br \/>\nmodlitwy przydro\u017cne<br \/>\npaciorki maryjne<\/p>\n<p>*<br \/>\ngdy wiecz\u00f3r zatacza<br \/>\nlot czarnym jastrz\u0119biem<br \/>\ni wsi\u0105ka powoli<br \/>\nw krajobraz z krzy\u017cem<br \/>\nprzez piaski i lasy<br \/>\nprzep\u0142ywa modlitwa<br \/>\nna kl\u0119czkach<br \/>\nzm\u0119czona<br \/>\nzamyka si\u0119 w d\u0142oniach<\/p>\n<p>*<br \/>\nSadowne<br \/>\nSadowne<br \/>\nna zawsze ju\u017c we mnie<br \/>\notwarte w pejza\u017cu tkwi\u0105<br \/>\nme krzy\u017ce przydro\u017ce<br \/>\nkapliczki maryjne<br \/>\nSadowne na zawsze<br \/>\nm\u00f3j l\u0105d<br \/>\nm\u00f3j dom..<\/p>\n<p>***<br \/>\n<span style=\"text-decoration: underline;\"><span style=\"color: #0000ff;\"><strong>Anna Kowalczyk<\/strong><\/span><\/span><\/p>\n<p>*<br \/>\n<span style=\"color: #0000ff;\"><strong>\u015aw. Jan Nepomucen spod Sadownego<\/strong><\/span><\/p>\n<p>*<br \/>\nPrzycupn\u0119 tu\u017c przy brzegu drewnianej sutanny,<br \/>\na on mnie od powodzi zachowa zn\u00f3w.<br \/>\nZ przekrzywion\u0105 g\u0142ow\u0105 Nepomucen \u015bwi\u0119ty.<br \/>\nBobry zastyg\u0142y nad urwistym brzegiem.<br \/>\nW takiej ziemi i w Bugu \u2013 B\u00f3g.<\/p>\n<p>*<br \/>\n19 lipca 2005 r.<\/p>\n<p>***<br \/>\n<span style=\"color: #0000ff;\"><strong>W Ra\u017cnach<\/strong><\/span><\/p>\n<p>*<br \/>\nBlady \u015bwit na Bugu, rozbite namioty.<br \/>\nBrak snu mi osiad\u0142 na zmarzni\u0119tych r\u0119kach.<br \/>\nW Twoje sinawe niebo, Bo\u017ce, patrz\u0119.<br \/>\nCzy co\u015b si\u0119 sta\u0142o wa\u017cnego?<br \/>\nNie pami\u0119tam.<\/p>\n<p>*<br \/>\nCoraz bardziej samotna jestem.<br \/>\nI jakim\u015b dziwnym trafem coraz bli\u017csza Ciebie.<br \/>\nJu\u017c niczego nie mog\u0119 by\u0107 pewna.<br \/>\nCzy co\u015b si\u0119 sta\u0142o wa\u017cnego?<br \/>\nNie pami\u0119tam.<\/p>\n<p>*<br \/>\nW wodzie si\u0119 b\u0142yszczy namacalne srebro.<br \/>\nPiasek porysowany rozeschni\u0119t\u0105 \u0142\u00f3dk\u0105.<br \/>\nCzy co\u015b si\u0119 sta\u0142o wa\u017cnego?<br \/>\nNie pami\u0119tam.<br \/>\nCzy co\u015b si\u0119 we mnie niespodzianie st\u0142uk\u0142o?<\/p>\n<p>*<br \/>\n2 czerwca 2004 r.<\/p>\n<p>***<br \/>\n<span style=\"color: #0000ff;\"><strong>Czas powrot\u00f3w<\/strong><\/span><\/p>\n<p>*<br \/>\nOto zn\u00f3w moja ziemia,<br \/>\nwielobarwna i ciep\u0142a.<br \/>\nJak rozkrojona wi\u015bnia,<br \/>\nz pestk\u0105 zamiast serca.<\/p>\n<p>*<br \/>\nI bywa, \u017ce przychodz\u0119<br \/>\nz gwarem i bez\u0142adem.<br \/>\n\u0141amliwa i pokruszona<br \/>\nbrakiem zaufania.<\/p>\n<p>*<br \/>\nSparzona marzeniami,<br \/>\nkt\u00f3re si\u0119 nie spe\u0142ni\u0105.<br \/>\nZ plecami zgarbionymi<br \/>\nod oczekiwania.<\/p>\n<p>*<br \/>\nGdy nikomu nie ufam<br \/>\ni nic wi\u0119cej nie chc\u0119.<br \/>\nGotowa walczy\u0107 z wrogiem,<br \/>\nkt\u00f3ry nie istnieje.<\/p>\n<p>*<br \/>\nGdy przychodz\u0119 w jej cisz\u0119,<br \/>\njest zupe\u0142nie tak samo,<br \/>\njakby kto\u015b mnie przytuli\u0142<br \/>\ni nic nie powiedzia\u0142.<\/p>\n<p>*<br \/>\n5 lutego 2002 r.<\/p>\n<p>***<br \/>\n<span style=\"color: #0000ff;\"><strong>W\u0119drowny grajek<\/strong><\/span><\/p>\n<p>*<br \/>\nGdzie si\u0119 podzia\u0142 m\u00f3j w\u0119drowny poeta?<br \/>\nMa\u0142y grajek Bogiem przenikni\u0119ty?<br \/>\nSkoczy\u0142 w przepa\u015b\u0107!<br \/>\nGrajek skoczy\u0142 w przepa\u015b\u0107&#8230;<\/p>\n<p>*<br \/>\nTwarz rozp\u0119k\u0142a w ga\u0142\u0119ziach jedliny.<br \/>\nKartki wyszarpni\u0119te, jak manna z nieba<br \/>\ni j\u0119k rozbitej mandoliny<\/p>\n<p>*<br \/>\nZosta\u0142, oderwany od krzy\u017ca,<br \/>\nna przek\u00f3r wszystkim, wierny,<br \/>\nm\u00f3j B\u00f3g &#8211; osamotniony poeta.<br \/>\nLiryczny i mi\u0142osierny.<\/p>\n<p>*<br \/>\n17 grudnia 2004 r.<\/p>\n<p>***<\/p>\n","protected":false},"excerpt":{"rendered":"<p>Z okazji 500-lecia Sadownego Grupa Poetycka IWA prezentuje Pa\u0144stwu kilka wierszy, kt\u00f3rych zwi\u0105zek z ziemi\u0105 sadowie\u0144sk\u0105 jest niezaprzeczalny.<\/p>\n","protected":false},"author":1,"featured_media":0,"comment_status":"open","ping_status":"open","sticky":false,"template":"","format":"standard","meta":{"footnotes":""},"categories":[5,48,108],"tags":[786,109,51],"class_list":["post-5345","post","type-post","status-publish","format-standard","hentry","category-newsy","category-kacik-literacki","category-okienko-poetyckie","tag-anna-kowalczyk","tag-grupa-poetycka-iwa","tag-wieslaw-maliszewski"],"views":3139,"_links":{"self":[{"href":"https:\/\/info.sadowne.pl\/index.php?rest_route=\/wp\/v2\/posts\/5345","targetHints":{"allow":["GET"]}}],"collection":[{"href":"https:\/\/info.sadowne.pl\/index.php?rest_route=\/wp\/v2\/posts"}],"about":[{"href":"https:\/\/info.sadowne.pl\/index.php?rest_route=\/wp\/v2\/types\/post"}],"author":[{"embeddable":true,"href":"https:\/\/info.sadowne.pl\/index.php?rest_route=\/wp\/v2\/users\/1"}],"replies":[{"embeddable":true,"href":"https:\/\/info.sadowne.pl\/index.php?rest_route=%2Fwp%2Fv2%2Fcomments&post=5345"}],"version-history":[{"count":1,"href":"https:\/\/info.sadowne.pl\/index.php?rest_route=\/wp\/v2\/posts\/5345\/revisions"}],"predecessor-version":[{"id":5346,"href":"https:\/\/info.sadowne.pl\/index.php?rest_route=\/wp\/v2\/posts\/5345\/revisions\/5346"}],"wp:attachment":[{"href":"https:\/\/info.sadowne.pl\/index.php?rest_route=%2Fwp%2Fv2%2Fmedia&parent=5345"}],"wp:term":[{"taxonomy":"category","embeddable":true,"href":"https:\/\/info.sadowne.pl\/index.php?rest_route=%2Fwp%2Fv2%2Fcategories&post=5345"},{"taxonomy":"post_tag","embeddable":true,"href":"https:\/\/info.sadowne.pl\/index.php?rest_route=%2Fwp%2Fv2%2Ftags&post=5345"}],"curies":[{"name":"wp","href":"https:\/\/api.w.org\/{rel}","templated":true}]}}