{"id":5445,"date":"2014-06-08T20:41:53","date_gmt":"2014-06-08T18:41:53","guid":{"rendered":"http:\/\/www.infosadowne.boo.pl\/?p=5445"},"modified":"2020-04-24T19:29:14","modified_gmt":"2020-04-24T17:29:14","slug":"boleslaw-szabelski-i-jego-utwory","status":"publish","type":"post","link":"https:\/\/info.sadowne.pl\/?p=5445","title":{"rendered":"Boles\u0142aw Szabelski i jego utwory"},"content":{"rendered":"<p style=\"text-align: justify;\"><strong><img loading=\"lazy\" decoding=\"async\" class=\"alignleft size-thumbnail wp-image-5446\" src=\"http:\/\/www.info.sadowne.pl\/wp-content\/uploads\/2014\/06\/2014.06.08.3-180x130.jpg\" alt=\"2014.06.08.3\" width=\"180\" height=\"130\" \/>8 czerwca w ko\u015bciele p.w. \u015aw. Jana Chrzciciela w Sadownem odby\u0142 si\u0119 koncert muzyki Boles\u0142awa Szabelskiego.<!--more--><\/strong><\/p>\n<p style=\"text-align: justify;\">W ramach obchod\u00f3w 500-lecia Sadownego, w niedzielne przedpo\u0142udnie ko\u015bci\u00f3\u0142 sadowie\u0144ski go\u015bci\u0142 artyst\u00f3w \u2013 muzyk\u00f3w Filharmonii Narodowej, kt\u00f3rzy przygotowali koncert muzyki Boles\u0142awa Szabelskiego \u2013 znanego kompozytora, organisty i pedagoga, a co najwa\u017cniejsze \u2013 pochodz\u0105cego z naszej miejscowo\u015bci.<\/p>\n<p style=\"text-align: justify;\">Przyby\u0142ych artyst\u00f3w i sadowie\u0144skich meloman\u00f3w przywita\u0142 i s\u0142owo wst\u0119pne wyg\u0142osi\u0142 p. Marek Renik, kt\u00f3ry wraz z ma\u0142\u017conk\u0105, z ramienia Stowarzyszenia Kulturalno \u2013 O\u015bwiatowego \u201eDzia\u0142am\u201d, by\u0142 g\u0142\u00f3wnym organizatorem tego spotkania.<\/p>\n<p style=\"text-align: justify;\">Przed msz\u0105, kt\u00f3ra odprawiona zosta\u0142a w intencji B. Szabelskiego, us\u0142yszeli\u015bmy skomponowane przez niego utwory, kt\u00f3re profesjonalnie wykonali dla nas: <b>Agata Marcewicz \u2013 Szyma\u0144ska \u2013 <\/b>\u015bpiew solowy,<b> Jacek Ma\u0142achowski i Piotr Kopietz <\/b>\u2013 duet akordeonowy.<b> Koncert poprowadzi\u0142a Barbara Szcz\u0119sna \u2013 Remisz &#8211; <\/b>konferansjer muzyczny Filharmonii Narodowej, muzykoterapeuta.<\/p>\n<p style=\"text-align: justify;\">O kompozytorze i wykonawcach jego utwor\u00f3w pisali\u015bmy wcze\u015bnie w artykule <span style=\"color: #0000ff;\"><strong><a href=\"http:\/\/www.info.sadowne.pl\/?p=5200\" target=\"_blank\" rel=\"noopener noreferrer\"><span style=\"color: #0000ff;\">\u201eKoncert muzyki\u2026\u201d<\/span><\/a><\/strong><\/span>.<\/p>\n<p style=\"text-align: justify;\">Opr\u00f3cz spotkania z muzyk\u0105, obecni na koncercie mogli tak\u017ce zapozna\u0107 si\u0119 z opisem drogi \u017cycia kompozytora, kt\u00f3ra zaprezentowana zosta\u0142a w formie wystawy.<\/p>\n<p style=\"text-align: justify;\">Wsp\u00f3\u0142organizatorami koncertu byli tak\u017ce: <b>ZSP w Sadownem, Parafia \u015aw. Jana Chrzciciela w Sadownem, Gmina Sadowne i Powiat W\u0119growski.<\/b><\/p>\n<p><a href=\"https:\/\/photos.app.goo.gl\/aSyLoG1PyD9tnaUk7\" target=\"_blank\" rel=\"noopener noreferrer\"><strong>Zdj\u0119cia w galerii Google&gt;&gt;&gt;<\/strong><\/a><\/p>\n<p style=\"text-align: justify;\"><b>Zobacz te\u017c film <span style=\"color: #0000ff;\"><a href=\"http:\/\/youtu.be\/IcEVe2UhrDg\" target=\"_blank\" rel=\"noopener noreferrer\"><span style=\"color: #0000ff;\">&gt;&gt;&gt;<\/span><\/a><\/span><\/b><\/p>\n<p style=\"text-align: justify;\"><b>Tekst\/foto: <\/b>S\u0142awek Chyli\u0144ski<\/p>\n<p>&nbsp;<\/p>\n","protected":false},"excerpt":{"rendered":"<p>8 czerwca w ko\u015bciele p.w. \u015aw. Jana Chrzciciela w Sadownem odby\u0142 si\u0119 koncert muzyki Boles\u0142awa Szabelskiego.<\/p>\n","protected":false},"author":1,"featured_media":0,"comment_status":"open","ping_status":"open","sticky":false,"template":"","format":"standard","meta":{"footnotes":""},"categories":[5,85],"tags":[523,755,182],"class_list":["post-5445","post","type-post","status-publish","format-standard","hentry","category-newsy","category-zsp","tag-500-lecie-sadownego","tag-koncert-muzyki-boleslawa-szabelskiego","tag-zespol-szkol-ponadgimnazjalnych-w-sadownem"],"views":3422,"_links":{"self":[{"href":"https:\/\/info.sadowne.pl\/index.php?rest_route=\/wp\/v2\/posts\/5445","targetHints":{"allow":["GET"]}}],"collection":[{"href":"https:\/\/info.sadowne.pl\/index.php?rest_route=\/wp\/v2\/posts"}],"about":[{"href":"https:\/\/info.sadowne.pl\/index.php?rest_route=\/wp\/v2\/types\/post"}],"author":[{"embeddable":true,"href":"https:\/\/info.sadowne.pl\/index.php?rest_route=\/wp\/v2\/users\/1"}],"replies":[{"embeddable":true,"href":"https:\/\/info.sadowne.pl\/index.php?rest_route=%2Fwp%2Fv2%2Fcomments&post=5445"}],"version-history":[{"count":4,"href":"https:\/\/info.sadowne.pl\/index.php?rest_route=\/wp\/v2\/posts\/5445\/revisions"}],"predecessor-version":[{"id":23324,"href":"https:\/\/info.sadowne.pl\/index.php?rest_route=\/wp\/v2\/posts\/5445\/revisions\/23324"}],"wp:attachment":[{"href":"https:\/\/info.sadowne.pl\/index.php?rest_route=%2Fwp%2Fv2%2Fmedia&parent=5445"}],"wp:term":[{"taxonomy":"category","embeddable":true,"href":"https:\/\/info.sadowne.pl\/index.php?rest_route=%2Fwp%2Fv2%2Fcategories&post=5445"},{"taxonomy":"post_tag","embeddable":true,"href":"https:\/\/info.sadowne.pl\/index.php?rest_route=%2Fwp%2Fv2%2Ftags&post=5445"}],"curies":[{"name":"wp","href":"https:\/\/api.w.org\/{rel}","templated":true}]}}