{"id":5472,"date":"2014-06-11T16:32:08","date_gmt":"2014-06-11T14:32:08","guid":{"rendered":"http:\/\/www.infosadowne.boo.pl\/?p=5472"},"modified":"2014-06-11T16:32:08","modified_gmt":"2014-06-11T14:32:08","slug":"spotkanie-po-latach-2","status":"publish","type":"post","link":"https:\/\/info.sadowne.pl\/?p=5472","title":{"rendered":"Spotkanie po latach"},"content":{"rendered":"<p style=\"text-align: justify;\"><strong><a href=\"http:\/\/www.info.sadowne.pl\/wp-content\/uploads\/2014\/06\/2014.06.11.1.jpg\" target=\"_blank\"><img loading=\"lazy\" decoding=\"async\" class=\"alignleft size-thumbnail wp-image-5473\" alt=\"2014.06.11.1\" src=\"http:\/\/www.info.sadowne.pl\/wp-content\/uploads\/2014\/06\/2014.06.11.1-180x130.jpg\" width=\"180\" height=\"130\" \/><\/a>W dniu 6 czerwca 2014 odby\u0142o si\u0119 \u201eSpotkanie po latach\u201d \u2013 jubileuszowa uroczysto\u015b\u0107 zwi\u0105zana z 500-leciem Sadownego.<!--more--><\/strong><\/p>\n<p style=\"text-align: justify;\"><strong><a href=\"http:\/\/www.info.sadowne.pl\/wp-content\/uploads\/2014\/06\/2014.06.11.2.jpg\" target=\"_blank\"><img loading=\"lazy\" decoding=\"async\" class=\"alignright  wp-image-5474\" alt=\"2014.06.11.2\" src=\"http:\/\/www.info.sadowne.pl\/wp-content\/uploads\/2014\/06\/2014.06.11.2-300x225.jpg\" width=\"300\" height=\"225\" srcset=\"https:\/\/info.sadowne.pl\/wp-content\/uploads\/2014\/06\/2014.06.11.2-300x225.jpg 300w, https:\/\/info.sadowne.pl\/wp-content\/uploads\/2014\/06\/2014.06.11.2.jpg 447w\" sizes=\"auto, (max-width: 300px) 100vw, 300px\" \/><\/a>O godz. 10.00 odprawiona zosta\u0142a Msza \u015bw., nast\u0119pnie odby\u0142 si\u0119 panel absolwent\u00f3w LO w Sadownem.<\/strong> Msza \u015bw.\u00a0 by\u0142a koncelebrowana przez bpa Antoniego Pacyfika Dydycza oraz ksi\u0119\u017cy absolwent\u00f3w LO w Sadownem: prof. Stanis\u0142awa Dzieko\u0144skiego (Rektora Uniwersytetu Kardyna\u0142a Stefana Wyszy\u0144skiego w Warszawie) i \u00a0dra Zenona Czumaja (Dyrektora Muzeum Diecezjalnego w Drohiczynie).<\/p>\n<p style=\"text-align: justify;\"><strong><a href=\"http:\/\/www.info.sadowne.pl\/wp-content\/uploads\/2014\/06\/2014.06.11.2a.jpg\" target=\"_blank\"><img loading=\"lazy\" decoding=\"async\" class=\"alignleft  wp-image-5475\" alt=\"2014.06.11.2a\" src=\"http:\/\/www.info.sadowne.pl\/wp-content\/uploads\/2014\/06\/2014.06.11.2a-300x225.jpg\" width=\"300\" height=\"225\" srcset=\"https:\/\/info.sadowne.pl\/wp-content\/uploads\/2014\/06\/2014.06.11.2a-300x225.jpg 300w, https:\/\/info.sadowne.pl\/wp-content\/uploads\/2014\/06\/2014.06.11.2a.jpg 447w\" sizes=\"auto, (max-width: 300px) 100vw, 300px\" \/><\/a>W uroczystej Mszy \u015bw. wzi\u0119li udzia\u0142: zaproszeni go\u015bcie, w\u0142adze samorz\u0105dowe, mieszka\u0144cy oraz dzieci i m\u0142odzie\u017c z sadowie\u0144skich szk\u00f3\u0142.\u00a0<\/strong>Ks. Biskup wyg\u0142osi\u0142 homili\u0119, w kt\u00f3rej odni\u00f3s\u0142 si\u0119 do poczucia to\u017csamo\u015bci lokalnej i narodowej. M\u00f3wi\u0142 o konieczno\u015bci odczuwania wdzi\u0119czno\u015bci przez kolejne pokolenia dla przodk\u00f3w, kt\u00f3rzy z wielkim trudem zagospodarowywali przestrze\u0144 wok\u00f3\u0142 siebie, budowali kultur\u0119, tworzyli tradycj\u0119. Tylko spo\u0142eczno\u015bci odczuwaj\u0105ce wdzi\u0119czno\u015b\u0107 s\u0105 w stanie istnie\u0107 i przekazywa\u0107 nast\u0119pcom dorobek przesz\u0142o\u015bci. Do trwania potrzeba jest trudu kolejnych pokole\u0144, zaanga\u017cowania i nierzadko daniny krwi.<\/p>\n<p style=\"text-align: justify;\"><strong><a href=\"http:\/\/www.info.sadowne.pl\/wp-content\/uploads\/2014\/06\/2014.06.11.3.jpg\" target=\"_blank\"><img loading=\"lazy\" decoding=\"async\" class=\"alignright  wp-image-5476\" alt=\"2014.06.11.3\" src=\"http:\/\/www.info.sadowne.pl\/wp-content\/uploads\/2014\/06\/2014.06.11.3-300x225.jpg\" width=\"300\" height=\"225\" srcset=\"https:\/\/info.sadowne.pl\/wp-content\/uploads\/2014\/06\/2014.06.11.3-300x225.jpg 300w, https:\/\/info.sadowne.pl\/wp-content\/uploads\/2014\/06\/2014.06.11.3.jpg 447w\" sizes=\"auto, (max-width: 300px) 100vw, 300px\" \/><\/a>Kolejnym punktem uroczysto\u015bci by\u0142o spotkanie go\u015bci i mieszka\u0144c\u00f3w Sadownego w LO w Sadownem.<\/strong> Podczas jubileuszowego panelu absolwent\u00f3w g\u0142os zabrali go\u015bcie LO w Sadownem i gospodarze miejsca. Jako pierwszy przekaza\u0142 swoje pozdrowienia i wspomnienia ks. prof. Rektor Stanis\u0142aw Dzieko\u0144ski, nast\u0119pnie wyst\u0105pili: El\u017cbieta Lanc &#8211; wicemarsza\u0142ek wojew\u00f3dztwa mazowieckiego (absolwentka LO w Sadownem), burmistrz miasta W\u0119growa &#8211; Jaros\u0142aw Grenda, starosta powiatu w\u0119growskiego \u2013 Krzysztof Fedorczyk, przewodnicz\u0105ca rady powiatu w\u0119growskiego Halina Wierzcho\u0142owska (absolwentka LO w Sadownem), w\u00f3jt gminy Sadowne &#8211; Zdzis\u0142aw Tracz oraz dyrektor LO w Sadownem S\u0142awomir Ryszawa.<\/p>\n<p style=\"text-align: justify;\"><a href=\"http:\/\/www.info.sadowne.pl\/wp-content\/uploads\/2014\/06\/2014.06.11.4.jpg\" target=\"_blank\"><img loading=\"lazy\" decoding=\"async\" class=\"alignleft  wp-image-5477\" alt=\"2014.06.11.4\" src=\"http:\/\/www.info.sadowne.pl\/wp-content\/uploads\/2014\/06\/2014.06.11.4-300x225.jpg\" width=\"300\" height=\"225\" srcset=\"https:\/\/info.sadowne.pl\/wp-content\/uploads\/2014\/06\/2014.06.11.4-300x225.jpg 300w, https:\/\/info.sadowne.pl\/wp-content\/uploads\/2014\/06\/2014.06.11.4.jpg 447w\" sizes=\"auto, (max-width: 300px) 100vw, 300px\" \/><\/a><strong>Z kolei g\u0142os zabrali prelegenci &#8211; ks. dr Zenon Czumaj oraz dr hab. Wanda Decyk &#8211; Zi\u0119ba (absolwentka LO w Sadownem, wyk\u0142adowca na UW).<\/strong> Ks. dr Zenon Czumaj, opieraj\u0105c si\u0119 na niepublikowanych materia\u0142ach \u017ar\u00f3d\u0142owych, przedstawi\u0142 bardzo interesuj\u0105cy wyk\u0142ad dotycz\u0105cy pocz\u0105tk\u00f3w osady Sadowne. Dr hab. Wanda Decyk &#8211; Zi\u0119ba zaj\u0119\u0142a si\u0119 w swoim wyst\u0105pieniu pochodzeniem nazwy Sadowne oraz struktur\u0105 wyst\u0119powania imion w ksi\u0119gach parafialnych\u00a0 w Sadownem.<\/p>\n<p style=\"text-align: justify;\"><strong>Na zako\u0144czenie g\u0142os oddano pozosta\u0142ym uczestnikom panelu. By\u0142y wspomnienia, podzi\u0119kowania i wiersze. Uroczysto\u015b\u0107 zako\u0144czy\u0142 wsp\u00f3lny obiad.<\/strong><\/p>\n<p style=\"text-align: justify;\"><strong>Tekst MR, foto MR<\/strong><\/p>\n","protected":false},"excerpt":{"rendered":"<p>W dniu 6 czerwca 2014 odby\u0142o si\u0119 \u201eSpotkanie po latach\u201d \u2013 jubileuszowa uroczysto\u015b\u0107 zwi\u0105zana z 500-leciem Sadownego.<\/p>\n","protected":false},"author":1,"featured_media":0,"comment_status":"open","ping_status":"open","sticky":false,"template":"","format":"standard","meta":{"footnotes":""},"categories":[5,85],"tags":[523,751,182],"class_list":["post-5472","post","type-post","status-publish","format-standard","hentry","category-newsy","category-zsp","tag-500-lecie-sadownego","tag-spotkanie-po-latach-w-sadownem","tag-zespol-szkol-ponadgimnazjalnych-w-sadownem"],"views":3388,"_links":{"self":[{"href":"https:\/\/info.sadowne.pl\/index.php?rest_route=\/wp\/v2\/posts\/5472","targetHints":{"allow":["GET"]}}],"collection":[{"href":"https:\/\/info.sadowne.pl\/index.php?rest_route=\/wp\/v2\/posts"}],"about":[{"href":"https:\/\/info.sadowne.pl\/index.php?rest_route=\/wp\/v2\/types\/post"}],"author":[{"embeddable":true,"href":"https:\/\/info.sadowne.pl\/index.php?rest_route=\/wp\/v2\/users\/1"}],"replies":[{"embeddable":true,"href":"https:\/\/info.sadowne.pl\/index.php?rest_route=%2Fwp%2Fv2%2Fcomments&post=5472"}],"version-history":[{"count":3,"href":"https:\/\/info.sadowne.pl\/index.php?rest_route=\/wp\/v2\/posts\/5472\/revisions"}],"predecessor-version":[{"id":5480,"href":"https:\/\/info.sadowne.pl\/index.php?rest_route=\/wp\/v2\/posts\/5472\/revisions\/5480"}],"wp:attachment":[{"href":"https:\/\/info.sadowne.pl\/index.php?rest_route=%2Fwp%2Fv2%2Fmedia&parent=5472"}],"wp:term":[{"taxonomy":"category","embeddable":true,"href":"https:\/\/info.sadowne.pl\/index.php?rest_route=%2Fwp%2Fv2%2Fcategories&post=5472"},{"taxonomy":"post_tag","embeddable":true,"href":"https:\/\/info.sadowne.pl\/index.php?rest_route=%2Fwp%2Fv2%2Ftags&post=5472"}],"curies":[{"name":"wp","href":"https:\/\/api.w.org\/{rel}","templated":true}]}}