{"id":5493,"date":"2014-06-13T10:03:09","date_gmt":"2014-06-13T08:03:09","guid":{"rendered":"http:\/\/www.infosadowne.boo.pl\/?p=5493"},"modified":"2014-06-13T10:03:09","modified_gmt":"2014-06-13T08:03:09","slug":"czujesz-miete","status":"publish","type":"post","link":"https:\/\/info.sadowne.pl\/?p=5493","title":{"rendered":"&#8222;Czujesz&#8221; mi\u0119t\u0119?"},"content":{"rendered":"<p style=\"text-align: justify;\"><strong><img loading=\"lazy\" decoding=\"async\" class=\"alignleft size-thumbnail wp-image-5494\" alt=\"2014.06.13.1\" src=\"http:\/\/www.info.sadowne.pl\/wp-content\/uploads\/2014\/06\/2014.06.13.1-180x130.jpg\" width=\"180\" height=\"130\" srcset=\"https:\/\/info.sadowne.pl\/wp-content\/uploads\/2014\/06\/2014.06.13.1-180x130.jpg 180w, https:\/\/info.sadowne.pl\/wp-content\/uploads\/2014\/06\/2014.06.13.1.jpg 802w\" sizes=\"auto, (max-width: 180px) 100vw, 180px\" \/>Wszyscy chyba wiedz\u0105, \u017ce mi\u0119ta np. chroni nasze mieszkanie przed nieproszonymi owadami, a tak\u017ce likwiduje nieprzyjemne zapachy, chocia\u017cby po obieraniu cebuli.<!--more--><\/strong><\/p>\n<p style=\"text-align: justify;\"><strong>Jest to bylina wieloletnia, kt\u00f3ra kwitnie na prze\u0142omie czerwca i lipca.<\/strong> Warto j\u0105 uprawia\u0107 we w\u0142asnym ogr\u00f3dku ze wzgl\u0119du na jej charakterystyczny aromat. Lubi s\u0142oneczne stanowiska, ale te\u017c lekki cie\u0144 oraz \u017cyzn\u0105 ziemi\u0119 i sporo wilgoci. Nie potrzebuje silnego nawo\u017cenia, a naszym zadaniem jest tylko systematyczne odchwaszczanie i lekkie wzruszanie ziemi wok\u00f3\u0142 byliny.<\/p>\n<p style=\"text-align: justify;\"><strong><a href=\"http:\/\/www.info.sadowne.pl\/wp-content\/uploads\/2014\/06\/2014.06.13.2.jpg\" target=\"_blank\"><img loading=\"lazy\" decoding=\"async\" class=\"alignright size-medium wp-image-5495\" alt=\"2014.06.13.2\" src=\"http:\/\/www.info.sadowne.pl\/wp-content\/uploads\/2014\/06\/2014.06.13.2-300x200.jpg\" width=\"300\" height=\"200\" srcset=\"https:\/\/info.sadowne.pl\/wp-content\/uploads\/2014\/06\/2014.06.13.2-300x200.jpg 300w, https:\/\/info.sadowne.pl\/wp-content\/uploads\/2014\/06\/2014.06.13.2.jpg 806w\" sizes=\"auto, (max-width: 300px) 100vw, 300px\" \/><\/a>Mi\u0119t\u0119 mo\u017cna uzyska\u0107 po wysiewie nasion na prze\u0142omie marca i kwietnia, ale najprostszym sposobem jest rozmno\u017cenie poprzez podzia\u0142 k\u0142\u0105czy<\/strong> i tu nale\u017cy tylko dobrze rozejrze\u0107 si\u0119 po okolicznych ogrodach \u2013 uczynny s\u0105siad zawsze wspomo\u017ce nas sadzonk\u0105.<\/p>\n<p style=\"text-align: justify;\"><strong>\u015awie\u017ce li\u015bcie mi\u0119ty s\u0105 doskona\u0142ym dodatkiem do wszelkiego rodzaju sa\u0142atek, warzyw i mi\u0119s.<\/strong><\/p>\n<p style=\"text-align: justify;\"><strong>Stosowane s\u0105 tak\u017ce w wielu dolegliwo\u015bciach:\u00a0<\/strong>na popraw\u0119 apetytu, trawienia, zapalenie gard\u0142a i jamy ustnej, stany nerwowe, bezsenno\u015b\u0107 i migren\u0119 oraz rozkurczaj\u0105co i przeciwbakteryjnie, a tak\u017ce oczyszczaj\u0105co i koj\u0105co w przypadku podra\u017cnie\u0144 sk\u00f3ry.<\/p>\n<p style=\"text-align: justify;\"><strong>Przygotowuje si\u0119 z nich r\u00f3wnie\u017c orze\u017awiaj\u0105cy nap\u00f3j likwiduj\u0105cy niestrawno\u015b\u0107 i przezi\u0119bienie<\/strong> \u2013 li\u015bcie mo\u017cna zala\u0107 wrz\u0105tkiem lub doda\u0107 do wystudzonej, przegotowanej wody, dos\u0142adzaj\u0105c do smaku i sch\u0142adzaj\u0105c jeszcze kostkami lodu.<\/p>\n<p style=\"text-align: justify;\"><strong>Warto zastanowi\u0107 si\u0119 nad kawa\u0142kiem wolnego miejsca po\u015br\u00f3d warzyw w ogr\u00f3dku i umie\u015bci\u0107 tam t\u0119 niezast\u0105pion\u0105 ro\u015blin\u0119.<\/strong> Uwa\u017cajmy tylko, aby nie zag\u0142uszy\u0142a innych ro\u015blin, gdy\u017c mo\u017ce szybko rozrasta\u0107 si\u0119 swoimi k\u0142\u0105czami w poszukiwaniu najlepszego stanowiska. Dobrze jest sadzonk\u0119 umie\u015bci\u0107 w jakim\u015b du\u017cym pojemniku bez dna lub jej \u201epoletko\u201d otoczy\u0107 specjalnymi plastikowymi ogranicznikami, dost\u0119pnymi w ka\u017cdym sklepie ogrodniczym.<\/p>\n<p style=\"text-align: justify;\"><strong>Tekst\/foto:<\/strong> sch<\/p>\n","protected":false},"excerpt":{"rendered":"<p>Wszyscy chyba wiedz\u0105, \u017ce mi\u0119ta np. chroni nasze mieszkanie przed nieproszonymi owadami, a tak\u017ce likwiduje nieprzyjemne zapachy, chocia\u017cby po obieraniu cebuli.<\/p>\n","protected":false},"author":1,"featured_media":0,"comment_status":"open","ping_status":"open","sticky":false,"template":"","format":"standard","meta":{"footnotes":""},"categories":[5,414],"tags":[815,479],"class_list":["post-5493","post","type-post","status-publish","format-standard","hentry","category-newsy","category-w-ogrodzie","tag-mieta","tag-w-ogrodzie-2"],"views":2818,"_links":{"self":[{"href":"https:\/\/info.sadowne.pl\/index.php?rest_route=\/wp\/v2\/posts\/5493","targetHints":{"allow":["GET"]}}],"collection":[{"href":"https:\/\/info.sadowne.pl\/index.php?rest_route=\/wp\/v2\/posts"}],"about":[{"href":"https:\/\/info.sadowne.pl\/index.php?rest_route=\/wp\/v2\/types\/post"}],"author":[{"embeddable":true,"href":"https:\/\/info.sadowne.pl\/index.php?rest_route=\/wp\/v2\/users\/1"}],"replies":[{"embeddable":true,"href":"https:\/\/info.sadowne.pl\/index.php?rest_route=%2Fwp%2Fv2%2Fcomments&post=5493"}],"version-history":[{"count":2,"href":"https:\/\/info.sadowne.pl\/index.php?rest_route=\/wp\/v2\/posts\/5493\/revisions"}],"predecessor-version":[{"id":5497,"href":"https:\/\/info.sadowne.pl\/index.php?rest_route=\/wp\/v2\/posts\/5493\/revisions\/5497"}],"wp:attachment":[{"href":"https:\/\/info.sadowne.pl\/index.php?rest_route=%2Fwp%2Fv2%2Fmedia&parent=5493"}],"wp:term":[{"taxonomy":"category","embeddable":true,"href":"https:\/\/info.sadowne.pl\/index.php?rest_route=%2Fwp%2Fv2%2Fcategories&post=5493"},{"taxonomy":"post_tag","embeddable":true,"href":"https:\/\/info.sadowne.pl\/index.php?rest_route=%2Fwp%2Fv2%2Ftags&post=5493"}],"curies":[{"name":"wp","href":"https:\/\/api.w.org\/{rel}","templated":true}]}}