{"id":5648,"date":"2014-06-27T21:31:34","date_gmt":"2014-06-27T19:31:34","guid":{"rendered":"http:\/\/www.infosadowne.boo.pl\/?p=5648"},"modified":"2020-04-24T19:25:51","modified_gmt":"2020-04-24T17:25:51","slug":"spotkanie-poetycko-muzyczne-2","status":"publish","type":"post","link":"https:\/\/info.sadowne.pl\/?p=5648","title":{"rendered":"Spotkanie poetycko &#8211; muzyczne"},"content":{"rendered":"<p style=\"text-align: justify;\"><strong><img loading=\"lazy\" decoding=\"async\" class=\"alignleft size-thumbnail wp-image-5649\" src=\"http:\/\/www.info.sadowne.pl\/wp-content\/uploads\/2014\/06\/2014.06.27.15-180x130.jpg\" alt=\"2014.06.27.15\" width=\"180\" height=\"130\" \/>27 czerwca w Gminnym O\u015brodku Kultury w Sadownem odby\u0142o si\u0119 spotkanie poetycko \u2013 muzyczne.<\/strong><!--more--><\/p>\n<p style=\"text-align: justify;\">Zako\u0144czenie roku szkolnego i obchody 500-lecia Sadownego to dobra okazja do spotkania z cz\u0142onkami Ko\u0142a Muzycznego dzia\u0142aj\u0105cego przy GOK Sadowne. Gdy jeszcze okazuje si\u0119, \u017ce muzyka po\u0142\u0105czona jest z poezj\u0105, to ju\u017c \u201ewyj\u0105tkowa\u201d okazja i przyjemno\u015b\u0107 dla meloman\u00f3w i mi\u0142o\u015bnik\u00f3w wierszowanych strof.<\/p>\n<p style=\"text-align: justify;\">W pi\u0105tkowe popo\u0142udnie przyby\u0142ych na spotkanie powita\u0142a Pani Ewa Pi\u00f3rkowska \u2013 Dyrektor GOK Sadowne. Wyj\u0105tkowo liczna tym razem publiczno\u015b\u0107 wys\u0142ucha\u0142a koncertu czterech grup gitarzyst\u00f3w i jednej grupy keyboardowej Ko\u0142a Muzycznego, kt\u00f3re prowadzi przy Gminnym O\u015brodku Kultury p. Ewa Jakubik. Dzieci pi\u0119knie wykonywa\u0142y po dwa utwory oraz \u015bpiewa\u0142y wsp\u00f3lne piosenki z akompaniamentem, a ich wyst\u0119py przeplatane by\u0142y poezj\u0105\u00a0 przyby\u0142ych na koncert cz\u0142onk\u00f3w Grupy Poetyckiej IWA. Panie: Danuta Kobyli\u0144ska \u2013 Konik i Anna Gierej oraz Pan Wies\u0142aw Maliszewski prezentowali s\u0142uchaczom swoje wiersze. Na zako\u0144czenie rozdano r\u00f3wnie\u017c nagrody zwyci\u0119zcom konkursu poetyckiego \u201eWiersze o Sadownem\u201d, kt\u00f3ry organizowany by\u0142 przez Gminny O\u015brodek Kultury.<\/p>\n<p style=\"text-align: justify;\">Komisja, kt\u00f3rej przewodniczy\u0142 P. Wies\u0142aw Maliszewski, postanowi\u0142a przyzna\u0107 nagrody w kategorii uczni\u00f3w Gimnazjum \u2013 Marii Wrzosek za wiersze pt. \u201eWszystko tu jest\u2026\u201d i \u201eMa\u0142a moja Ojczyzna\u201d, a w kategorii szk\u00f3\u0142 ponadgimnazjalnych i os\u00f3b doros\u0142ych \u2013 Pani Elzbiecie D\u0119bkowskiej \u2013 Akonom za wiersz bez tytu\u0142u. Poni\u017cej prezentujemy nagrodzone utwory.<\/p>\n<p style=\"text-align: justify;\"><span style=\"color: #3366ff;\"><strong>Wszystko tu jest\u2026<\/strong><\/span><\/p>\n<p style=\"text-align: justify;\"><strong>\u00a0..<\/strong><\/p>\n<p style=\"text-align: justify;\">Sadowne jest bardzo zwyczajne<\/p>\n<p style=\"text-align: justify;\">I senne w samo po\u0142udnie<\/p>\n<p style=\"text-align: justify;\">Jak ma\u0142e miasteczko z westernu\u2026<\/p>\n<p style=\"text-align: justify;\">I wszystko tu jest po kolei-<\/p>\n<p style=\"text-align: justify;\">Przy jednej g\u0142\u00f3wnej arterii-<\/p>\n<p style=\"text-align: justify;\">I ko\u015bci\u00f3\u0142 na ma\u0142ym wzniesieniu<\/p>\n<p style=\"text-align: justify;\">I bank,<\/p>\n<p style=\"text-align: justify;\">I urz\u0119dy<\/p>\n<p style=\"text-align: justify;\">I nawet tawerna naprzeciw\u2026<\/p>\n<p style=\"text-align: justify;\">I poczta-<\/p>\n<p style=\"text-align: justify;\">Ta nieco ju\u017c dalej\u2026<\/p>\n<p style=\"text-align: justify;\">I tylko szeryfa tu nie ma.<\/p>\n<p style=\"text-align: justify;\">Cho\u0107 by\u0142 kiedy\u015b<\/p>\n<p style=\"text-align: justify;\">Lecz go zabrali\u2026<\/p>\n<p style=\"text-align: justify;\">I jest tu pi\u0119kno doko\u0142a-<\/p>\n<p style=\"text-align: justify;\">Widziane oczyma malarzy\u2026<\/p>\n<p style=\"text-align: justify;\">I t\u0119sknot\u0105 ogromniej\u0105c\u0105 w sercu,<\/p>\n<p style=\"text-align: justify;\">gdy wyjecha\u0107 si\u0119 komu\u015b przydarzy.<\/p>\n<p style=\"text-align: justify;\">&#8230;<\/p>\n<p style=\"text-align: justify;\"><span style=\"color: #3366ff;\"><strong>Ma\u0142a moja Ojczyzna<\/strong><\/span><\/p>\n<p style=\"text-align: justify;\">..<\/p>\n<p style=\"text-align: justify;\">Ma\u0142a moja Ojczyzna,<\/p>\n<p style=\"text-align: justify;\">W \u015brodku dawnej puszczy usadowiona\u2026<\/p>\n<p style=\"text-align: justify;\">Ma\u0142a moja Ojczyzna-<\/p>\n<p style=\"text-align: justify;\">Pi\u0119kna, skromna, niedoceniona\u2026<\/p>\n<p style=\"text-align: justify;\">Ma\u0142a moja Ojczyzna,<\/p>\n<p style=\"text-align: justify;\">Gdzie bij\u0105 ko\u015bcielne dzwony,<\/p>\n<p style=\"text-align: justify;\">Gdzie jeszcze rolnik- cho\u0107 w trudzie i smutny-<\/p>\n<p style=\"text-align: justify;\">Zbiera z pola swe \u017cmudne plony\u2026<\/p>\n<p style=\"text-align: justify;\">Ma\u0142a moja Ojczyzno,<\/p>\n<p style=\"text-align: justify;\">Pos\u0142uchaj s\u0142\u00f3w pocieszenia\u2026<\/p>\n<p style=\"text-align: justify;\">Za Tob\u0105 pi\u0119\u0107set d\u0142ugich lat,<\/p>\n<p style=\"text-align: justify;\">P\u00f3\u0142 wieku Twego istnienia\u2026<\/p>\n<p style=\"text-align: justify;\">I cho\u0107 \u015bwi\u0119ty Jan do Zalesia si\u0119 odsun\u0105\u0142,<\/p>\n<p style=\"text-align: justify;\">To nie znaczy, \u017ce Ci\u0119 porzuci\u0142\u2026<\/p>\n<p style=\"text-align: justify;\">On b\u0142ogos\u0142awi wszystkim z oddali<\/p>\n<p style=\"text-align: justify;\">I\u00a0 kiedy\u015b tu na pewno\u2026 powr\u00f3ci.<\/p>\n<p style=\"text-align: justify;\">\u00a0 \u00a0 \u00a0 \u00a0 \u00a0 \u00a0 \u00a0 \u00a0 \u00a0 \u00a0 \u00a0 \u00a0 \u00a0 \u00a0 \u00a0 \u00a0 \u00a0 \u00a0 \u00a0 \u00a0 \u00a0 \u00a0 \u00a0 \u00a0 \u00a0 \u00a0 \u00a0 \u00a0 \u00a0 \u00a0 \u00a0 \u00a0 \u00a0<strong>Maria Wrzosek<\/strong><\/p>\n<p style=\"text-align: justify;\">&#8230;<\/p>\n<p style=\"text-align: justify;\"><strong>S<\/strong>zko\u0142a, do kt\u00f3rej my\u015bl wraca\u2026<\/p>\n<p style=\"text-align: justify;\"><strong>A<\/strong>bramczuk, pierwsza kole\u017canka z listy<\/p>\n<p style=\"text-align: justify;\"><strong>D<\/strong>\u0119by, w kt\u00f3rych moc i pi\u0119kno<\/p>\n<p style=\"text-align: justify;\"><strong>O<\/strong>dpust na \u015awi\u0119tego Jana gwarny, upalny, czerwcowy<\/p>\n<p style=\"text-align: justify;\"><strong>W<\/strong>ianki dziewczynek do pierwszej Komunii<\/p>\n<p style=\"text-align: justify;\"><strong>N<\/strong>epomucen bliski cho\u0107 z dalekiej Pragi<\/p>\n<p style=\"text-align: justify;\"><strong>E<\/strong>legia o tych, kt\u00f3rych ju\u017c nie ma\u2026<\/p>\n<p style=\"text-align: justify;\"><strong>\u00a0\u00a0\u00a0\u00a0\u00a0\u00a0\u00a0\u00a0\u00a0\u00a0\u00a0\u00a0\u00a0\u00a0\u00a0\u00a0\u00a0\u00a0\u00a0\u00a0\u00a0\u00a0\u00a0\u00a0\u00a0\u00a0\u00a0\u00a0\u00a0\u00a0\u00a0\u00a0\u00a0\u00a0\u00a0\u00a0\u00a0\u00a0\u00a0\u00a0\u00a0\u00a0\u00a0\u00a0\u00a0 El\u017cbieta D\u0119bkowska- Akonom<\/strong><\/p>\n<p><a href=\"https:\/\/photos.app.goo.gl\/esD1NvvdXLXpoRMH6\" target=\"_blank\" rel=\"noopener noreferrer\"><strong>Zdj\u0119cia w galerii Google&gt;&gt;&gt;<\/strong><\/a><\/p>\n<p style=\"text-align: justify;\"><strong>Tekst\/foto: <\/strong>S\u0142awek Chyli\u0144ski<\/p>\n<p>&nbsp;<\/p>\n","protected":false},"excerpt":{"rendered":"<p>27 czerwca w Gminnym O\u015brodku Kultury w Sadownem odby\u0142o si\u0119 spotkanie poetycko \u2013 muzyczne.<\/p>\n","protected":false},"author":1,"featured_media":0,"comment_status":"open","ping_status":"open","sticky":false,"template":"","format":"standard","meta":{"footnotes":""},"categories":[5,2149,91,6],"tags":[169,109,713],"class_list":["post-5648","post","type-post","status-publish","format-standard","hentry","category-newsy","category-gminna-biblioteka-publiczna","category-gminny-osrodek-kultury","category-kultura-rozrywka-edukacja","tag-gminny-osrodek-kultury-w-sadownem","tag-grupa-poetycka-iwa","tag-konkurs-poetycki-wiersz-o-sadownem"],"views":3003,"_links":{"self":[{"href":"https:\/\/info.sadowne.pl\/index.php?rest_route=\/wp\/v2\/posts\/5648","targetHints":{"allow":["GET"]}}],"collection":[{"href":"https:\/\/info.sadowne.pl\/index.php?rest_route=\/wp\/v2\/posts"}],"about":[{"href":"https:\/\/info.sadowne.pl\/index.php?rest_route=\/wp\/v2\/types\/post"}],"author":[{"embeddable":true,"href":"https:\/\/info.sadowne.pl\/index.php?rest_route=\/wp\/v2\/users\/1"}],"replies":[{"embeddable":true,"href":"https:\/\/info.sadowne.pl\/index.php?rest_route=%2Fwp%2Fv2%2Fcomments&post=5648"}],"version-history":[{"count":3,"href":"https:\/\/info.sadowne.pl\/index.php?rest_route=\/wp\/v2\/posts\/5648\/revisions"}],"predecessor-version":[{"id":23321,"href":"https:\/\/info.sadowne.pl\/index.php?rest_route=\/wp\/v2\/posts\/5648\/revisions\/23321"}],"wp:attachment":[{"href":"https:\/\/info.sadowne.pl\/index.php?rest_route=%2Fwp%2Fv2%2Fmedia&parent=5648"}],"wp:term":[{"taxonomy":"category","embeddable":true,"href":"https:\/\/info.sadowne.pl\/index.php?rest_route=%2Fwp%2Fv2%2Fcategories&post=5648"},{"taxonomy":"post_tag","embeddable":true,"href":"https:\/\/info.sadowne.pl\/index.php?rest_route=%2Fwp%2Fv2%2Ftags&post=5648"}],"curies":[{"name":"wp","href":"https:\/\/api.w.org\/{rel}","templated":true}]}}