{"id":5725,"date":"2014-07-04T07:33:39","date_gmt":"2014-07-04T05:33:39","guid":{"rendered":"http:\/\/www.infosadowne.boo.pl\/?p=5725"},"modified":"2020-04-24T18:53:21","modified_gmt":"2020-04-24T16:53:21","slug":"wegrowianie-w-sadownem","status":"publish","type":"post","link":"https:\/\/info.sadowne.pl\/?p=5725","title":{"rendered":"W\u0119growianie w Sadownem"},"content":{"rendered":"<p style=\"text-align: justify;\"><strong><img loading=\"lazy\" decoding=\"async\" class=\"alignleft size-thumbnail wp-image-5726\" src=\"http:\/\/www.info.sadowne.pl\/wp-content\/uploads\/2014\/07\/2014.07.04.1-180x130.jpg\" alt=\"2014.07.04.1\" width=\"180\" height=\"130\" \/>Muzeum Ziemi Sadowie\u0144skiej go\u015bci\u0142o u siebie 3 lipca przedstawicieli Ziemi W\u0119growskiej.<\/strong><!--more--><\/p>\n<p style=\"text-align: justify;\">W czwartek, 3 lipca w Muzeum Ziemi Sadowie\u0144skiej pojawi\u0142y si\u0119 mundury \u2013 tu odnosi si\u0119 do ubioru noszonego przez cz\u0142onk\u00f3w organizacji harcerskich &#8211; do Muzeum przyby\u0142a dru\u017cyna harcerska (pono\u0107 najlepsza w swoim mie\u015bcie) z Hufca Doliny Liwca im. Edmunda Zarzyckiego w W\u0119growie, kt\u00f3ra przebywa na obozie w okolicach Sadownego.<\/p>\n<p style=\"text-align: justify;\">Gimnazjali\u015bci \u2013 bo w takim wieku s\u0105 cz\u0142onkowie tej dru\u017cyny \u2013 wraz ze swoim opiekunem z zaciekawieniem zapoznawali si\u0119 ze zbiorami naszego Muzeum, w tym Izby Regionalnej. Jak zwykle, oprowadza\u0142 ich p. Janusz Urbankowski, kt\u00f3ry obrazowo opowiada\u0142 o eksponatach muzealnych i historii Sadownego.<\/p>\n<p><a href=\"https:\/\/photos.app.goo.gl\/cz4MhmLLYKeZ6bhy9\" target=\"_blank\" rel=\"noopener noreferrer\"><strong>Zdj\u0119cia w galerii Google&gt;&gt;&gt;<\/strong><\/a><\/p>\n<p style=\"text-align: justify;\"><strong>Tekst\/foto:<\/strong> S\u0142awek Chyli\u0144ski<\/p>\n<p>&nbsp;<\/p>\n","protected":false},"excerpt":{"rendered":"<p>Muzeum Ziemi Sadowie\u0144skiej go\u015bci\u0142o u siebie 3 lipca przedstawicieli Ziemi W\u0119growskiej.<\/p>\n","protected":false},"author":1,"featured_media":0,"comment_status":"open","ping_status":"open","sticky":false,"template":"","format":"standard","meta":{"footnotes":""},"categories":[5,6,81],"tags":[79,854],"class_list":["post-5725","post","type-post","status-publish","format-standard","hentry","category-newsy","category-kultura-rozrywka-edukacja","category-muzeum","tag-muzeum-ziemi-sadowienskiej","tag-wegrowianie-w-sadownem"],"views":2994,"_links":{"self":[{"href":"https:\/\/info.sadowne.pl\/index.php?rest_route=\/wp\/v2\/posts\/5725","targetHints":{"allow":["GET"]}}],"collection":[{"href":"https:\/\/info.sadowne.pl\/index.php?rest_route=\/wp\/v2\/posts"}],"about":[{"href":"https:\/\/info.sadowne.pl\/index.php?rest_route=\/wp\/v2\/types\/post"}],"author":[{"embeddable":true,"href":"https:\/\/info.sadowne.pl\/index.php?rest_route=\/wp\/v2\/users\/1"}],"replies":[{"embeddable":true,"href":"https:\/\/info.sadowne.pl\/index.php?rest_route=%2Fwp%2Fv2%2Fcomments&post=5725"}],"version-history":[{"count":4,"href":"https:\/\/info.sadowne.pl\/index.php?rest_route=\/wp\/v2\/posts\/5725\/revisions"}],"predecessor-version":[{"id":23318,"href":"https:\/\/info.sadowne.pl\/index.php?rest_route=\/wp\/v2\/posts\/5725\/revisions\/23318"}],"wp:attachment":[{"href":"https:\/\/info.sadowne.pl\/index.php?rest_route=%2Fwp%2Fv2%2Fmedia&parent=5725"}],"wp:term":[{"taxonomy":"category","embeddable":true,"href":"https:\/\/info.sadowne.pl\/index.php?rest_route=%2Fwp%2Fv2%2Fcategories&post=5725"},{"taxonomy":"post_tag","embeddable":true,"href":"https:\/\/info.sadowne.pl\/index.php?rest_route=%2Fwp%2Fv2%2Ftags&post=5725"}],"curies":[{"name":"wp","href":"https:\/\/api.w.org\/{rel}","templated":true}]}}