{"id":5748,"date":"2014-07-07T11:18:04","date_gmt":"2014-07-07T09:18:04","guid":{"rendered":"http:\/\/www.infosadowne.boo.pl\/?p=5748"},"modified":"2014-07-07T11:18:04","modified_gmt":"2014-07-07T09:18:04","slug":"nasza-ziemia-rodzinna","status":"publish","type":"post","link":"https:\/\/info.sadowne.pl\/?p=5748","title":{"rendered":"NASZA ZIEMIA RODZINNA"},"content":{"rendered":"<p style=\"text-align: justify;\"><strong><img loading=\"lazy\" decoding=\"async\" class=\"alignleft size-thumbnail wp-image-5637\" src=\"http:\/\/www.info.sadowne.pl\/wp-content\/uploads\/2014\/06\/ES.-113x130.jpg\" alt=\"ES.\" width=\"113\" height=\"130\" \/>Sadowne \u2013 niewielka wie\u015b, wci\u015bni\u0119ta w kr\u0105g okolicznych las\u00f3w, \u0142\u0105k i p\u00f3l nie maj\u0105ca pretensji by nawet miasteczkiem j\u0105 zwano bo wsi\u0105 si\u0119 urodzi\u0142a&#8230;<\/strong><!--more--><\/p>\n<p style=\"text-align: justify;\"><strong>ROZDZIA\u0141 I.<\/strong><\/p>\n<p style=\"text-align: justify;\"><strong>NASZA ZIEMIA RODZINNA<\/strong><\/p>\n<p style=\"text-align: justify;\">Sadowne \u2013 niewielka wie\u015b, wci\u015bni\u0119ta w kr\u0105g okolicznych las\u00f3w, \u0142\u0105k i p\u00f3l nie maj\u0105ca pretensji by nawet miasteczkiem j\u0105 zwano bo wsi\u0105 si\u0119 urodzi\u0142a, tak\u0105 przetrwa\u0142a ju\u017c ponad 450 lat i tak\u0105 zapewne jeszcze d\u0142ugo pozostanie \u2013 jest centralnym, rzec mo\u017cna sto\u0142ecznym o\u015brodkiem ziemi sadowie\u0144skiego regionu.<\/p>\n<p style=\"text-align: justify;\">Ile\u017c my\u015bli, ukochania i wspomnie\u0144 kryje w sobie jej nazwa! Na ziemi tej ujrza\u0142y \u015bwiat\u0142o dzienne setki i tysi\u0105ce mieszka\u0144c\u00f3w \u2013 rodak\u00f3w, kt\u00f3rzy sp\u0119dziwszy swoje tutaj \u017cycie, z\u0142o\u017cyli sterane trudem znoju ludzkiego zbola\u0142e ko\u015bci na niewielkim pag\u00f3rku miejscowego cmentarza, albo odchowawszy si\u0119 i wyr\u00f3s\u0142szy pracowali na niej w mozole lub wyemigrowali w \u015bwiat szeroki dla poszukiwania lepszej, l\u017cejszej doli.<\/p>\n<p style=\"text-align: justify;\">Zros\u0142y si\u0119 z tob\u0105 ziemio nasza ukochana, wspomnienia wielu twoich mieszka\u0144c\u00f3w z lat dziecinnych, pe\u0142nych beztroskich dni i lat wype\u0142nionych ukochaniem ka\u017cdego zak\u0105tka, spenetrowanego po wielokro\u0107 podczas upojnych godzin szczeni\u0119cych gonitw i zabaw\u2026<\/p>\n<p style=\"text-align: justify;\">W pami\u0119ci niejednego od\u017cywaj\u0105 cz\u0119ste wspomnienia lat m\u0142odzie\u0144czych opromienionych rado\u015bci\u0105 szczerych, serdecznych mi\u0142osnych przyg\u00f3d i prze\u017cy\u0107, albo okraszonych gorzkim nieraz \u017calem niepowodze\u0144, czy szarego smutku maluj\u0105cego si\u0119 na stroskanej b\u00f3lem twarzy po stracie os\u00f3b umi\u0142owanych lub najbli\u017cszych.<\/p>\n<p style=\"text-align: justify;\">Nawet, gdy by\u0142y one takie czy inne, pozostan\u0105 z pewno\u015bci\u0105 w umys\u0142ach jej rodak\u00f3w, jako trwa\u0142e i niezniszczalne znamiona wspomnie\u0144 wyrytych na zawsze w pami\u0119ci urodzonych na r\u00f3wninie ziemi sadowie\u0144skiej.<\/p>\n<p style=\"text-align: justify;\">Od dawien dawna Sadowne jako miejscowo\u015b\u0107, wprawdzie niewielka, posiada mimo to swoje ustalone od niepami\u0119tnych czas\u00f3w cz\u0119\u015bci dzielnicowe. Sama nazwa w niczym nie jest zwi\u0105zana z sadami jakby wydawa\u0107 si\u0119 mog\u0142o. Jego miano na pewno nie istnia\u0142o od zarania swej historii, lecz jak m\u00f3wi legenda powtarzana bardzo cz\u0119sto jeszcze w czasach przedwojennych przez lud miejscowy, a szczeg\u00f3lnie przez ludzi starych \u2013 mia\u0142a wywodzi\u0107 swoje pochodzenie od s\u0142owa sadowi\u0107 si\u0119, usadawia\u0107 si\u0119. Najprawdopodobniej nazwa naszej miejscowo\u015bci wynik\u0142a w spos\u00f3b zwyczajowy i utar\u0142a si\u0119 w\u015br\u00f3d dawnego ludu podczas osadnictwa tych ziem, kt\u00f3re do roku 1514 w miejscu dzisiejszego Sadownego by\u0142y puste i niezamieszkane. Stopniowe osadnictwo, osadzanie, sadowienie si\u0119 na tych ziemiach pierwszych mieszka\u0144c\u00f3w Sadownego by\u0107 mo\u017ce da\u0142o pocz\u0105tek jego nazwie, kt\u00f3ra bez jakichkolwiek zmian utrzyma\u0142a si\u0119 do dzi\u015b.<\/p>\n<p style=\"text-align: justify;\">Istnieje jeszcze inna wersja mniej prawdopodobna, lecz nie pozbawiona ca\u0142kowicie s\u0142uszno\u015bci, twierdz\u0105ca, \u017ce nazwa naszej wsi powsta\u0142a od czasu za\u0142o\u017cenia przez Kapitu\u0142\u0119 Warszawsk\u0105 na tych terenach parafii ko\u015bcielnej tj. od roku 1524. Wed\u0142ug tej legendy, podczas objazdu delegacji kapitulnej po terenie dzisiejszej parafii dla ustalenia miejsca na pobudowanie pierwszego ko\u015bcio\u0142a, wybrano dla tych cel\u00f3w niewielki pag\u00f3rek po\u0142o\u017cony w pobli\u017cu skrzy\u017cowania dr\u00f3g, otoczony zewsz\u0105d lasami i mokrad\u0142ami gdzie dzi\u015b stoi obecny ko\u015bci\u00f3\u0142. Po trudach podr\u00f3\u017cy, zsiad\u0142szy z bryczki delegaci zatrzymali si\u0119 w tym miejscu, uznaj\u0105c je za najbardziej przydatne do pobudowania \u015bwi\u0105tyni. Wydawa\u0142o si\u0119 im jednocze\u015bnie i to bardzo s\u0142usznie, \u017ce miejsce to b\u0119dzie punktem \u015brodkowym dla obszaru wyznaczonej przez Zarz\u0105d Kapitu\u0142y parafii. Wierz\u0105c tej wersji przyj\u0105\u0107 by nale\u017ca\u0142o prawdopodobie\u0144stwo genezy nazwy Sadownego od wyra\u017cenia jednego z tych delegat\u00f3w, kt\u00f3ry rzekomo mia\u0142 si\u0119 wyrazi\u0107: &#8211; \u201eTu chyba usadowimy ten ko\u015bci\u00f3\u0142\u201d -. Tak czy inaczej obydwa przypuszczenia sprowadzaj\u0105 si\u0119 do jednego i nieomylnego stwierdzenia, \u017ce nazwa metropolii naszego regionu wywodzi si\u0119 od wyrazu \u201esadowi\u0107\u201d tj. osadza\u0107 si\u0119 co w pocz\u0105tkach istnienia naszej wsi by\u0142o \u015bci\u015ble zwi\u0105zane z osadnictwem pierwszych mieszka\u0144c\u00f3w Sadownego.<\/p>\n<p style=\"text-align: justify;\">Inne miejscowo\u015bci tak samo wprawdzie by\u0142y zaludniane przez nap\u0142ywaj\u0105cych osadnik\u00f3w, ale geneza ich nazw wywodzi si\u0119 najcz\u0119\u015bciej od lokalnych warunk\u00f3w i ich przymiot\u00f3w w jakich si\u0119 rodzi\u0142y. I tak np. wi\u0119kszo\u015b\u0107 nazw okolicznych wsi wynik\u0142a z charakteru terenu naszej ziemi, kt\u00f3ra w przewa\u017caj\u0105cej cz\u0119\u015bci by\u0142a pokryta g\u0142\u0119bokimi, podmok\u0142ymi lasami. St\u0105d pochodz\u0105 nazwy: Grabiny, Zieleniec, Sok\u00f3\u0142ka, Sadole\u015b, Zalesie, Brz\u00f3zka, Szynkarzyzna (pierwotnie S\u0119karzowizna) podobnie jak Sadole\u015b zwany by\u0142 pocz\u0105tkowo Sadolasem. Lesisty charakter naszej ziemi od najdawniejszych czas\u00f3w wi\u0105za\u0142 si\u0119 z \u017cyciem jej mieszka\u0144c\u00f3w i mia\u0142 du\u017cy wp\u0142yw na kszta\u0142towanie si\u0119 wielu dziedzin ich codziennych potrzeb, zwyczaj\u00f3w, a cz\u0119sto i warunk\u00f3w bytowania.<\/p>\n<p style=\"text-align: justify;\">Podobnie lecz nieco z innych powod\u00f3w powsta\u0142y nazwy poszczeg\u00f3lnych dzielnic Sadownego, kt\u00f3rych mo\u017cna naliczy\u0107 a\u017c 11- oto one: Kowalewskie, Ku\u017anica, Drak, Majdan, Pruska K\u0119pa, Choina, Wie\u015b, Po\u015bwi\u0105tne, Piaski i Las. Kowalewskie dzi\u015b ju\u017c zanik\u0142e po\u0142o\u017cone by\u0142o mi\u0119dzy dzisiejszym Drakiem a Ku\u017anic\u0105, a nazw\u0119 sw\u0105 jak si\u0119 \u0142atwo domy\u015ble\u0107 wywodzi\u0142o od kowalstwa silnie tu rozwini\u0119tego ze wzgl\u0119du na obecno\u015b\u0107 w Sadownem darniowej rudy \u017celaza przetwarzanej i przekuwanej tu na Ku\u017anicy w II po\u0142owie XVIII i na pocz\u0105tku XIX wieku.<\/p>\n<p style=\"text-align: justify;\">Jeszcze do roku 1939 nazwa Majdan, gdzie dzi\u015b po\u0142o\u017cona jest le\u015bnicz\u00f3wka przy drodze do Orzo\u0142ka, utrzymywana by\u0142a i codziennie niemal wymawiana. Ze wzgl\u0119du na s\u0105siedztwo okolicznych las\u00f3w i \u00f3wczesne du\u017ce zapotrzebowanie na produkty otrzymywane z drewna jak smo\u0142a, w\u0119giel drzewny, dziegie\u0107 i terpentyna istnia\u0142a tu przetw\u00f3rnia drewna i karpiny na produkty wy\u017cej wymienione. Miejsca takie w dawnych czasach nazywano majdanami, na kt\u00f3rych zamieszkiwali ludzie pracuj\u0105cy w tym przetw\u00f3rstwie. Jeszcze dzi\u015b wnikliwe oko badacza przesz\u0142o\u015bci odnajdzie tu dobrze zachowane \u015blady istnienia smolarni na sadowie\u0144skim Majdanie w postaci resztek klepiska i zag\u0142\u0119bie\u0144 \u015bwiadcz\u0105cych o jej istnieniu.<\/p>\n<p style=\"text-align: justify;\">Zanik\u0142a ju\u017c dzi\u015b prawie zupe\u0142nie nazwa cz\u0119\u015bci Sadownego zwana Po\u015bwi\u0105tnem. Zajmowa\u0142a ona cz\u0119\u015b\u0107 dzia\u0142ek rolnych przydzielonych przez plebana osadnikom sprowadzonym tu do obr\u00f3bki ziemi w jego folwarku. Dzia\u0142ki te po\u0142o\u017cone by\u0142y w pobli\u017cu ko\u015bcio\u0142a zajmuj\u0105c wschodni\u0105 cz\u0119\u015b\u0107 Sadownego. Dzi\u015b po\u0142o\u017cone tu s\u0105 osady Bronisz\u00f3w, Czajk\u00f3w, Ward\u00f3w, Kalbarczyk\u00f3w i innych. Ich poprzedni w\u0142a\u015bciciele to Konik, S\u00f3wka, Ciok, Warda.<\/p>\n<p style=\"text-align: justify;\">Cz\u0119\u015b\u0107 ziemi le\u017c\u0105ca na zach\u00f3d od stawu I mostu, przez kt\u00f3ry przep\u0142ywa Bojewka zwana by\u0142a od stu pi\u0119\u0107dziesi\u0119ciu lat Prusk\u0105 K\u0119p\u0105 zamieszkiwan\u0105 dzi\u015b przez rodziny Parys\u00f3w, Jagusi\u00f3w, Tomasik\u00f3w i Chojnowskich. Po III rozbiorze Polski kiedy ziemie nasze znalaz\u0142y si\u0119 w r\u0119kach Austriak\u00f3w w miejscu tym zaborca pobudowa\u0142 domy dla swych urz\u0119dnik\u00f3w celnych, kt\u00f3rzy tu zamieszkiwali z uwagi na pobli\u017ce granicy z Prusami przebiegaj\u0105cej poprzez lini\u0119 Bugu. To wydzielone od reszty Sadownego miejsce obsadzone przez zaborcz\u0105 stra\u017c graniczn\u0105, ludno\u015b\u0107 nasza nazwa\u0142a \u201ek\u0119p\u0105\u201d, co w rozumieniu naszego ludu zawsze by\u0142o okre\u015blane jako miejsce wzgardzone, obrzyd\u0142e, do kt\u00f3rego odnoszono si\u0119 z niech\u0119ci\u0105 i wstr\u0119tem. W tym przypadku dla dosadniejszego okre\u015blenia pogardy dodano jeszcze wyraz \u201epruska\u201d i tak ju\u017c zosta\u0142o chocia\u017c zaborcy przebywali tu zaledwie czterna\u015bcie lat. Zostali tylko po nich niekt\u00f3rzy ich plemie\u0144cy, wasymilowali si\u0119 w nasze \u015brodowisko i pozostali w nim \u0142\u0105cz\u0105c si\u0119 z naszymi na zawsze. Do dzi\u015b spotyka si\u0119 po nich nazwiska mocno spolszczone jak np. Cymerman (niem. Zimmermann).<\/p>\n<p style=\"text-align: justify;\">Zachodnia cz\u0119\u015b\u0107 Sadownego po\u0142o\u017cona mi\u0119dzy ulic\u0105 Mazowieck\u0105 a szos\u0105 nazywana by\u0142a od dawna Choin\u0105. Jeszcze do dzi\u015b w pobli\u017cu domostw Stefana W\u00f3dki i Franciszka Krupy tkwi\u0105 \u015blady dawnej puszczy wytrzebionej niemal ca\u0142kowicie w postaci nielicznych sosen zwanych przez miejscow\u0105 ludno\u015b\u0107 \u201echojakami\u201d. Miejsce poros\u0142e chojakami przezwane zosta\u0142o Choin\u0105 i nazwa ta zwi\u0105za\u0142a si\u0119 na wiele lat z jej mieszka\u0144cami, kt\u00f3rzy z biegiem czasu coraz g\u0119\u015bciej si\u0119 tu zasiedlali. Miejsce to zamieszkiwali przewa\u017cnie rzemie\u015blnicy, wyrobnicy i skrajna biedota \u017cyj\u0105ca n\u0119dznie nie wiadomo z czego. By\u0142a to gar\u015b\u0107 ludzi upodlona pod wzgl\u0119dem spo\u0142ecznym i z regu\u0142y jako\u015b ni\u017cej traktowana ni\u017c inni. Przez nieuzasadnion\u0105 niczym pogard\u0119 nazywano ich \u201echoiniarzami\u201d. Do roku 1909 nie by\u0142o tu ani jednego domu. Z chwil\u0105 pobudowania nowego, obecnie istniej\u0105cego ko\u015bcio\u0142a a w zwi\u0105zku z tym niespodziewanego widoku rozwoju \u017cycia gospodarczo-handlowego \u00f3wczesnego Sadownego, zacz\u0119li do\u0144 nap\u0142ywa\u0107 rzemie\u015blnicy, kt\u00f3rzy wykupuj\u0105c niewielkie parcele budowlane od miejscowych gospodarzy, osiedlali si\u0119 tu tworz\u0105c rzemie\u015blnicz\u0105 koloni\u0119 zwan\u0105 p\u00f3\u017aniej Choin\u0105. Jak nietrudno si\u0119 domy\u015ble\u0107 nazwa ta wi\u0105za\u0142a si\u0119 \u015bci\u015ble z istnieniem tu rosn\u0105cych sosen (chojak\u00f3w), mi\u0119dzy kt\u00f3rymi widnia\u0142y ubogie, nieraz bardzo n\u0119dzne domostwa gnie\u017cd\u017c\u0105ce pod swymi strzechami najwi\u0119ksz\u0105 biedot\u0119 dawnego Sadownego. Pod wzgl\u0119dem \u015bwiadomo\u015bci spo\u0142ecznej i politycznej wielu spo\u015br\u00f3d mieszka\u0144c\u00f3w Choiny przejawia\u0142o d\u0105\u017cenie radykalne jako dzia\u0142acze wiejscy, kt\u00f3rych nazwa\u0107 mo\u017cna bojownikami o post\u0119p i sprawiedliwo\u015b\u0107, o Polsk\u0119 jako pa\u0144stwo, w kt\u00f3rym nie by\u0142o r\u00f3\u017cnic klasowych i upodlenia warstw pracuj\u0105cych&#8230;<\/p>\n<p style=\"text-align: justify;\">Z innych dzielnic Sadownego, zanik\u0142ej dzi\u015b ju\u017c niemal zupe\u0142nie, wymieni\u0107 nale\u017cy istniej\u0105c\u0105 jeszcze do wybuchu II wojny \u015bwiatowej, a obecnie zabudowan\u0105 prawie ca\u0142kowicie, spor\u0105 cz\u0119\u015b\u0107 zwan\u0105 ze wzgl\u0119du na sw\u00f3j pustynny charakter Piaskami. By\u0142 niewielki piaszczysty kawa\u0142ek terenu Sadownego po\u0142o\u017cony mi\u0119dzy dzisiejsz\u0105 osad\u0105 g\u0142\u00f3wn\u0105 a Po\u015bwi\u0105tnem, wok\u00f3\u0142 kt\u00f3rego tkwi\u0142y ubogie domostwa \u017byd\u00f3w, \u00a0ich bo\u017cnica oraz kilka osad gospodarskich. Ze wzgl\u0119du na lich\u0105 warto\u015b\u0107 uprawn\u0105 plac ten nie by\u0142 nigdy uprawiany, \u00a0a s\u0142u\u017cy\u0142 wy\u0142\u0105cznie do gier i zabaw sadowie\u0144skiej dzieciarni. Grz\u0119z\u0142y tu co prawda nogi do kostek w sypkim, \u017c\u00f3\u0142tym piasku, \u00a0ale z uwagi na brak innego lepszego placu by\u0142o to znakomite miejsce do wy\u017cywania si\u0119 dzieci\u0119cych urwis\u00f3w w przer\u00f3\u017cnych zabawach. Dzi\u015b po tym piaszczystym placu \u015blad nawet nie pozosta\u0142 \u2013 zabudowano go niemal ca\u0142kowicie i nawet najwnikliwszy badacz przesz\u0142o\u015bci Sadownego nie umia\u0142by okre\u015bli\u0107 granic dawnych Piask\u00f3w. Du\u017c\u0105 ich cz\u0119\u015b\u0107 przeznaczono pod zabudow\u0119 domostw, a reszt\u0119 pokrywaj\u0105 place i gospodarcze zabudowania dzisiejszej Gminnej Sp\u00f3\u0142dzielni. Na uboczu Piask\u00f3w od strony po\u0142udniowo-zachodniej ros\u0142a pot\u0119\u017cnych rozmiar\u00f3w dzika grusza i niewielka ilo\u015b\u0107 skarla\u0142ych samotnie w ziemi tkwi\u0105cych sosen, resztek dawnej puszczy.<\/p>\n<p style=\"text-align: justify;\">Do dzielnic nowszych Sadownego zaliczy\u0107 nale\u017cy jego cz\u0119\u015b\u0107 zwan\u0105 dzi\u015b Lasem. Jeszcze na niewiele lat przed II wojn\u0105 \u015bwiatow\u0105 teren ten, dzi\u015b g\u0119sto zabudowany, stanowi\u0142 przerzedzony mocno, mieszany las \u0142\u0105cz\u0105cy si\u0119 w jedno z jego dalszymi po\u0142aciami si\u0119gaj\u0105cymi dzi\u015b pod Zieleniec, Krupi\u0144skie czy Szynkarzyzn\u0119. W latach dwudziestych obecnego stulecia nie by\u0142o tu ani jednego domu i by\u0142o to ulubione miejsce zbierania jag\u00f3d i grzyb\u00f3w oraz na jego przydro\u017cnej polanie zabaw m\u0142odzie\u017cy sadowie\u0144skiej &#8211; zwanych maj\u00f3wkami. W latach trzydziestych pojawi\u0142y si\u0119 pierwsze domy, a za nimi jak przys\u0142owiowe grzyby po deszczu wyrasta\u0142y inne, zape\u0142niaj\u0105c ten teren i czyni\u0105c z niego now\u0105 mieszkaln\u0105 dzielnic\u0119 naszej pi\u0119knej miejscowo\u015bci.<\/p>\n<p style=\"text-align: justify;\">Ku\u017anica, to na r\u00f3wni z Kowalewskiem dawne cz\u0119\u015bci Sadownego, zwi\u0105zane swymi nazwami z rzemios\u0142em kowalskim, kt\u00f3re tu rozwini\u0119te by\u0142o ze wzgl\u0119du na obecno\u015b\u0107 w okolicy Sadownego rudy darniowej. Piece hutnicze znajduj\u0105ce si\u0119 na Kowalewskiem i Ku\u017anicy przetapia\u0142y t\u0119 rud\u0119 na sur\u00f3wk\u0119 \u017celiwn\u0105. Kooperantem tych hut by\u0142 pobliski Majdan dostarczaj\u0105cy koniecznego do wytopu, w\u0119gla drzewnego. Wprawdzie niezbyt d\u0142ugo istnia\u0142y tutaj te huty zwane tak\u017ce dymarkami, poniewa\u017c niska wydajno\u015b\u0107 sadowie\u0144skiej rudy okaza\u0142a si\u0119 nieop\u0142acalna i zak\u0142ady te oko\u0142o roku 1818 ca\u0142kowicie zlikwidowano. Tradycja rzemios\u0142a kowalskiego tkwi\u0142a tu potem jeszcze przez d\u0142ugie lata i utrzymywana by\u0142a przez rodzin\u0119 W\u0119grzyn\u00f3w, lecz i oni ostatecznie zlikwidowali sw\u0105 ku\u017ani\u0119, po kt\u00f3rej dzi\u015b nawet \u015bladu \u017cadnego nie ma. \u015awiadectwem istnienia tu piec\u00f3w hutniczych s\u0105 zag\u0142\u0119bione tu\u017c pod powierzchni\u0105 ziemi drobne kawa\u0142ki \u017cu\u017cla piecowego, kt\u00f3re na pag\u00f3rkach Ku\u017anicy i w miejscach po Kowalewskiem spotka\u0107 dzi\u015b cz\u0119sto mo\u017cna, jako dowody potwierdzaj\u0105ce dawn\u0105 obecno\u015b\u0107 hut \u017celaza.<\/p>\n<p style=\"text-align: justify;\">Mimo, \u017ce ca\u0142e Sadowne do chwili obecnej od dawien dawna jest wsi\u0105 to jednak jego cz\u0119\u015b\u0107 po\u0142o\u017cona za szos\u0105 wzd\u0142u\u017c drogi do Ra\u017cen nosi zwyczajow\u0105 nazw\u0119, utart\u0105 przez wiele ju\u017c dziesi\u0105tk\u00f3w lat, a okre\u015blan\u0105 ze wzgl\u0119du chyba na sw\u00f3j wybitnie rolniczy charakter Wsi\u0105. Handlowo \u2013 rzemie\u015blniczy charakter g\u0142\u00f3wnej cz\u0119\u015bci Sadownego przy ulicy Ko\u015bciuszki i jej przyleg\u0142ych teren\u00f3w nazywany by\u0142 cz\u0119sto osad\u0105. Wspomnian\u0105 wy\u017cej cz\u0119\u015b\u0107 zwan\u0105 Wsi\u0105 zamieszkuj\u0105 i zamieszkiwali od dawien dawna rolnicy, kt\u00f3rych przodkowie osiedlili si\u0119 tu podczas kolonizowania i zasiedlania tych ziem w ramach normalnego osadnictwa jakie prowadzi\u0142a na tych ziemiach Kapitu\u0142a Warszawska dla gromadzenia r\u0105k roboczych do wykonywania pracy pa\u0144szczy\u017anianej w pobliskim dworze \u2013 folwarku ra\u017cnie\u0144skiego i na ziemi pleba\u0144skiej. Do najstarszych rodzin ch\u0142opskich w tej cz\u0119\u015bci Sadownego zaliczy\u0107 nale\u017cy: Sych\u00f3w, K\u0105dziel\u00f3w, Zbrze\u017cnych, Olton\u00f3w, Brzostk\u00f3w, S\u00f3wk\u00f3w, Krup\u00f3w, Zakrzewskich i Ojdan\u00f3w. Inne rodziny osiedli\u0142y si\u0119 tu znacznie p\u00f3\u017aniej. Niekt\u00f3re dzia\u0142y rolne nabywane by\u0142y w czasach po\u017aniejszych drog\u0105 dobrowolnego wykupu. Droga prowadz\u0105ca przez sadowie\u0144sk\u0105 Wie\u015b by\u0142a kiedy\u015b b\u0142otnista, niemal wiecznie rozmok\u0142a i pe\u0142na dziur i niebezpiecznych i dla ludzi i dla zwierz\u0105t wyboj\u00f3w. Nizinny charakter tej cz\u0119\u015bci Sadownego, a w szczeg\u00f3lno\u015bci tereny po\u0142o\u017cone po prawej stronie drogi wiod\u0105cej do Ra\u017cen, utrudnia\u0142y nawet sytuowanie zabudowa\u0144 gospodarskich, kt\u00f3rych tu nie budowano i do dzi\u015b ich nie ma, a\u017c dopiero na samym ko\u0144cu drogi, gdzie znajduj\u0105 si\u0119 posiad\u0142o\u015bci K\u0105dzieli, W\u00f3jcika, Piwka i Sych\u00f3w. Dzi\u015b te mokrad\u0142a osuszono przez zmeliorowanie i utwardzenie drogi leszem i \u017cu\u017clem piecowym. Znikn\u0119\u0142y w tej wybitnie wiejskiej dzielnicy Sadownego stare, niskie odwieczne chaty wiejskie, a ich miejsce zaj\u0119\u0142y pobudowane ju\u017c po wojnie nowe, przestronne domy murowane. Stan\u0119\u0142o r\u00f3wnie\u017c wiele nowych nie krytych ju\u017c s\u0142om\u0105 zabudowa\u0144 gospodarczych, do kt\u00f3rych od roku 1958 dotar\u0142a energia elektryczna daj\u0105ca o\u015bwietlenie i zast\u0119puj\u0105ca si\u0142\u0119 r\u0105k ludzkich i jarzmo ci\u0119\u017ckiej pracy zwierz\u0105t, szczeg\u00f3lnie koni.<\/p>\n<p style=\"text-align: justify;\">Trudno jest znale\u017a\u0107 w jakimkolwiek s\u0142owniku, nawet w staropolskim Z. Glogera \u2013 wyt\u0142umaczenia wyrazu \u201edrak\u201d. A tymczasem w Sadownem i okolicy istnieje takie wyra\u017cenie utarte w tym regionie od dawna oznaczaj\u0105ce sosnow\u0105 listw\u0119 drzewn\u0105, dart\u0105 z \u0142upliwego kawa\u0142ka szeroko\u015bci 2 do 2, 5 cm, dowolnej d\u0142ugo\u015bci i grubo\u015bci ok. 1 cm, s\u0142u\u017c\u0105c\u0105 do wybijania krzy\u017cowego \u015bcian domu drewnianego pod warstw\u0119 tynku, sporz\u0105dzanego r\u00f3\u017cnie albo z zaprawy glinianej w dawniejszych czasach albo z wapienno-piaskowej w czasach nowszych. Nie znajduj\u0105c innego odpowiednika w s\u0142ownictwie polskim, a opieraj\u0105c si\u0119 raczej na nazwie regionalnej wy\u017cej wymienionej nale\u017cy przypuszcza\u0107, \u017ce nazwa dzielnicy Sadownego po\u0142o\u017conej przy drodze do Sok\u00f3\u0142ki i Ko\u0142odzi\u0105\u017ca zwana od niepami\u0119tnych czas\u00f3w Drakiem od tych tynkowych deszczu\u0142ek si\u0119 w\u0142a\u015bnie wywodzi. Na potwierdzenie powy\u017cszego przytocz\u0119 wypowied\u017a w tej sprawie dawnego mieszka\u0144ca Sadownego, zmar\u0142ego przed wojn\u0105 1939 r. w wieku ponad 80 lat Jana Marcjanika, kt\u00f3ry w swych cz\u0119stych nieraz wynurzeniach o przesz\u0142o\u015bci naszego regionu opowiada\u0142, \u017ce tu\u017c za Kowalewskiem przy drodze w.wym. mieszka\u0142o w dawnych czasach kilku robotnik\u00f3w le\u015bnych, trudni\u0105cych si\u0119 darciem z gorszych pniak\u00f3w sosnowych tzw. dranek lub drak\u00f3w s\u0142u\u017c\u0105cych w\u0142a\u015bnie do tynk\u00f3w w budynkach mieszkalnych. Stosowanie ich w czasach obecnych nale\u017cy ju\u017c do wielkiej rzadko\u015bci, cho\u0107 jeszcze gdzieniegdzie przez ludno\u015b\u0107 ubo\u017csz\u0105 wykorzystywanych. Z \u0142atwo\u015bci\u0105 natomiast spotka\u0107 je mo\u017cna w budynkach starych wznoszonych przed wieloma laty. Tak wi\u0119c cz\u0119\u015b\u0107 Sadownego zwana Drakiem znajduje r\u00f3wnie\u017c pewne uzasadnienie na pochodzenie swej nazwy. Dzi\u015b tu tkwi kilkana\u015bcie zaledwie gospodarstw, kt\u00f3re stanowi\u0105 jakby odr\u0119bn\u0105 koloni\u0119 rozrastaj\u0105cego si\u0119 wci\u0105\u017c Sadownego.<\/p>\n<p><strong>\u0179r\u00f3d\u0142o:\u00a0SADOWIE\u0143SKIE OBRAZY &#8211;\u00a0<\/strong>Zebrane wspomnienia z dawnego i bli\u017cszego \u017cycia Sadownego i okolic, Edward S\u00f3wka &#8211;\u00a0SADOWNE 1970<\/p>\n","protected":false},"excerpt":{"rendered":"<p>Sadowne \u2013 niewielka wie\u015b, wci\u015bni\u0119ta w kr\u0105g okolicznych las\u00f3w, \u0142\u0105k i p\u00f3l nie maj\u0105ca pretensji by nawet miasteczkiem j\u0105 zwano bo wsi\u0105 si\u0119 urodzi\u0142a&#8230;<\/p>\n","protected":false},"author":1,"featured_media":0,"comment_status":"open","ping_status":"open","sticky":false,"template":"","format":"standard","meta":{"footnotes":""},"categories":[5,841,31],"tags":[843,101,2288],"class_list":["post-5748","post","type-post","status-publish","format-standard","hentry","category-newsy","category-sadowienskie-obrazy","category-historia-gminy","tag-edward-sowka","tag-historia-gminy-sadowne","tag-sadowienskie-obrazy"],"views":4649,"_links":{"self":[{"href":"https:\/\/info.sadowne.pl\/index.php?rest_route=\/wp\/v2\/posts\/5748","targetHints":{"allow":["GET"]}}],"collection":[{"href":"https:\/\/info.sadowne.pl\/index.php?rest_route=\/wp\/v2\/posts"}],"about":[{"href":"https:\/\/info.sadowne.pl\/index.php?rest_route=\/wp\/v2\/types\/post"}],"author":[{"embeddable":true,"href":"https:\/\/info.sadowne.pl\/index.php?rest_route=\/wp\/v2\/users\/1"}],"replies":[{"embeddable":true,"href":"https:\/\/info.sadowne.pl\/index.php?rest_route=%2Fwp%2Fv2%2Fcomments&post=5748"}],"version-history":[{"count":1,"href":"https:\/\/info.sadowne.pl\/index.php?rest_route=\/wp\/v2\/posts\/5748\/revisions"}],"predecessor-version":[{"id":5749,"href":"https:\/\/info.sadowne.pl\/index.php?rest_route=\/wp\/v2\/posts\/5748\/revisions\/5749"}],"wp:attachment":[{"href":"https:\/\/info.sadowne.pl\/index.php?rest_route=%2Fwp%2Fv2%2Fmedia&parent=5748"}],"wp:term":[{"taxonomy":"category","embeddable":true,"href":"https:\/\/info.sadowne.pl\/index.php?rest_route=%2Fwp%2Fv2%2Fcategories&post=5748"},{"taxonomy":"post_tag","embeddable":true,"href":"https:\/\/info.sadowne.pl\/index.php?rest_route=%2Fwp%2Fv2%2Ftags&post=5748"}],"curies":[{"name":"wp","href":"https:\/\/api.w.org\/{rel}","templated":true}]}}