{"id":6044,"date":"2014-08-20T09:17:00","date_gmt":"2014-08-20T07:17:00","guid":{"rendered":"http:\/\/www.infosadowne.boo.pl\/?p=6044"},"modified":"2014-08-20T09:17:00","modified_gmt":"2014-08-20T07:17:00","slug":"relikty-dawnej-przeszlosci-cz-ii","status":"publish","type":"post","link":"https:\/\/info.sadowne.pl\/?p=6044","title":{"rendered":"RELIKTY DAWNEJ PRZESZ\u0141O\u015aCI &#8211; cz. II"},"content":{"rendered":"<p style=\"text-align: justify;\"><strong><img loading=\"lazy\" decoding=\"async\" class=\"alignleft size-thumbnail wp-image-5637\" src=\"http:\/\/www.info.sadowne.pl\/wp-content\/uploads\/2014\/06\/ES.-113x130.jpg\" alt=\"ES.\" width=\"113\" height=\"130\" \/>Takich wiekowych pomnik\u00f3w przyrody pozosta\u0142o na naszym terenie ju\u017c niestety niewiele.<\/strong><!--more--><\/p>\n<p style=\"text-align: justify;\"><a href=\"http:\/\/www.info.sadowne.pl\/wp-content\/uploads\/2014\/08\/2014.08.20.3.jpg\" target=\"_blank\"><img loading=\"lazy\" decoding=\"async\" class=\"alignright wp-image-6045 size-thumbnail\" src=\"http:\/\/www.info.sadowne.pl\/wp-content\/uploads\/2014\/08\/2014.08.20.3-180x130.jpg\" alt=\"O\" width=\"180\" height=\"130\" \/><\/a>Ponadto tak\u017ce nie wolno pomin\u0105\u0107 om\u00f3wienia bli\u017cszego \u017cywych \u015bwiadk\u00f3w kilkusetletniej przesz\u0142o\u015bci naszej ziemi, kt\u00f3rymi s\u0105 tkwi\u0105ce g\u0142\u0119boko swymi pot\u0119\u017cnymi korzeniami, odwieczne pomniki przyrody, w postaci wiekowych d\u0119b\u00f3w czy wi\u0105z\u00f3w rosn\u0105cych jeszcze pod dzi\u015b dzie\u0144 w wielu miejscach.<\/p>\n<p style=\"text-align: justify;\"><a href=\"http:\/\/www.info.sadowne.pl\/wp-content\/uploads\/2014\/08\/2014.08.20.4.jpg\" target=\"_blank\"><img loading=\"lazy\" decoding=\"async\" class=\"alignleft wp-image-6046 size-thumbnail\" src=\"http:\/\/www.info.sadowne.pl\/wp-content\/uploads\/2014\/08\/2014.08.20.4-180x130.jpg\" alt=\"O\" width=\"180\" height=\"130\" \/><\/a>Gdyby szum ich konar\u00f3w da\u0142 si\u0119 zamieni\u0107 na mow\u0119 ludzk\u0105, by\u0142oby z pewno\u015bci\u0105 wiele do us\u0142yszenia o przer\u00f3\u017cnych wydarzeniach, jakie mia\u0142y miejsce w naszej okolicy, a kt\u00f3rych na pewno by\u0142y one \u015bwiadkami. Niestety tylko prastary wygl\u0105d mo\u017ce nam snu\u0107 domys\u0142y o ich wiekowych prze\u017cyciach, cho\u0107 tak\u017ce i spo\u015br\u00f3d nich wiele leg\u0142o ju\u017c dawno pod ciosami topor\u00f3w i siekier zadaj\u0105cych \u015bmier\u0107 zach\u0142ann\u0105 ludzk\u0105 r\u0119k\u0105.<\/p>\n<p style=\"text-align: justify;\"><a href=\"http:\/\/www.info.sadowne.pl\/wp-content\/uploads\/2014\/08\/2014.08.20.5.jpg\" target=\"_blank\"><img loading=\"lazy\" decoding=\"async\" class=\"alignright wp-image-6047 size-thumbnail\" src=\"http:\/\/www.info.sadowne.pl\/wp-content\/uploads\/2014\/08\/2014.08.20.5-180x130.jpg\" alt=\"O\" width=\"180\" height=\"130\" \/><\/a>Takich wiekowych pomnik\u00f3w przyrody pozosta\u0142o na naszym terenie ju\u017c niestety niewiele. Mo\u017cna je dos\u0142ownie zliczy\u0107 na palcach obu r\u0105k i je\u015bli nie zostan\u0105 otoczone nale\u017cyt\u0105 opiek\u0105, m\u015bciwy i okrutny los chciwych r\u0105k ludzkich mo\u017ce je bezpowrotnie zg\u0142adzi\u0107 na zawsze. Zr\u00f3bmy wszystko, aby ros\u0142y one nadal spokojnie i szumia\u0142y swe pie\u015bni o mijaj\u0105cych nieustannie czasach.<\/p>\n<p style=\"text-align: justify;\">S\u0105 to w tej chwili na pewno ju\u017c tylko unikaty po dawnej, jak podaje historyk tym ziem (Tomasz Szczechura) puszczy kamienieckiej, w\u015br\u00f3d kt\u00f3rej szumia\u0142y niegdy\u015b swym listowiem i konarami, opieraj\u0105c si\u0119 przez wiele lat burzom i piorunom nie tylko tym z natury, lecz tak\u017ce i dziejowym.<\/p>\n<p style=\"text-align: justify;\"><a href=\"http:\/\/www.info.sadowne.pl\/wp-content\/uploads\/2014\/08\/2014.08.20.6.jpg\" target=\"_blank\"><img loading=\"lazy\" decoding=\"async\" class=\"alignleft wp-image-6048 size-thumbnail\" src=\"http:\/\/www.info.sadowne.pl\/wp-content\/uploads\/2014\/08\/2014.08.20.6-180x130.jpg\" alt=\"O\" width=\"180\" height=\"130\" \/><\/a>Dostojni \u015bwiadkowie minionych czas\u00f3w prze\u017cywa\u0142y drzewa nasze chwile wznios\u0142e, jak r\u00f3wnie\u017c i tragiczne dla narodu. Pami\u0119taj\u0105 niejedno i oczyma swych drewnianych dusz widzia\u0142y \u017cycie szcz\u0119\u015bliwe i tragiczne naszych przodk\u00f3w.<\/p>\n<p style=\"text-align: justify;\">Metrykami ich s\u0119dziwego wieku s\u0105 opas\u0142e, poro\u015bni\u0119te sp\u0119kan\u0105, grub\u0105 kor\u0105 pnie licz\u0105ce po kilka metr\u00f3w w obwodzie i t\u0119gie konary okrywaj\u0105ce si\u0119 przez kilkaset ju\u017c na pewno wiosen listowiem zielonym jako p\u0142aszczem smaganym wichrami i deszczem podczas burz i nawa\u0142nic przeci\u0105gaj\u0105cych w\u015br\u00f3d lata i d\u017cd\u017cystej jesieni.<\/p>\n<p style=\"text-align: justify;\"><a href=\"http:\/\/www.info.sadowne.pl\/wp-content\/uploads\/2014\/08\/2014.08.20.7.jpg\" target=\"_blank\"><img loading=\"lazy\" decoding=\"async\" class=\"alignright wp-image-6049 size-thumbnail\" src=\"http:\/\/www.info.sadowne.pl\/wp-content\/uploads\/2014\/08\/2014.08.20.7-180x130.jpg\" alt=\"O\" width=\"180\" height=\"130\" \/><\/a>Najgrubszy z nich, wielowiekowy d\u0105b, obok kilku innych maj\u0105cy 5 m 60 cm w obwodzie pnia, tkwi g\u0142\u0119boko swymi korzeniami w ziemi pag\u00f3rka cmentarnego w Sadownem i na r\u00f3wni ze swymi bra\u0107mi str\u00f3\u017cuje wiernie od lat w\u015br\u00f3d krzy\u017cy i mogi\u0142, stoj\u0105c jakby na stra\u017cy niezm\u0105conego niczym spokoju cmentarnego i ciszy ponad stuletniego, kilkutysi\u0119cznego sadowie\u0144skiego miasta umar\u0142ych.<\/p>\n<p style=\"text-align: justify;\">Wyznaczonym losem naszych d\u0119b\u00f3w cmentarnych, tych prastarych pomnik\u00f3w przyrody by\u0142, jest i d\u0142ugo jeszcze b\u0119dzie smutek jako nieodst\u0119pny towarzysz ich \u017cycia wpleciony prawem natury w przymusowe, codzienne niemal \u015bwiadectwo ludzkich \u0142ez, \u017calu i szloch\u00f3w rozpaczy wynik\u0142ych ze straty os\u00f3b sobie bliskich.<\/p>\n<p style=\"text-align: justify;\">Ju\u017c od 150 prawie lat s\u0105 one niemymi \u015bwiadkami smutnego grzebania zmar\u0142ych, kt\u00f3rzy \u015bpi\u0105c snem wiecznym nie powstan\u0105 wi\u0119cej aby wr\u00f3ci\u0107 po\u015br\u00f3d \u017cywych. Troskliwa opiekunka ziemia kryje ich szcz\u0105tki i z biegiem czasu zamienia je na proch i nico\u015b\u0107.<\/p>\n<p style=\"text-align: justify;\"><a href=\"http:\/\/www.info.sadowne.pl\/wp-content\/uploads\/2014\/08\/2014.08.20.8.jpg\" target=\"_blank\"><img loading=\"lazy\" decoding=\"async\" class=\"alignleft wp-image-6050 size-thumbnail\" src=\"http:\/\/www.info.sadowne.pl\/wp-content\/uploads\/2014\/08\/2014.08.20.8-180x130.jpg\" alt=\"O\" width=\"180\" height=\"130\" \/><\/a>Cmentarne staruszki \u2013 d\u0119by widzia\u0142y tu nie jedno. Opr\u00f3cz zwyk\u0142ych obrz\u0119d\u00f3w pogrzebowych ogl\u0105da\u0142y pogrzeby masowe wynik\u0142e z grasuj\u0105cych na ziemi naszej epidemii, by\u0142y tak\u017ce \u015bwiadkami tragicznego obrz\u0119du zbiorowego grzebania Bohater\u00f3w wojny wrze\u015bniowej 1939 roku. Szumem swoich konar\u00f3w i li\u015bci koi\u0142y wieczny sen pomordowanych w tej wojnie partyzant\u00f3w i zakatowanych na \u015bmier\u0107 za nic, niewinnych ofiar hitlerowskiego bestialstwa z r\u00f3\u017cnych wsi naszego sadowie\u0144skiego regionu.<\/p>\n<p style=\"text-align: justify;\">Podczas \u015bwi\u0119ta zmar\u0142ych, d\u0142ugo w noc roz\u015bwietlaj\u0105 si\u0119 ich sm\u0119tne konary be\u0142kaj\u0105cymi p\u0142omykami \u015bwiec i lampek nagrobnych. Zadumane w swych wiekowych wspomnieniach, tkwi\u0105 niezmiennie na tym samy miejscu \u2013 \u015bwiadkowie dawnych czas\u00f3w \u2013 najstarsze pomniki naszego terenu. Niewielu ich braci pozosta\u0142o do dzisiaj. Zach\u0142anno\u015b\u0107 ludzka, szczeg\u00f3lnie podczas ostatniej wojny zmiot\u0142a je z ziemi P\u0142atkownicy, Sojk\u00f3wka i Sadolesia.<\/p>\n<p style=\"text-align: justify;\">R\u00f3wnie\u017c do starych pomnik\u00f3w przyrody nale\u017cy zaliczy\u0107 wi\u0105zy rosn\u0105ce obok ko\u015bcio\u0142a i plebanii, a tak\u017ce okaza\u0142y sw\u0105 wielko\u015bci\u0105 i ogromem konar\u00f3w wi\u0105z rosn\u0105cy obok O\u015brodka Zdrowia patronuj\u0105cy przez wiele, wiele d\u0142ugich lat nie istniej\u0105cemu ju\u017c dzi\u015b budynkowi tzw. starej gminy (??? &#8211; przyp. red.).<\/p>\n<p style=\"text-align: justify;\">Ponad sto lat licz\u0105 sobie rosn\u0105ce przy szosie za Ziele\u0144cem topole wynios\u0142e i p\u0119kate w obwodzie swych pni, sadzone w drugim \u0107wier\u0107wieczu ubieg\u0142ego stulecia przez dawnego w\u00f3jta gminy sadowie\u0144skiej \u2013 Szczurowskiego.<\/p>\n<p style=\"text-align: justify;\"><a href=\"http:\/\/www.info.sadowne.pl\/wp-content\/uploads\/2014\/08\/2014.08.20.9.jpg\" target=\"_blank\"><img loading=\"lazy\" decoding=\"async\" class=\"alignright wp-image-6051 size-thumbnail\" src=\"http:\/\/www.info.sadowne.pl\/wp-content\/uploads\/2014\/08\/2014.08.20.9-180x130.jpg\" alt=\"O\" width=\"180\" height=\"130\" \/><\/a>Aktualnie do najstarszych budynk\u00f3w Sadownego nale\u017cy zaliczy\u0107 om\u00f3wiony w katalogu zabytk\u00f3w sztuki budynek plebanii zbudowany w roku 1828. S\u0119dziwy staruszek budownictwa naszego regionu licz\u0105cy dzi\u015b sobie r\u00f3wne 140 lat przetrwa\u0142 dwa narodowe powstania i by\u0142 na pewno \u015bwiadkiem niejednego zdarzenia jakie mia\u0142y miejsce na przestrzeni tych lat w Sadownem i okolicy.<\/p>\n<p style=\"text-align: justify;\"><strong>\u0179r\u00f3d\u0142o:\u00a0SADOWIE\u0143SKIE OBRAZY &#8211;\u00a0<\/strong>Zebrane wspomnienia z dawnego i bli\u017cszego \u017cycia Sadownego i okolic, Edward S\u00f3wka &#8211;\u00a0SADOWNE 1970<\/p>\n","protected":false},"excerpt":{"rendered":"<p>Takich wiekowych pomnik\u00f3w przyrody pozosta\u0142o na naszym terenie ju\u017c niestety niewiele.<\/p>\n","protected":false},"author":1,"featured_media":0,"comment_status":"open","ping_status":"open","sticky":false,"template":"","format":"standard","meta":{"footnotes":""},"categories":[5,841,31],"tags":[843,101,2288],"class_list":["post-6044","post","type-post","status-publish","format-standard","hentry","category-newsy","category-sadowienskie-obrazy","category-historia-gminy","tag-edward-sowka","tag-historia-gminy-sadowne","tag-sadowienskie-obrazy"],"views":3184,"_links":{"self":[{"href":"https:\/\/info.sadowne.pl\/index.php?rest_route=\/wp\/v2\/posts\/6044","targetHints":{"allow":["GET"]}}],"collection":[{"href":"https:\/\/info.sadowne.pl\/index.php?rest_route=\/wp\/v2\/posts"}],"about":[{"href":"https:\/\/info.sadowne.pl\/index.php?rest_route=\/wp\/v2\/types\/post"}],"author":[{"embeddable":true,"href":"https:\/\/info.sadowne.pl\/index.php?rest_route=\/wp\/v2\/users\/1"}],"replies":[{"embeddable":true,"href":"https:\/\/info.sadowne.pl\/index.php?rest_route=%2Fwp%2Fv2%2Fcomments&post=6044"}],"version-history":[{"count":1,"href":"https:\/\/info.sadowne.pl\/index.php?rest_route=\/wp\/v2\/posts\/6044\/revisions"}],"predecessor-version":[{"id":6052,"href":"https:\/\/info.sadowne.pl\/index.php?rest_route=\/wp\/v2\/posts\/6044\/revisions\/6052"}],"wp:attachment":[{"href":"https:\/\/info.sadowne.pl\/index.php?rest_route=%2Fwp%2Fv2%2Fmedia&parent=6044"}],"wp:term":[{"taxonomy":"category","embeddable":true,"href":"https:\/\/info.sadowne.pl\/index.php?rest_route=%2Fwp%2Fv2%2Fcategories&post=6044"},{"taxonomy":"post_tag","embeddable":true,"href":"https:\/\/info.sadowne.pl\/index.php?rest_route=%2Fwp%2Fv2%2Ftags&post=6044"}],"curies":[{"name":"wp","href":"https:\/\/api.w.org\/{rel}","templated":true}]}}