{"id":6059,"date":"2017-08-24T10:40:49","date_gmt":"2017-08-24T08:40:49","guid":{"rendered":"http:\/\/www.infosadowne.boo.pl\/?p=6059"},"modified":"2017-08-24T10:44:14","modified_gmt":"2017-08-24T08:44:14","slug":"letnie-ciecie","status":"publish","type":"post","link":"https:\/\/info.sadowne.pl\/?p=6059","title":{"rendered":"Letnie ci\u0119cie"},"content":{"rendered":"<p style=\"text-align: justify;\"><strong><img loading=\"lazy\" decoding=\"async\" class=\"alignleft size-thumbnail wp-image-6060\" src=\"http:\/\/www.info.sadowne.pl\/wp-content\/uploads\/2014\/08\/2013.09.11-180x130.jpg\" alt=\"2013.09.11\" width=\"180\" height=\"130\" \/>Trwa jeszcze lato, ale powoli przygotowujemy si\u0119 do jesiennych porz\u0105dk\u00f3w w ogrodzie.<\/strong><!--more--><\/p>\n<p style=\"text-align: justify;\">Po gor\u0105cym lecie w naszych ogrodach na pewno wyst\u0105pi\u0105 jakie\u015b ubytki w nasadzeniach, dlatego ju\u017c teraz powinni\u015bmy zaplanowa\u0107 posadzenie w te miejsca nowych drzew i krzew\u00f3w. Zrobimy to jesieni\u0105, gdy\u017c warunki pogodowe sprzyjaj\u0105 wtedy przyj\u0119ciu si\u0119 m\u0142odych nasadze\u0144. Je\u015bli wybrali\u015bmy ju\u017c konkretne miejsca do tego celu, to dobrze jest ju\u017c w sierpniu wzbogaci\u0107 gleb\u0119 w substancje organiczne np. poprzez wysianie nasion ro\u015blin na zielony naw\u00f3z (np. facelii).<\/p>\n<p style=\"text-align: justify;\"><img loading=\"lazy\" decoding=\"async\" class=\"alignright size-medium wp-image-2565\" src=\"http:\/\/www.info.sadowne.pl\/wp-content\/uploads\/2013\/07\/2013.07.15.1-300x205.jpg\" alt=\"2013.07.15.1\" width=\"300\" height=\"205\" srcset=\"https:\/\/info.sadowne.pl\/wp-content\/uploads\/2013\/07\/2013.07.15.1-300x205.jpg 300w, https:\/\/info.sadowne.pl\/wp-content\/uploads\/2013\/07\/2013.07.15.1.jpg 799w\" sizes=\"auto, (max-width: 300px) 100vw, 300px\" \/>Wskazane jest wykonanie obecnie letniego ci\u0119cia drzew \u2013 prze\u015bwietlenie jab\u0142oni, kt\u00f3rych owoce dojrzewaj\u0105 w ko\u0144cu sierpnia lub na pocz\u0105tku wrze\u015bnia. Ci\u0119cie to ma na celu usuni\u0119cie m\u0142odych przyrost\u00f3w i ods\u0142oni\u0119cie owoc\u00f3w, kt\u00f3re wymagaj\u0105 dost\u0119pu \u015bwiat\u0142a podczas nabierania koloru przy dojrzewaniu. Nie zapomnijmy te\u017c o wykonaniu ci\u0119cia prze\u015bwietlaj\u0105cego wi\u015bni i czere\u015bni, wycinaj\u0105c najcie\u0144sze ga\u0142\u0105zki \u2013 w przypadku tych drzew ci\u0119cie wykonuje si\u0119 zawsze po zbiorze owoc\u00f3w, a nie wiosn\u0105. Mo\u017cemy te\u017c rozlu\u017ani\u0107 korony \u015bliw, ale po ich zbiorze \u2013 rany po ci\u0119ciu \u0142atwiej zabli\u017ani\u0105 si\u0119 przed nadchodz\u0105c\u0105 zim\u0105.<\/p>\n<p style=\"text-align: justify;\">Zebranie owoc\u00f3w porzeczek i agrestu jest r\u00f3wnie\u017c sygna\u0142em do wykonania ci\u0119cia tych krzew\u00f3w. Usuni\u0119cie konar\u00f3w kilkuletnich pozwoli na rozwini\u0119cie si\u0119 m\u0142odych \u0142odyg, a przyci\u0119cie niekt\u00f3rych z nich, umo\u017cliwi im swobodne lub ukierunkowane przyrosty wiosn\u0105.<\/p>\n<p style=\"text-align: justify;\">Przy wykonywaniu ci\u0119cia nie zapomnijmy o zagro\u017ceniu infekcjami chorobowymi, dlatego te\u017c, na wszelki wypadek, powinni\u015bmy rany po ci\u0119ciach posmarowa\u0107 preparatem, kt\u00f3ry nie dopu\u015bci do zrakowace\u0144 lub zgorzeli. Zastosujmy Funaben 03 PA lub Topsin, ewentualnie specjaln\u0105 ma\u015b\u0107 ogrodnicz\u0105 z zawarto\u015bci\u0105 tych substancji, kt\u00f3ra dost\u0119pna jest w ka\u017cdym sklepie ogrodniczym.<\/p>\n<p style=\"text-align: justify;\"><strong>Tekst\/foto:<\/strong>\u00a0S\u0142awek Chyli\u0144ski<\/p>\n","protected":false},"excerpt":{"rendered":"<p>Trwa jeszcze lato, ale powoli przygotowujemy si\u0119 do jesiennych porz\u0105dk\u00f3w w ogrodzie.<\/p>\n","protected":false},"author":1,"featured_media":0,"comment_status":"open","ping_status":"open","sticky":false,"template":"","format":"standard","meta":{"footnotes":""},"categories":[5,414],"tags":[917,479],"class_list":["post-6059","post","type-post","status-publish","format-standard","hentry","category-newsy","category-w-ogrodzie","tag-letnie-ciecie-drzew","tag-w-ogrodzie-2"],"views":3745,"_links":{"self":[{"href":"https:\/\/info.sadowne.pl\/index.php?rest_route=\/wp\/v2\/posts\/6059","targetHints":{"allow":["GET"]}}],"collection":[{"href":"https:\/\/info.sadowne.pl\/index.php?rest_route=\/wp\/v2\/posts"}],"about":[{"href":"https:\/\/info.sadowne.pl\/index.php?rest_route=\/wp\/v2\/types\/post"}],"author":[{"embeddable":true,"href":"https:\/\/info.sadowne.pl\/index.php?rest_route=\/wp\/v2\/users\/1"}],"replies":[{"embeddable":true,"href":"https:\/\/info.sadowne.pl\/index.php?rest_route=%2Fwp%2Fv2%2Fcomments&post=6059"}],"version-history":[{"count":3,"href":"https:\/\/info.sadowne.pl\/index.php?rest_route=\/wp\/v2\/posts\/6059\/revisions"}],"predecessor-version":[{"id":13222,"href":"https:\/\/info.sadowne.pl\/index.php?rest_route=\/wp\/v2\/posts\/6059\/revisions\/13222"}],"wp:attachment":[{"href":"https:\/\/info.sadowne.pl\/index.php?rest_route=%2Fwp%2Fv2%2Fmedia&parent=6059"}],"wp:term":[{"taxonomy":"category","embeddable":true,"href":"https:\/\/info.sadowne.pl\/index.php?rest_route=%2Fwp%2Fv2%2Fcategories&post=6059"},{"taxonomy":"post_tag","embeddable":true,"href":"https:\/\/info.sadowne.pl\/index.php?rest_route=%2Fwp%2Fv2%2Ftags&post=6059"}],"curies":[{"name":"wp","href":"https:\/\/api.w.org\/{rel}","templated":true}]}}