{"id":6062,"date":"2014-08-22T11:25:10","date_gmt":"2014-08-22T09:25:10","guid":{"rendered":"http:\/\/www.infosadowne.boo.pl\/?p=6062"},"modified":"2015-12-09T19:14:53","modified_gmt":"2015-12-09T18:14:53","slug":"podnosimy-przedweekendowe-cisnienie-osakami","status":"publish","type":"post","link":"https:\/\/info.sadowne.pl\/?p=6062","title":{"rendered":"Podnosimy przedweekendowe ci\u015bnienie osakami"},"content":{"rendered":"<p style=\"text-align: justify;\"><strong><img loading=\"lazy\" decoding=\"async\" class=\"alignleft size-thumbnail wp-image-6063\" src=\"http:\/\/www.info.sadowne.pl\/wp-content\/uploads\/2014\/08\/2014.08.22.1-180x130.jpg\" alt=\"2014.08.22.1\" width=\"180\" height=\"130\" \/><\/strong><\/p>\n<p style=\"text-align: justify;\"><strong>Mo\u017ce duszone osaki z porannego, pi\u0105tkowego zbioru.<\/strong><!--more--><\/p>\n<p style=\"text-align: justify;\"><strong>Dzisiejszego ranka wystarcza\u0142o rowerkiem przejecha\u0107 si\u0119 jedn\u0105 z le\u015bnych, brzozowych alejek\u00a0miedzy Silikatami a Drakiem, by wr\u00f3ci\u0107 z wiaderkiem pe\u0142nym sierpniowych osak\u00f3w.<\/strong><\/p>\n<p style=\"text-align: justify;\">Ros\u0142y tu\u017c przy dr\u00f3\u017cce tak, \u017ce niemal nie musia\u0142o si\u0119 zsiada\u0107 z roweru. Ich czerwone \u0142ebki l\u015bni\u0142y w s\u0142o\u0144cu porann\u0105 ros\u0105, a co wa\u017cniejsze &#8211; grzybki te nie bywaj\u0105 robaczywe i trudno pomyli\u0107 je z jakimkolwiek &#8222;muchomorkiem&#8221;. Teraz dylemat pi\u0105tkowy pozosta\u0142 jeden: obiad z duszonych, czy g\u0119stej zupy.<\/p>\n<p style=\"text-align: justify;\"><strong><a href=\"http:\/\/www.info.sadowne.pl\/wp-content\/uploads\/2014\/08\/2014.08.22.2.jpg\" target=\"_blank\"><img loading=\"lazy\" decoding=\"async\" class=\"alignright wp-image-6064 size-medium\" src=\"http:\/\/www.info.sadowne.pl\/wp-content\/uploads\/2014\/08\/2014.08.22.2-300x219.jpg\" alt=\"2014.08.22.2\" width=\"300\" height=\"219\" srcset=\"https:\/\/info.sadowne.pl\/wp-content\/uploads\/2014\/08\/2014.08.22.2-300x219.jpg 300w, https:\/\/info.sadowne.pl\/wp-content\/uploads\/2014\/08\/2014.08.22.2-180x130.jpg 180w, https:\/\/info.sadowne.pl\/wp-content\/uploads\/2014\/08\/2014.08.22.2.jpg 800w\" sizes=\"auto, (max-width: 300px) 100vw, 300px\" \/><\/a><span style=\"color: #0000ff;\">My proponujemy duszone wg przepisu &#8222;zbieracza&#8221;:<\/span><\/strong><\/p>\n<p style=\"text-align: justify;\">&#8211; korzenie skrobi\u0119 ze sk\u00f3rki, a \u0142ebki czyszcz\u0119 z kolek i piasku, korzonki kroj\u0119 w plasterki, a \u0142ebki grubiej tak, by w czasie jedzenia smaku nie szuka\u0107 w ma\u0142ych cz\u0105stkach; pokrojone p\u0142ucz\u0119 pod bie\u017c\u0105c\u0105 wod\u0105 i odstawiam, by obesch\u0142y;<\/p>\n<p style=\"text-align: justify;\">&#8211; kroj\u0119 niezbyt cienko 1-2 cebule;<\/p>\n<p style=\"text-align: justify;\">&#8211; na patelni rozgrzewam olej \/dzi\u015b pi\u0105tek, bo r\u00f3wnie dobry jest smalczyk\/, a do gor\u0105cego dodaj\u0119 tyle samo mas\u0142a\u00a0i nie dopuszczaj\u0105c by mas\u0142o si\u0119 pali\u0142o wrzucam cebul\u0119 przykr\u0119caj\u0105c nieco p\u0142omie\u0144 tak, by cebulk\u0119 tylko zeszkli\u0107, a nie zez\u0142oci\u0107, cebul\u0119 posypuj\u0119 szczypt\u0105 cukru, a niekt\u00f3rzy dodaj\u0105 te\u017c np. vegety;<\/p>\n<p style=\"text-align: justify;\">&#8211; gdy cebulka zmi\u0119knie na tyle, \u017ce \u0142atwo drobi si\u0119 pod drewnian\u0105 \u0142y\u017ck\u0105, kt\u00f3r\u0105 wszystko mieszamy, wrzucam 1-2 listki laurowe,\u00a0dodaj\u0119 grzyby i &#8222;podkr\u0119cam&#8221; p\u0142omie\u0144, by szybko &#8222;pu\u015bci\u0142y&#8221; wod\u0119;<\/p>\n<p style=\"text-align: justify;\">&#8211; po kilku &#8211; kilkunastu\u00a0minutach, gdy grzybki niemal w ca\u0142o\u015bci &#8222;odparuj\u0105&#8221;,\u00a0wlewam \u015bmietank\u0119 \/najlepiej 30%\/, kt\u00f3rej kilka \u0142y\u017cek wcze\u015bniej\u00a0&#8222;be\u0142tam&#8221; w szklance z sol\u0105 i zakwaszam\u00a0sokiem z 1\/5 cytryny, ca\u0142o\u015b\u0107 do smaku dosalam i &#8222;dopieprzam&#8221;;<\/p>\n<p style=\"text-align: justify;\">&#8211; ogie\u0144 &#8222;minimalizuj\u0119 tak, by ca\u0142o\u015b\u0107 z lekka &#8222;pobulboni\u0142a&#8221; jeszcze dobrych kilka minutek, na talerzu posypuj\u0119 nieco pietruszk\u0105&#8230;&#8230; i smacznego.<\/p>\n<p style=\"text-align: justify;\"><strong>Tekst\/foto:<\/strong> rw<\/p>\n","protected":false},"excerpt":{"rendered":"<p>Mo\u017ce duszone osaki z porannego, pi\u0105tkowego zbioru.<\/p>\n","protected":false},"author":1,"featured_media":0,"comment_status":"open","ping_status":"open","sticky":false,"template":"","format":"standard","meta":{"footnotes":""},"categories":[5,1689,181],"tags":[918,373,139],"class_list":["post-6062","post","type-post","status-publish","format-standard","hentry","category-newsy","category-dania-glowne","category-kulinaria","tag-duszone-osaki","tag-grzyby","tag-przepisy-kulinarne"],"views":4698,"_links":{"self":[{"href":"https:\/\/info.sadowne.pl\/index.php?rest_route=\/wp\/v2\/posts\/6062","targetHints":{"allow":["GET"]}}],"collection":[{"href":"https:\/\/info.sadowne.pl\/index.php?rest_route=\/wp\/v2\/posts"}],"about":[{"href":"https:\/\/info.sadowne.pl\/index.php?rest_route=\/wp\/v2\/types\/post"}],"author":[{"embeddable":true,"href":"https:\/\/info.sadowne.pl\/index.php?rest_route=\/wp\/v2\/users\/1"}],"replies":[{"embeddable":true,"href":"https:\/\/info.sadowne.pl\/index.php?rest_route=%2Fwp%2Fv2%2Fcomments&post=6062"}],"version-history":[{"count":5,"href":"https:\/\/info.sadowne.pl\/index.php?rest_route=\/wp\/v2\/posts\/6062\/revisions"}],"predecessor-version":[{"id":6069,"href":"https:\/\/info.sadowne.pl\/index.php?rest_route=\/wp\/v2\/posts\/6062\/revisions\/6069"}],"wp:attachment":[{"href":"https:\/\/info.sadowne.pl\/index.php?rest_route=%2Fwp%2Fv2%2Fmedia&parent=6062"}],"wp:term":[{"taxonomy":"category","embeddable":true,"href":"https:\/\/info.sadowne.pl\/index.php?rest_route=%2Fwp%2Fv2%2Fcategories&post=6062"},{"taxonomy":"post_tag","embeddable":true,"href":"https:\/\/info.sadowne.pl\/index.php?rest_route=%2Fwp%2Fv2%2Ftags&post=6062"}],"curies":[{"name":"wp","href":"https:\/\/api.w.org\/{rel}","templated":true}]}}