{"id":6293,"date":"2014-09-12T18:22:54","date_gmt":"2014-09-12T16:22:54","guid":{"rendered":"http:\/\/www.infosadowne.boo.pl\/?p=6293"},"modified":"2020-04-24T18:36:28","modified_gmt":"2020-04-24T16:36:28","slug":"cudze-chwalicie","status":"publish","type":"post","link":"https:\/\/info.sadowne.pl\/?p=6293","title":{"rendered":"&#8222;Cudze chwalicie&#8230;&#8221;"},"content":{"rendered":"<p style=\"text-align: justify;\"><strong><img loading=\"lazy\" decoding=\"async\" class=\"alignleft size-thumbnail wp-image-6294\" src=\"http:\/\/www.info.sadowne.pl\/wp-content\/uploads\/2014\/09\/2014.09.12.1-180x130.jpg\" alt=\"2014.09.12.1\" width=\"180\" height=\"130\" \/>Nie wioska, nie wie\u015b\u2026 miejscowo\u015b\u0107? A najlepiej osada. Sp\u00f3r o status naszego Sadownego trwa od dawna.<\/strong><!--more--><\/p>\n<p style=\"text-align: justify;\">Miejscowi obra\u017caj\u0105 si\u0119 za umieszczanie ich w kategorii mieszka\u0144c\u00f3w wioski, wsi, a zw\u0142aszcza \u201eniewielkiej wsi gdzie\u015b tam\u201d. I s\u0142usznie, nasze Sadowne nie mo\u017cna mierzy\u0107 t\u0105 kategori\u0105, gdy\u017c od dawien dawna zwano go osad\u0105 i tak odpowiadamy pytaj\u0105cym o nasze miejsce zamieszkania. Nie mamy si\u0119 czego wstydzi\u0107 \u2013 nasza osada rozrasta si\u0119, a na jej terenie znajduje si\u0119 wiele ciekawych miejsc, kt\u00f3re zaczynaj\u0105 docenia\u0107 i odwiedza\u0107 mieszka\u0144cy bli\u017cszej i dalszej okolicy.<\/p>\n<p style=\"text-align: justify;\">Coraz cz\u0119\u015bciej widzimy turyst\u00f3w i wycieczki, kt\u00f3re \u2013 jak si\u0119 okazuje \u2013 nie trafi\u0142y tu przejazdem, a specjalnie odwiedzaj\u0105 Sadowne, planuj\u0105c ca\u0142odniowe jego zwiedzanie.<\/p>\n<p style=\"text-align: justify;\"><strong>12 wrze\u015bnia mieli\u015bmy okazj\u0119 i przyjemno\u015b\u0107 go\u015bci\u0107 \u201ew naszych progach\u201d uczni\u00f3w z klasy III e Szko\u0142y Podstawowej im. Jana Paw\u0142a II w W\u0119growie, kt\u00f3rzy \u2013 realizuj\u0105c program dydaktyczny \u2013 postanowili skorzysta\u0107 z oferty Muzeum Ziemi Sadowie\u0144skiej i Le\u015bnictwa Sadowne.<\/strong><\/p>\n<p style=\"text-align: justify;\">Ju\u017c obiekty sportowe na terenie Zespo\u0142u Szk\u00f3\u0142 przyci\u0105gn\u0119\u0142y uwag\u0119 wycieczkowicz\u00f3w. Obok, w Muzeum przywita\u0142 ich p. Janusz Urbankowski, kt\u00f3ry bardzo obrazowo om\u00f3wi\u0142 m\u0142odym s\u0142uchaczom niekt\u00f3re z gin\u0105cych zawod\u00f3w, prezentuj\u0105c jednocze\u015bnie eksponaty muzealne. Przy okazji, z ciekawo\u015bci\u0105, dzieci ogl\u0105da\u0142y te\u017c ekspozycj\u0119 ukazuj\u0105c\u0105 rozw\u00f3j i histori\u0119 osadnictwa na terenie gminy Sadowne, a w Izbie Etnograficznej \u2013 dawne oraz egzotyczne instrumenty muzyczne i wystaw\u0119 Ko\u0142a \u0141owieckiego \u201eKszyk\u201d.<\/p>\n<p style=\"text-align: justify;\">Na czym polega praca le\u015bnika, jak mierzy si\u0119 obj\u0119to\u015b\u0107 drewna, jak si\u0119 je znakuje i jakie okazy flory oraz fauny mo\u017cna spotka\u0107 w naszych lasach? Ciekaw\u0105 pogadank\u0119 na te tematy przygotowa\u0142 p. Wojciech Zakrzewski \u2013 le\u015bniczy Le\u015bnictwa Sadowne. Dzieci zwiedzi\u0142y siedzib\u0119 Le\u015bnictwa, a nast\u0119pnie mia\u0142y okazj\u0119 wypr\u00f3bowa\u0107 w praktyce akcesoria le\u015bniczego, kt\u00f3re wykorzystuje on w codziennej pracy, a las powita\u0142 ich obfito\u015bci\u0105 swoich zasob\u00f3w. Trzecioklasi\u015bci przekonali si\u0119, \u017ce w okolicach Sadownego mo\u017cna te\u017c uczestniczy\u0107 w udanym grzybobraniu.<\/p>\n<p style=\"text-align: justify;\">Nauka i zwiedzanie to nie wszystko. Pracownicy Le\u015bnictwa zadbali o pocz\u0119stunek dla swoich go\u015bci. Kie\u0142baski smakowa\u0142y im najlepiej wprost z ogniska.<\/p>\n<p style=\"text-align: justify;\">Wycieczkowicze, bardzo zadowoleni z pobytu w naszej osadzie, serdecznie dzi\u0119kowali opiekunom-gospodarzom za mile sp\u0119dzone chwile oraz drobne upominki, kt\u00f3rymi obdarowano ich z okazji obchod\u00f3w 500-lecia Sadownego oraz 95-lecia Las\u00f3w Pa\u0144stwowych.<\/p>\n<p style=\"text-align: justify;\"><strong>A my, jako mieszka\u0144cy tej osady, umiemy korzysta\u0107 z tego, co mamy? A mo\u017ce nasze zasoby doceniaj\u0105 tylko obcy? Czy jest prawd\u0105 powiedzenie: \u201eCudze chwalicie, swego nie znacie\u201d?<\/strong><\/p>\n<p><a href=\"https:\/\/photos.app.goo.gl\/D1rZDzNmFkDbWLdU9\" target=\"_blank\" rel=\"noopener noreferrer\"><strong>Zdj\u0119cia w galerii Google&gt;&gt;&gt;<\/strong><\/a><\/p>\n<p style=\"text-align: justify;\"><strong>Tekst\/foto:<\/strong> S\u0142awek Chyli\u0144ski<\/p>\n<p>&nbsp;<\/p>\n","protected":false},"excerpt":{"rendered":"<p>Nie wioska, nie wie\u015b\u2026 miejscowo\u015b\u0107? A najlepiej osada. Sp\u00f3r o status naszego Sadownego trwa od dawna.<\/p>\n","protected":false},"author":1,"featured_media":0,"comment_status":"open","ping_status":"open","sticky":false,"template":"","format":"standard","meta":{"footnotes":""},"categories":[5,6,81],"tags":[958,758,79,959],"class_list":["post-6293","post","type-post","status-publish","format-standard","hentry","category-newsy","category-kultura-rozrywka-edukacja","category-muzeum","tag-janusz-urbankowski","tag-lesnictwo-sadowne","tag-muzeum-ziemi-sadowienskiej","tag-wojciech-zakrzewski"],"views":3339,"_links":{"self":[{"href":"https:\/\/info.sadowne.pl\/index.php?rest_route=\/wp\/v2\/posts\/6293","targetHints":{"allow":["GET"]}}],"collection":[{"href":"https:\/\/info.sadowne.pl\/index.php?rest_route=\/wp\/v2\/posts"}],"about":[{"href":"https:\/\/info.sadowne.pl\/index.php?rest_route=\/wp\/v2\/types\/post"}],"author":[{"embeddable":true,"href":"https:\/\/info.sadowne.pl\/index.php?rest_route=\/wp\/v2\/users\/1"}],"replies":[{"embeddable":true,"href":"https:\/\/info.sadowne.pl\/index.php?rest_route=%2Fwp%2Fv2%2Fcomments&post=6293"}],"version-history":[{"count":3,"href":"https:\/\/info.sadowne.pl\/index.php?rest_route=\/wp\/v2\/posts\/6293\/revisions"}],"predecessor-version":[{"id":23305,"href":"https:\/\/info.sadowne.pl\/index.php?rest_route=\/wp\/v2\/posts\/6293\/revisions\/23305"}],"wp:attachment":[{"href":"https:\/\/info.sadowne.pl\/index.php?rest_route=%2Fwp%2Fv2%2Fmedia&parent=6293"}],"wp:term":[{"taxonomy":"category","embeddable":true,"href":"https:\/\/info.sadowne.pl\/index.php?rest_route=%2Fwp%2Fv2%2Fcategories&post=6293"},{"taxonomy":"post_tag","embeddable":true,"href":"https:\/\/info.sadowne.pl\/index.php?rest_route=%2Fwp%2Fv2%2Ftags&post=6293"}],"curies":[{"name":"wp","href":"https:\/\/api.w.org\/{rel}","templated":true}]}}