{"id":6322,"date":"2014-09-17T05:53:05","date_gmt":"2014-09-17T03:53:05","guid":{"rendered":"http:\/\/www.infosadowne.boo.pl\/?p=6322"},"modified":"2014-09-17T05:56:02","modified_gmt":"2014-09-17T03:56:02","slug":"biskup-tadeusz-pikus-po-raz-pierwszy-w-sadownem","status":"publish","type":"post","link":"https:\/\/info.sadowne.pl\/?p=6322","title":{"rendered":"Biskup Tadeusz Pikus po raz pierwszy w Sadownem!"},"content":{"rendered":"<p style=\"text-align: justify;\"><strong><img loading=\"lazy\" decoding=\"async\" class=\"alignleft wp-image-4428 size-thumbnail\" src=\"http:\/\/www.info.sadowne.pl\/wp-content\/uploads\/2014\/02\/logo500.2-180x130.jpg\" alt=\"logo500.2\" width=\"180\" height=\"130\" \/>W dniu 18 wrze\u015bnia 2014 roku po raz pierwszy nasz\u0105 spo\u0142eczno\u015b\u0107 gminn\u0105 i parafi\u0119 odwiedzi Pasterz Diecezji Drohiczy\u0144skiej &#8211; bp Tadeusz Pikus. <\/strong><!--more--><\/p>\n<p style=\"text-align: justify;\"><strong>Okazj\u0105 do tej wizyty s\u0105 obchody 500 \u2013 lecia Sadownego. Obchody rozpoczn\u0105 si\u0119 o 9.00 od uroczystej Rady Gminy w Gimnazjum, nast\u0119pnie o 11.00 odprawiona zostanie Msza \u015bw. w Ko\u015bciele Parafialnym w intencji zmar\u0142ych i \u017cyj\u0105cych mieszka\u0144c\u00f3w naszej \u201ema\u0142ej ojczyzny\u201d oraz po\u015bwi\u0119cenie kamienia pami\u0105tkowego na Skwerze Prymasa Wyszy\u0144skiego. <\/strong><\/p>\n<p style=\"text-align: justify;\"><strong>Kolejnym punktem b\u0119dzie otwarta sesja popularno-naukowa w sali sportowej Liceum Og\u00f3lnokszta\u0142c\u0105cego w Sadownem o godz.12.30. B\u0119dzie to wyj\u0105tkowa okazja do wys\u0142uchania referat\u00f3w o bardzo interesuj\u0105cej tematyce regionalnej. Zaproszeni prelegenci to znawcy historii i kultury regionu: ks. dr Zbigniew Sobolewski, ks. prof. Pawe\u0142 Rytel \u2013 Andrianik, <\/strong><strong>dr Rafa\u0142 Dmowski, <\/strong><strong>dr Piotr Kondraciuk<\/strong> ,<strong> red. Bartosz Wieli\u0144ski<\/strong><strong>, ks. dr Zenon Czumaj. <\/strong><\/p>\n<p style=\"text-align: justify;\"><strong>Go\u015bcie p<\/strong><strong>rzedstawi\u0105 nieznane fakty w nowym uj\u0119ciu, nigdzie dot\u0105d niepublikowane, dotycz\u0105ce Sadownego i okolic. Prelekcj\u0119 go\u015bci poprzedzi wyst\u0119p m\u0142odzie\u017cy z ZSP, kt\u00f3ra specjalnie\u00a0 na t\u0119 okazj\u0119 przygotowa\u0142a ba\u015b\u0144 \u201eO ch\u0142opcu, kt\u00f3ry szuka\u0142 stracha\u201d. \u00a0<\/strong><\/p>\n<p style=\"text-align: justify;\"><strong>Inicjatorem konferencji jest Stowarzyszenie Kulturalno-O\u015bwiatowe Dzia\u0142am. Organizatorami uroczysto\u015bci s\u0105: Parafia \u015bw. Jana Chrzciciela w Sadownem, Zesp\u00f3\u0142 Szk\u00f3\u0142 Ponadgimnazjalnych w Sadownem, Gmina Sadowne oraz Stowarzyszenie Kulturalno-O\u015bwiatowe Dzia\u0142am. <\/strong><\/p>\n<p style=\"text-align: justify;\"><strong>Poni\u017cej przedstawiamy sylwetki autor\u00f3w referat\u00f3w wyg\u0142oszonych podczas sesji popularno &#8211; naukowej:<\/strong><\/p>\n<div id=\"attachment_6323\" style=\"width: 112px\" class=\"wp-caption alignleft\"><a href=\"http:\/\/www.info.sadowne.pl\/wp-content\/uploads\/2014\/09\/sobolewski.jpg\" target=\"_blank\"><img loading=\"lazy\" decoding=\"async\" aria-describedby=\"caption-attachment-6323\" class=\"wp-image-6323 size-thumbnail\" src=\"http:\/\/www.info.sadowne.pl\/wp-content\/uploads\/2014\/09\/sobolewski-102x130.jpg\" alt=\"sobolewski\" width=\"102\" height=\"130\" \/><\/a><p id=\"caption-attachment-6323\" class=\"wp-caption-text\">ks. dr Zbigniew Sobolewski (foto: www.podlasie24.pl)<\/p><\/div>\n<p style=\"text-align: justify;\"><strong>Ks. dr Zbigniew Sobolewski<\/strong> pochodzi z parafii Sadowne, jest absolwentem Liceum Og\u00f3lnokszta\u0142c\u0105cego w Sadownem. Uko\u0144czy\u0142 Wy\u017csze Seminarium Duchowne w Siedlcach. \u00a0Jest doktorem teologii moralnej, absolwentem Papieskiego Uniwersytetu Latera\u0144skiego w Rzymie. Wyk\u0142ada teologi\u0119 moraln\u0105 w WSD w Siedlcach oraz w Papieskim Wydziale Teologicznym. Jest za\u0142o\u017cycielem i \u00a0d\u0142ugoletnim dyrektorem renomowanego Katolickiego Liceum Og\u00f3lnokszta\u0142c\u0105cego i Gimnazjum Katolickiego w Bia\u0142ej Podlaskiej. Od 2005r pe\u0142ni\u0142 funkcj\u0119 sekretarza\u00a0 generalnego Caritas Polska. \u00a0Obecnie jest dyrektorem Dzie\u0142a Pomocy Ad Gentes (jedna z agend Komisji Episkopatu Polski d.s. Misji). Jest autorem kilkunastu ksi\u0105\u017cek. \u00a0Publikuje w \u201eR\u00f3\u017ca\u0144cu\u201d, \u201eNaszym Dzienniku\u201d, \u201eEchu Katolickim\u201d, \u201eSygna\u0142ach Troski\u201d. (<strong>referat: \u201eB\u0142ogos\u0142awiony ksi\u0105dz Edward Grzyma\u0142a \u2013 Syn Ziemi sadowe\u0144skiej\u201d)<\/strong><\/p>\n<div id=\"attachment_6324\" style=\"width: 190px\" class=\"wp-caption alignright\"><a href=\"http:\/\/www.info.sadowne.pl\/wp-content\/uploads\/2014\/09\/andrianik.jpg\" target=\"_blank\"><img loading=\"lazy\" decoding=\"async\" aria-describedby=\"caption-attachment-6324\" class=\"wp-image-6324 size-thumbnail\" src=\"http:\/\/www.info.sadowne.pl\/wp-content\/uploads\/2014\/09\/andrianik-180x130.jpg\" alt=\"andrianik\" width=\"180\" height=\"130\" \/><\/a><p id=\"caption-attachment-6324\" class=\"wp-caption-text\">ks. prof. Pawe\u0142 Rytel \u2013 Andrianik (foto: www.niedziela.pl)<\/p><\/div>\n<p style=\"text-align: justify;\"><strong>Ks. prof. Pawe\u0142 Rytel \u2013 Andrianik<\/strong><strong>, <\/strong>pochodzi z Rytel \u015awi\u0119ckich, parafii Prosty\u0144. Uko\u0144czy\u0142 Wy\u017csze Seminarium Duchowne w Drohiczynie. Studiowa\u0142 we W\u0142oszech, Wielkiej Brytanii i Ziemi \u015awi\u0119tej. Od 2012 r. jest profesorem Pisma \u015awi\u0119tego na Papieskim Uniwersytecie \u015awi\u0119tego Krzy\u017ca w Rzymie i wyk\u0142adowc\u0105 na Wy\u017cszej Szkole Kultury Spo\u0142ecznej i Medialnej w Toruniu. Od 2013 r. jest te\u017c zast\u0119pc\u0105 redaktora naczelnego tygodnika katolickiego Niedziela ds. Europy Zachodniej i Bliskiego Wschodu. Podczas swej edukacji studiowa\u0142 16 j\u0119zyk\u00f3w obcych, kt\u00f3rymi pos\u0142uguje si\u0119 w pracy duszpasterskiej i naukowej.<br \/>\nJest \u00a0autorem publikacji na temat Sanktuarium Tr\u00f3jcy \u015awi\u0119tej w Prostyni, wsp\u00f3\u0142autorem ksi\u0105\u017cki na temat Polak\u00f3w ratuj\u0105cych \u017byd\u00f3w w czasie II wojny \u015bwiatowej, redaktorem kilku tom\u00f3w zebranych, nauczania ks. bpa Antoniego Dydycza, a tak\u017ce wsp\u00f3\u0142pracownikiem medi\u00f3w katolickich takich jak : Katolickie Radio Podlasie, Tygodnik\u00a0 \u201eNiedziela\u201d, \u201eNasz Dziennik\u201d, Katolicka Agencja Informacyjna, Radio Maryja, Telewizja Trwam i Radio Watyka\u0144skie oraz Wydawnictwo Si\u00f3str Loretanek. <strong>(referat: \u201dMieszka\u0144cy Sadownego i okolic ratuj\u0105cy \u017byd\u00f3w podczas II wojny \u015bwiatowej\u201d)<\/strong><\/p>\n<div id=\"attachment_6325\" style=\"width: 143px\" class=\"wp-caption alignleft\"><a href=\"http:\/\/www.info.sadowne.pl\/wp-content\/uploads\/2014\/09\/dmowski.jpg\" target=\"_blank\"><img loading=\"lazy\" decoding=\"async\" aria-describedby=\"caption-attachment-6325\" class=\"wp-image-6325 size-thumbnail\" src=\"http:\/\/www.info.sadowne.pl\/wp-content\/uploads\/2014\/09\/dmowski-133x130.jpg\" alt=\"dmowski\" width=\"133\" height=\"130\" \/><\/a><p id=\"caption-attachment-6325\" class=\"wp-caption-text\">dr Rafa\u0142 Dmowski (foto: www.uph.edu.pl)<\/p><\/div>\n<p style=\"text-align: justify;\"><strong>Dr Rafa\u0142 Dmowski<\/strong> jest adiunktem w Instytucie Historii i Stosunk\u00f3w Mi\u0119dzynarodowych Uniwersytetu Przyrodniczo-Humanistycznego w Siedlcach. Zajmuje si\u0119 histori\u0105 Polski prze\u0142omu XIX i XX wieku ze szczeg\u00f3lnym uwzgl\u0119dnieniem dziej\u00f3w Po\u0142udniowego Podlasia. Jest autorem 3 ksi\u0105\u017cek oraz redaktorem b\u0105d\u017a wsp\u00f3\u0142redaktorem 11 prac zbiorowych, a tak\u017ce autorem ponad 140 artyku\u0142\u00f3w zamieszczanych na \u0142amach czasopism naukowych oraz prac zbiorowych. Jego publikacje dotycz\u0105 przede wszystkim historii regionu, dziej\u00f3w stra\u017cy po\u017carnych, historii Ko\u015bcio\u0142a oraz historii kolei. <strong>(referat: \u201eHistoriografia Sadownego\u201d)<\/strong><\/p>\n<div id=\"attachment_6326\" style=\"width: 121px\" class=\"wp-caption alignright\"><a href=\"http:\/\/www.info.sadowne.pl\/wp-content\/uploads\/2014\/09\/kondraciuk.jpg\" target=\"_blank\"><img loading=\"lazy\" decoding=\"async\" aria-describedby=\"caption-attachment-6326\" class=\"wp-image-6326 size-thumbnail\" src=\"http:\/\/www.info.sadowne.pl\/wp-content\/uploads\/2014\/09\/kondraciuk-111x130.jpg\" alt=\"kondraciuk\" width=\"111\" height=\"130\" \/><\/a><p id=\"caption-attachment-6326\" class=\"wp-caption-text\">dr Piotr Kondraciuk (foto: www.zamosconline.pl)<\/p><\/div>\n<p style=\"text-align: justify;\"><strong>dr Piotr Kondraciuk<\/strong>\u00a0 jest \u00a0historykiem sztuki, autorem wielu interesuj\u0105cych artyku\u0142\u00f3w i publikacji. Prowadzi szerok\u0105 dzia\u0142alno\u015b\u0107 popularyzatorsk\u0105 historii sztuki. Obecnie pe\u0142ni funkcj\u0119 zast\u0119pcy dyrektora \u00a0Muzeum Zamojskiego w Lublinie. <strong>(referat: \u201eR\u00f3d Zamojskich a Sadowne\u201d)<\/strong><\/p>\n<div id=\"attachment_6328\" style=\"width: 112px\" class=\"wp-caption alignleft\"><a href=\"http:\/\/www.info.sadowne.pl\/wp-content\/uploads\/2014\/09\/wieli\u0144ski.jpg\" target=\"_blank\"><img loading=\"lazy\" decoding=\"async\" aria-describedby=\"caption-attachment-6328\" class=\"wp-image-6328 size-thumbnail\" src=\"http:\/\/www.info.sadowne.pl\/wp-content\/uploads\/2014\/09\/wieli\u0144ski-102x130.jpg\" alt=\"wieli\u0144ski\" width=\"102\" height=\"130\" \/><\/a><p id=\"caption-attachment-6328\" class=\"wp-caption-text\">red. Bartosz Wieli\u0144ski (foto: www.dnimediow.org.pl)<\/p><\/div>\n<p style=\"text-align: justify;\"><strong>Red. Bartosz Wieli\u0144ski\u00a0<\/strong>&#8211; wnuk Boles\u0142awa Szabelskiego, dziennikarz, pracuje w redakcji Gazety Wyborczej, by\u0142 korespondentem w Berlinie, publikuje w Gazecie Wyborczej oraz jej dodatku \u201eAle historia\u201d. Autor ksi\u0105\u017cek, laureat <strong>konkursu Grand Press w kategorii reporta\u017c prasowy.<\/strong>\u00a0<strong>(referat: \u201e Muzyka i \u017cycie Boles\u0142awa Szabelskiego we wspomnieniach wnuka\u201d)<\/strong><\/p>\n<div id=\"attachment_6327\" style=\"width: 117px\" class=\"wp-caption alignright\"><img loading=\"lazy\" decoding=\"async\" aria-describedby=\"caption-attachment-6327\" class=\"wp-image-6327 size-full\" src=\"http:\/\/www.info.sadowne.pl\/wp-content\/uploads\/2014\/09\/czumaj.jpg\" alt=\"czumaj\" width=\"107\" height=\"115\" \/><p id=\"caption-attachment-6327\" class=\"wp-caption-text\">ks. dr Zenon Czumaj (foto: www.drohiczynska.pl)<\/p><\/div>\n<p style=\"text-align: justify;\"><strong>Ks. dr Zenon Czumaj &#8211; <\/strong>pochodzi z Ostr\u00f3wka, jest absolwentem Liceum Og\u00f3lnokszta\u0142c\u0105cego w Sadownem. Uko\u0144czy\u0142 Wy\u017csze Seminarium Duchowne w Drohiczynie. Obecnie jest Dyrektorem Muzeum i Archiwum Diecezji Drohiczy\u0144skiej. Jest r\u00f3wnie\u017c wyk\u0142adowc\u0105 w Wy\u017cszym Seminarium Duchownym w Drohiczynie, znawc\u0105 historii Ko\u015bcio\u0142a. Z zami\u0142owania regionalista i autor wielu publikacji, przyjaciel naszej szko\u0142y. <strong>(referat: \u201eOkoliczno\u015bci powstania Sadownego\u201d)<\/strong><\/p>\n<p style=\"text-align: justify;\"><strong>Tekst: <\/strong>M. Renik<\/p>\n","protected":false},"excerpt":{"rendered":"<p>W dniu 18 wrze\u015bnia 2014 roku po raz pierwszy nasz\u0105 spo\u0142eczno\u015b\u0107 gminn\u0105 i parafi\u0119 odwiedzi Pasterz Diecezji Drohiczy\u0144skiej &#8211; bp Tadeusz Pikus.<\/p>\n","protected":false},"author":1,"featured_media":0,"comment_status":"open","ping_status":"open","sticky":false,"template":"","format":"standard","meta":{"footnotes":""},"categories":[5,85],"tags":[523,394,182],"class_list":["post-6322","post","type-post","status-publish","format-standard","hentry","category-newsy","category-zsp","tag-500-lecie-sadownego","tag-stowarzyszenie-kulturalno-oswiatowe-dzialam","tag-zespol-szkol-ponadgimnazjalnych-w-sadownem"],"views":4117,"_links":{"self":[{"href":"https:\/\/info.sadowne.pl\/index.php?rest_route=\/wp\/v2\/posts\/6322","targetHints":{"allow":["GET"]}}],"collection":[{"href":"https:\/\/info.sadowne.pl\/index.php?rest_route=\/wp\/v2\/posts"}],"about":[{"href":"https:\/\/info.sadowne.pl\/index.php?rest_route=\/wp\/v2\/types\/post"}],"author":[{"embeddable":true,"href":"https:\/\/info.sadowne.pl\/index.php?rest_route=\/wp\/v2\/users\/1"}],"replies":[{"embeddable":true,"href":"https:\/\/info.sadowne.pl\/index.php?rest_route=%2Fwp%2Fv2%2Fcomments&post=6322"}],"version-history":[{"count":3,"href":"https:\/\/info.sadowne.pl\/index.php?rest_route=\/wp\/v2\/posts\/6322\/revisions"}],"predecessor-version":[{"id":6331,"href":"https:\/\/info.sadowne.pl\/index.php?rest_route=\/wp\/v2\/posts\/6322\/revisions\/6331"}],"wp:attachment":[{"href":"https:\/\/info.sadowne.pl\/index.php?rest_route=%2Fwp%2Fv2%2Fmedia&parent=6322"}],"wp:term":[{"taxonomy":"category","embeddable":true,"href":"https:\/\/info.sadowne.pl\/index.php?rest_route=%2Fwp%2Fv2%2Fcategories&post=6322"},{"taxonomy":"post_tag","embeddable":true,"href":"https:\/\/info.sadowne.pl\/index.php?rest_route=%2Fwp%2Fv2%2Ftags&post=6322"}],"curies":[{"name":"wp","href":"https:\/\/api.w.org\/{rel}","templated":true}]}}