{"id":6338,"date":"2014-09-18T20:52:26","date_gmt":"2014-09-18T18:52:26","guid":{"rendered":"http:\/\/www.infosadowne.boo.pl\/?p=6338"},"modified":"2020-04-24T18:34:39","modified_gmt":"2020-04-24T16:34:39","slug":"uroczystosci-500-lecia","status":"publish","type":"post","link":"https:\/\/info.sadowne.pl\/?p=6338","title":{"rendered":"Uroczysto\u015bci 500-lecia"},"content":{"rendered":"<p style=\"text-align: justify;\"><strong><img loading=\"lazy\" decoding=\"async\" class=\"alignleft size-thumbnail wp-image-6339\" src=\"http:\/\/www.info.sadowne.pl\/wp-content\/uploads\/2014\/09\/2014.09.18.1-180x130.jpg\" alt=\"2014.09.18.1\" width=\"180\" height=\"130\" \/>18 wrze\u015bnia odby\u0142y si\u0119 uroczysto\u015bci upami\u0119tniaj\u0105ce 500-lecie za\u0142o\u017cenia osady Sadowne.<\/strong><!--more--><\/p>\n<p style=\"text-align: justify;\"><strong>Wczesnym przedpo\u0142udniem, bo ju\u017c o godz. 9.00 hala sportowa przy sadowie\u0144skim Gimnazjum zamieni\u0142a si\u0119 w sal\u0119 konferencyjn\u0105.<\/strong> Organizatorzy obchod\u00f3w 500-lecia Sadownego, kt\u00f3rych tym razem reprezentowali: W\u00f3jt i Rada Gminy Sadowne, Parafia \u015bw. Jana Chrzciciela w Sadownem i Zesp\u00f3\u0142 Szk\u00f3\u0142 Ponadgimnazjalnych, postanowili wykorzysta\u0107 obiekt sportowy do zorganizowania uroczystej Sesji Rady Gminy Sadowne. Obiekt ten spe\u0142nia wszelkie normy na przyj\u0119cie licznej rzeszy go\u015bci, a w\u015br\u00f3d przyby\u0142ych znale\u017ali si\u0119 przedstawiciele polskiego Parlamentu, Samorz\u0105du Wojew\u00f3dztwa Mazowieckiego, Powiatu W\u0119growskiego i oczywi\u015bcie Gminy Sadowne. Go\u015bcie mieli te\u017c okazj\u0119 obejrze\u0107 przygotowan\u0105 w hali wystaw\u0119 zdj\u0119\u0107 na temat historii i wsp\u00f3\u0142czesno\u015bci Sadownego.<\/p>\n<p style=\"text-align: justify;\"><strong>Po oficjalnym wprowadzeniu poczt\u00f3w sztandarowych i od\u015bpiewaniu hymnu narodowego, Sesj\u0119 otworzy\u0142, zgodnie z regulaminem, przewodnicz\u0105cy Rady \u00a0Gminy Sadowne p. Waldemar Cyran. Powita\u0142 przyby\u0142ych go\u015bci oraz licznie zgromadzon\u0105 publiczno\u015b\u0107.<\/strong><\/p>\n<p style=\"text-align: justify;\">Jak podczas ka\u017cdej Sesji Rady, g\u0142osu na wst\u0119pie udzielono gospodarzowi, p. Zdzis\u0142awowi Traczowi &#8211; W\u00f3jtowi Gminy, kt\u00f3ry przypomnia\u0142 w skr\u00f3cie histori\u0119 utworzenia osady oraz najwa\u017cniejsze wydarzenia, do kt\u00f3rych dosz\u0142o na przestrzeni dziej\u00f3w regionu sadowie\u0144skiego.<\/p>\n<p style=\"text-align: justify;\"><strong>Z uwagi na charakter odbywaj\u0105cego si\u0119 spotkania, zaplanowano podczas tej Sesji podejmowanie decyzji istotnej rangi<\/strong>, a tak\u0105 by\u0142o uchwalenie tre\u015bci zapisu upami\u0119tniaj\u0105cego obchody 500-lecia Sadownego, kt\u00f3ry znajdzie si\u0119 na symbolicznym pomniku \u2013 kamieniu usytuowanym na skwerku Kardyna\u0142a Wyszy\u0144skiego przy ko\u015bciele parafialnym. Radni, kt\u00f3rzy zaj\u0119li dla nich honorowe miejsce \u2013 po \u015brodku Gminnej Hali, jednog\u0142o\u015bnie przyj\u0119li tre\u015b\u0107 tej uchwa\u0142y. Napis, kt\u00f3ry przeg\u0142osowano, brzmi: \u201ePami\u0119ci dawnych i obecnych mieszka\u0144c\u00f3w Sadownego w pi\u0119\u0107setn\u0105 rocznic\u0119 za\u0142o\u017cenia osady. Sadowne , 1514 \u2013 2014\u201d.<\/p>\n<p style=\"text-align: justify;\"><strong>Uroczysta Sesja sta\u0142a si\u0119 te\u017c okazj\u0105 do uhonorowania os\u00f3b, kt\u00f3rych zas\u0142ugi dla miejscowo\u015bci i regionu sadowie\u0144skiego s\u0105 niepodwa\u017calne i godne upami\u0119tnienia.<\/strong> Sekretarz Gminy Sadowne p. Zbigniew Bocian kolejno wyczyta\u0142 osoby, kt\u00f3rym W\u00f3jt Gminy i przedstawiciele Rady wr\u0119czyli dyplomy honorowe \u201eZas\u0142u\u017cony dla Gminy Sadowne\u201d. W\u015br\u00f3d wyr\u00f3\u017cnionych znale\u017ali si\u0119: pp. ks. Marian Zbie\u0107, Edward Herman, Barbara Giers, Kazimierz Ksi\u0105\u017cek, Anna Szyszka, Adam Dobosz i Zesp\u00f3\u0142 \u015apiewaczy \u201eSadowianki\u201d.<\/p>\n<p style=\"text-align: justify;\"><strong>Sesj\u0119 zako\u0144czy\u0142y kr\u00f3tkie wyst\u0105pienia go\u015bci<\/strong>, po czym, w asy\u015bcie orkiestry, przemaszerowano ulicami Sadownego do ko\u015bcio\u0142a p.w. \u015bw. Jana\u00a0 Chrzciciela w Sadownem na uroczyst\u0105 msz\u0119, kt\u00f3r\u0105 koncelebrowa\u0142 ordynariusz Diecezji Drohiczy\u0144skiej ks. bp Tadeusz Pikus. Po mszy ks. Biskup po\u015bwi\u0119ci\u0142 symboliczny kamie\u0144 na przyko\u015bcielnym skwerku, podpisano r\u00f3wnie\u017c jego akt erekcyjny.<\/p>\n<p style=\"text-align: justify;\"><strong>Ostatnim etapem jubileuszowych uroczysto\u015bci by\u0142a sesja popularno \u2013 naukowa w Zespole Szk\u00f3\u0142 Ponadgimnazjalnych w Sadownem<\/strong>, kt\u00f3r\u0105 poprzedzi\u0142a cz\u0119\u015b\u0107 artystyczna w wykonaniu m\u0142odzie\u017cy szkolnej. Referaty o historii Sadownego i jego znamienitych mieszka\u0144cach zako\u0144czy\u0142y uroczysto\u015bci obchod\u00f3w 500-lecia za\u0142o\u017cenia osady Sadowne (o referatach, referuj\u0105cych i ich dokonaniach pisali\u015bmy w artykule: <span style=\"color: #0000ff;\"><strong><a href=\"http:\/\/www.info.sadowne.pl\/?p=6322\"><span style=\"color: #0000ff;\">&#8222;Biskup Tadeusz Pikus po raz pierwszy w Sadownem!&#8221;<\/span><\/a><\/strong><\/span>).<\/p>\n<p><a href=\"https:\/\/photos.app.goo.gl\/9FKo6tmtPSd5vQ458\" target=\"_blank\" rel=\"noopener noreferrer\"><strong>Zdj\u0119cia w galerii Google&gt;&gt;&gt;<\/strong><\/a><\/p>\n<p style=\"text-align: justify;\"><strong>Tekst:<\/strong> S\u0142awek Chyli\u0144ski<\/p>\n<p style=\"text-align: justify;\"><strong>Foto:<\/strong> GOK Sadowne\/sch<\/p>\n<p style=\"text-align: justify;\"><span style=\"color: #0000ff;\"><a href=\"http:\/\/youtu.be\/Dxu0QifYFww\" target=\"_blank\" rel=\"noopener noreferrer\"><span style=\"color: #0000ff;\"><strong>Zobacz te\u017c film&gt;&gt;&gt;<\/strong><\/span><\/a><\/span><\/p>\n<p>&nbsp;<\/p>\n","protected":false},"excerpt":{"rendered":"<p>18 wrze\u015bnia odby\u0142y si\u0119 uroczysto\u015bci upami\u0119tniaj\u0105ce 500-lecie za\u0142o\u017cenia osady Sadowne.<\/p>\n","protected":false},"author":1,"featured_media":0,"comment_status":"open","ping_status":"open","sticky":false,"template":"","format":"standard","meta":{"footnotes":""},"categories":[5,85],"tags":[523,274,142,182],"class_list":["post-6338","post","type-post","status-publish","format-standard","hentry","category-newsy","category-zsp","tag-500-lecie-sadownego","tag-parafia-sadowne","tag-urzad-gminy-sadowne","tag-zespol-szkol-ponadgimnazjalnych-w-sadownem"],"views":4293,"_links":{"self":[{"href":"https:\/\/info.sadowne.pl\/index.php?rest_route=\/wp\/v2\/posts\/6338","targetHints":{"allow":["GET"]}}],"collection":[{"href":"https:\/\/info.sadowne.pl\/index.php?rest_route=\/wp\/v2\/posts"}],"about":[{"href":"https:\/\/info.sadowne.pl\/index.php?rest_route=\/wp\/v2\/types\/post"}],"author":[{"embeddable":true,"href":"https:\/\/info.sadowne.pl\/index.php?rest_route=\/wp\/v2\/users\/1"}],"replies":[{"embeddable":true,"href":"https:\/\/info.sadowne.pl\/index.php?rest_route=%2Fwp%2Fv2%2Fcomments&post=6338"}],"version-history":[{"count":3,"href":"https:\/\/info.sadowne.pl\/index.php?rest_route=\/wp\/v2\/posts\/6338\/revisions"}],"predecessor-version":[{"id":23304,"href":"https:\/\/info.sadowne.pl\/index.php?rest_route=\/wp\/v2\/posts\/6338\/revisions\/23304"}],"wp:attachment":[{"href":"https:\/\/info.sadowne.pl\/index.php?rest_route=%2Fwp%2Fv2%2Fmedia&parent=6338"}],"wp:term":[{"taxonomy":"category","embeddable":true,"href":"https:\/\/info.sadowne.pl\/index.php?rest_route=%2Fwp%2Fv2%2Fcategories&post=6338"},{"taxonomy":"post_tag","embeddable":true,"href":"https:\/\/info.sadowne.pl\/index.php?rest_route=%2Fwp%2Fv2%2Ftags&post=6338"}],"curies":[{"name":"wp","href":"https:\/\/api.w.org\/{rel}","templated":true}]}}