{"id":6348,"date":"2014-09-22T18:55:27","date_gmt":"2014-09-22T16:55:27","guid":{"rendered":"http:\/\/www.infosadowne.boo.pl\/?p=6348"},"modified":"2014-09-22T18:55:27","modified_gmt":"2014-09-22T16:55:27","slug":"w-holdzie-zyjacym-i-zmarlym-mieszkancom-sadownego","status":"publish","type":"post","link":"https:\/\/info.sadowne.pl\/?p=6348","title":{"rendered":"W ho\u0142dzie \u017cyj\u0105cym i zmar\u0142ym mieszka\u0144com Sadownego"},"content":{"rendered":"<p style=\"text-align: justify;\"><strong><a href=\"http:\/\/www.info.sadowne.pl\/wp-content\/uploads\/2014\/09\/2014.09.22.7.jpg\" target=\"_blank\"><img loading=\"lazy\" decoding=\"async\" class=\"alignleft wp-image-6349 size-thumbnail\" src=\"http:\/\/www.info.sadowne.pl\/wp-content\/uploads\/2014\/09\/2014.09.22.7-180x130.jpg\" alt=\"2014.09.22.7\" width=\"180\" height=\"130\" \/><\/a>G\u0142\u00f3wne uroczysto\u015bci 500-lecia za nami. Wa\u017cnych wydarze\u0144 z 18 wrze\u015bnia by\u0142o tak wiele, \u017ce na niekt\u00f3re z nich trzeba jeszcze raz spojrze\u0107. <\/strong><!--more--><\/p>\n<p style=\"text-align: justify;\"><strong>Chcemy przypomnie\u0107, w kolejnych ods\u0142onach, wydarzenia i ludzi, kt\u00f3rzy w tym dniu byli g\u0142\u00f3wnymi bohaterami.<\/strong><\/p>\n<p style=\"text-align: justify;\"><strong><a href=\"http:\/\/www.info.sadowne.pl\/wp-content\/uploads\/2014\/09\/2014.09.22.1.jpg\" target=\"_blank\"><img loading=\"lazy\" decoding=\"async\" class=\"alignright wp-image-6350 size-medium\" src=\"http:\/\/www.info.sadowne.pl\/wp-content\/uploads\/2014\/09\/2014.09.22.1-193x300.jpg\" alt=\"2014.09.22.1\" width=\"193\" height=\"300\" srcset=\"https:\/\/info.sadowne.pl\/wp-content\/uploads\/2014\/09\/2014.09.22.1-193x300.jpg 193w, https:\/\/info.sadowne.pl\/wp-content\/uploads\/2014\/09\/2014.09.22.1.jpg 289w\" sizes=\"auto, (max-width: 193px) 100vw, 193px\" \/><\/a>Samo Sadowne wystroi\u0142o si\u0119 tego dnia jak nigdy dot\u0105d. Flagi, godne \u015awi\u0119ta Niepodleg\u0142o\u015bci czy 3-go Maja, orkiestra d\u0119ta &#8211; muzyk\u0105 i strojami podkre\u015bla\u0142a uroczysty charakter tego dnia.<\/strong> Pierwsza wizyta Biskupa Tadeusza Pikusa i ciep\u0142a atmosfera, jak\u0105 wok\u00f3\u0142 siebie tworzy\u0142, s\u0142owami, u\u015bmiechem, modlitw\u0105 oraz wsp\u00f3lnym marszem przez ca\u0142e Sadowne, pozostanie na d\u0142ugo w pami\u0119ci uczestnik\u00f3w. Warte przypomnienia s\u0105 r\u00f3wnie\u017c osoby uhonorowane podczas Uroczystej Sesji Rady Gminy. S\u0105 to Zas\u0142u\u017ceni dla Sadownego: pp. ks. Marian Zbie\u0107, Edward Herman, Barbara Giers, Kazimierz Ksi\u0105\u017cek, Anna Szyszka, Adam Dobosz i Zesp\u00f3\u0142\u00a0 \u201eSadowianki\u201d.<\/p>\n<p style=\"text-align: justify;\"><strong>Tego dnia razem z mieszka\u0144cami \u015bwi\u0119towa\u0142o wielu wybitnych przedstawicieli w\u0142adz pa\u0144stwowych i samorz\u0105dowych.<\/strong> Oddaj\u0105c ho\u0142d mieszka\u0144com Sadownego, kwiaty na parafialnym skwerze Kardyna\u0142a Wyszy\u0144skiego, pod kamieniem pami\u0105tkowym z\u0142o\u017cyli: minister prof. Jan Szyszko, pose\u0142 Arkadiusz Czartoryski, senator Maria Koc, marsza\u0142ek wojew\u00f3dztwa mazowieckiego El\u017cbieta Lanc, powiat reprezentowa\u0142 Marek Renik. W uroczysto\u015bciach wzi\u0119li udzia\u0142 r\u00f3wnie\u017c: ksi\u0119\u017ca dekanatu \u0142ochowskiego i zaprzyja\u017anieni z nasz\u0105 parafi\u0105 na czele z naszym proboszczem ks. kanonikiem Stanis\u0142awem Wojciechowskim, przedstawiciele powiatu w\u0119growskiego &#8211; starosta Krzysztof Fedorczyk i wicestarosta Ewa Besztak, by\u0142y starosta Henryk Zy\u015bk, w\u00f3jt Zdzis\u0142aw Tracz, radni gminy i powiatu.<\/p>\n<p style=\"text-align: justify;\"><strong><a href=\"http:\/\/www.info.sadowne.pl\/wp-content\/uploads\/2014\/09\/2014.09.22.2.jpg\" target=\"_blank\"><img loading=\"lazy\" decoding=\"async\" class=\"alignleft wp-image-6352 size-thumbnail\" src=\"http:\/\/www.info.sadowne.pl\/wp-content\/uploads\/2014\/09\/2014.09.22.2-180x130.jpg\" alt=\"2014.09.22.2\" width=\"180\" height=\"130\" \/><\/a>M\u0142odzie\u017c z liceum oraz technikum z ZSP w Sadownem, w\u0142\u0105czy\u0142a si\u0119 w obchody 500-lecia swojej miejscowo\u015bci. W ich wykonaniu szacowni go\u015bcie oraz mieszka\u0144cy, obejrzeli ba\u015b\u0144 pt.: \u201dO ch\u0142opcu, kt\u00f3ry szuka\u0142 stracha\u201d.<\/strong><\/p>\n<p style=\"text-align: justify;\"><a href=\"http:\/\/www.info.sadowne.pl\/wp-content\/uploads\/2014\/09\/2014.09.22.3.jpg\" target=\"_blank\"><img loading=\"lazy\" decoding=\"async\" class=\"alignright wp-image-6353 size-thumbnail\" src=\"http:\/\/www.info.sadowne.pl\/wp-content\/uploads\/2014\/09\/2014.09.22.3-180x130.jpg\" alt=\"2014.09.22.3\" width=\"180\" height=\"130\" \/><\/a>By\u0142a to taneczna adaptacja zapomnianej ba\u015bni mazowieckiej, kt\u00f3r\u0105 utrwali\u0142 w swoich zapiskach Oskar Kolberg. Charakter mazowiecko-podlaskiego pogranicza kulturowego Sadownego podkre\u015bli\u0142y muzyka i stroje oraz tematyka ba\u015bni.<\/p>\n<p style=\"text-align: justify;\"><strong><a href=\"http:\/\/www.info.sadowne.pl\/wp-content\/uploads\/2014\/09\/2014.09.22.4.jpg\" target=\"_blank\"><img loading=\"lazy\" decoding=\"async\" class=\"alignleft wp-image-6354 size-thumbnail\" src=\"http:\/\/www.info.sadowne.pl\/wp-content\/uploads\/2014\/09\/2014.09.22.4-180x130.jpg\" alt=\"2014.09.22.4\" width=\"180\" height=\"130\" \/><\/a>Wyst\u0119p m\u0142odzie\u017cy ZSP w Sadownem by\u0142 r\u00f3wnie\u017c ho\u0142dem, oddanym przesz\u0142ym pokoleniom \u017cyj\u0105cym przed nami, kt\u00f3re tworzy\u0142y histori\u0119 i kultur\u0119 Sadownego.<\/strong><\/p>\n<p style=\"text-align: justify;\"><a href=\"http:\/\/www.info.sadowne.pl\/wp-content\/uploads\/2014\/09\/2014.09.22.5.jpg\" target=\"_blank\"><img loading=\"lazy\" decoding=\"async\" class=\"alignright wp-image-6355 size-thumbnail\" src=\"http:\/\/www.info.sadowne.pl\/wp-content\/uploads\/2014\/09\/2014.09.22.5-180x130.jpg\" alt=\"2014.09.22.5\" width=\"180\" height=\"130\" \/><\/a>Ba\u015b\u0144 przedstawili: Monika Ojdana, Bartek Kowalczyk, Ewelina Ga\u0142\u0105zka, Kuba Klimek, Marcin Koro\u015b, Natalia Karczmarczyk, Patryk Karczmarczyk, Marta Matwiejczuk, Paulina Str\u0105k, Martyna Kucharek, Paulina Ga\u0142\u0105zka, Tomasz Tymi\u0144ski, \u0141ukasz Karczmarczyk, Gabriela Renik, Klaudia Rostek, pod kierunkiem Miros\u0142awy i Marka Renik\u00f3w przy wsp\u00f3\u0142pracy z Alicj\u0105 Renik, Szymonem Por\u0119bskim,\u00a0 Dorot\u0105 Jankowsk\u0105 oraz Kamilem Kie\u0142kiem.<\/p>\n<p style=\"text-align: justify;\"><strong><a href=\"http:\/\/www.info.sadowne.pl\/wp-content\/uploads\/2014\/09\/2014.09.22.6.jpg\" target=\"_blank\"><img loading=\"lazy\" decoding=\"async\" class=\"alignleft wp-image-6356 size-thumbnail\" src=\"http:\/\/www.info.sadowne.pl\/wp-content\/uploads\/2014\/09\/2014.09.22.6-180x130.jpg\" alt=\"2014.09.22.6\" width=\"180\" height=\"130\" \/><\/a>Po weso\u0142ym, pe\u0142nym temperamentu przedstawieniu, przyszed\u0142 czas na om\u00f3wienie bardzo powa\u017cnych referat\u00f3w.<\/strong> Poniewa\u017c nie wszyscy zainteresowani mieszka\u0144cy mogli je wys\u0142ucha\u0107 na \u017cywo, postanowili\u015bmy przedstawi\u0107 w kolejnych odcinkach sylwetki os\u00f3b referuj\u0105cych oraz tre\u015b\u0107\u00a0 referat\u00f3w. W najbli\u017cszym czasie opublikujemy referat nt.: \u201eMieszka\u0144cy Sadownego\u00a0 i okolic ratuj\u0105cy \u017byd\u00f3w podczas II wojny \u015awiatowej\u201d oraz przedstawimy sylwetk\u0119 autora &#8211;\u00a0 ks. prof. Paw\u0142a Rytela \u2013Adrianika.<\/p>\n<p style=\"text-align: justify;\"><strong>M. Renik<\/strong><\/p>\n","protected":false},"excerpt":{"rendered":"<p>G\u0142\u00f3wne uroczysto\u015bci 500-lecia za nami. Wa\u017cnych wydarze\u0144 z 18 wrze\u015bnia by\u0142o tak wiele, \u017ce na niekt\u00f3re z nich trzeba jeszcze raz spojrze\u0107.<\/p>\n","protected":false},"author":1,"featured_media":0,"comment_status":"open","ping_status":"open","sticky":false,"template":"","format":"standard","meta":{"footnotes":""},"categories":[5,85],"tags":[523,395,182],"class_list":["post-6348","post","type-post","status-publish","format-standard","hentry","category-newsy","category-zsp","tag-500-lecie-sadownego","tag-marek-renik","tag-zespol-szkol-ponadgimnazjalnych-w-sadownem"],"views":3435,"_links":{"self":[{"href":"https:\/\/info.sadowne.pl\/index.php?rest_route=\/wp\/v2\/posts\/6348","targetHints":{"allow":["GET"]}}],"collection":[{"href":"https:\/\/info.sadowne.pl\/index.php?rest_route=\/wp\/v2\/posts"}],"about":[{"href":"https:\/\/info.sadowne.pl\/index.php?rest_route=\/wp\/v2\/types\/post"}],"author":[{"embeddable":true,"href":"https:\/\/info.sadowne.pl\/index.php?rest_route=\/wp\/v2\/users\/1"}],"replies":[{"embeddable":true,"href":"https:\/\/info.sadowne.pl\/index.php?rest_route=%2Fwp%2Fv2%2Fcomments&post=6348"}],"version-history":[{"count":2,"href":"https:\/\/info.sadowne.pl\/index.php?rest_route=\/wp\/v2\/posts\/6348\/revisions"}],"predecessor-version":[{"id":6357,"href":"https:\/\/info.sadowne.pl\/index.php?rest_route=\/wp\/v2\/posts\/6348\/revisions\/6357"}],"wp:attachment":[{"href":"https:\/\/info.sadowne.pl\/index.php?rest_route=%2Fwp%2Fv2%2Fmedia&parent=6348"}],"wp:term":[{"taxonomy":"category","embeddable":true,"href":"https:\/\/info.sadowne.pl\/index.php?rest_route=%2Fwp%2Fv2%2Fcategories&post=6348"},{"taxonomy":"post_tag","embeddable":true,"href":"https:\/\/info.sadowne.pl\/index.php?rest_route=%2Fwp%2Fv2%2Ftags&post=6348"}],"curies":[{"name":"wp","href":"https:\/\/api.w.org\/{rel}","templated":true}]}}