{"id":6397,"date":"2014-09-24T15:28:04","date_gmt":"2014-09-24T13:28:04","guid":{"rendered":"http:\/\/www.infosadowne.boo.pl\/?p=6397"},"modified":"2014-09-25T07:38:23","modified_gmt":"2014-09-25T05:38:23","slug":"ziemio-majowa","status":"publish","type":"post","link":"https:\/\/info.sadowne.pl\/?p=6397","title":{"rendered":"Ziemio majowa&#8230;"},"content":{"rendered":"<p style=\"text-align: justify;\"><strong><a href=\"http:\/\/www.info.sadowne.pl\/wp-content\/uploads\/2014\/09\/DKK11.jpg\" target=\"_blank\"><img loading=\"lazy\" decoding=\"async\" class=\"alignleft wp-image-6409 size-thumbnail\" src=\"http:\/\/www.info.sadowne.pl\/wp-content\/uploads\/2014\/09\/DKK11-180x130.jpg\" alt=\"DKK1\" width=\"180\" height=\"130\" \/><\/a>Pisze od szesnastego roku \u017cycia. Inspiracj\u0105 s\u0105 dla niej: mi\u0142o\u015b\u0107, cierpienie i pi\u0119kno przyrody, a w szczeg\u00f3lno\u015bci \u2013 g\u00f3r. <\/strong><!--more--><\/p>\n<p style=\"text-align: justify;\">Wiersze z ostatnich lat zawar\u0142a w nast\u0119puj\u0105cych zbiorkach: <em>S\u0142oneczna \u0142za Tatr, B\u0142\u0119kitne szlaki, I narodzi\u0142o si\u0119 Jezu\u2026, Dziewi\u0119\u0107 Dni Podniebnej Nowenny, W\u015br\u00f3d g\u00f3r Ptaki Nieba szybuj\u0105<\/em>. By\u0142a kilkakrotnie nagradzana w konkursach poetyckich.<img loading=\"lazy\" decoding=\"async\" class=\"alignright size-full wp-image-6399\" src=\"http:\/\/www.info.sadowne.pl\/wp-content\/uploads\/2014\/09\/DKK1.jpg\" alt=\"DKK\" width=\"167\" height=\"200\" \/><\/p>\n<p style=\"text-align: justify;\"><strong style=\"font-size: 13px;\">Danuta Kobyli\u0144ska \u2013 Konik<\/strong><span style=\"font-size: 13px;\"> urodzi\u0142a si\u0119 w Grabinach \u2013 \u201ew cieniu lip i nie\u015bmia\u0142o\u015bci stokrotek\u2026\u201d \u2013 co nie pozosta\u0142o bez wp\u0142ywu na rozbudzenie poetyckiej wra\u017cliwo\u015bci. Obecnie mieszka w Zarzetce, uczy sztuki i techniki w Gimnazjum im. b\u0142. Edwarda Grzyma\u0142y w Sadownem\u2026<\/span><\/p>\n<p style=\"text-align: justify;\">.<\/p>\n<p style=\"text-align: justify;\"><span style=\"color: #3366ff;\"><strong>Wiosenny zachwyt<\/strong><\/span><\/p>\n<p style=\"text-align: justify;\">.<\/p>\n<p style=\"text-align: justify;\">Ziemio majowa<\/p>\n<p style=\"text-align: justify;\">\u00a0\u00a0\u00a0\u00a0 zieleni\u0105 kipi\u0105ca<\/p>\n<p style=\"text-align: justify;\">\u00a0\u00a0\u00a0\u00a0 wo\u0142asz mi\u0142o\u015bci\u0105<\/p>\n<p style=\"text-align: justify;\">\u00a0\u00a0\u00a0\u00a0 nabrzmia\u0142\u0105 \u017cyciem,<\/p>\n<p style=\"text-align: justify;\">lecz coraz rzadziej pachniesz<\/p>\n<p style=\"text-align: justify;\">\u00a0\u00a0\u00a0\u00a0 zaoran\u0105 skib\u0105\u2026<\/p>\n<p style=\"text-align: justify;\">.<\/p>\n<p style=\"text-align: justify;\">Zatrzymaj si\u0119,<\/p>\n<p style=\"text-align: justify;\">cz\u0142owieku!<\/p>\n<p style=\"text-align: justify;\">Schwytaj rado\u015b\u0107<\/p>\n<p style=\"text-align: justify;\">\u00a0\u00a0\u00a0\u00a0 roz\u017c\u00f3\u0142conych \u0142\u0105k!<\/p>\n<p style=\"text-align: justify;\">.<\/p>\n<p style=\"text-align: justify;\">Gdzie znajdziesz<\/p>\n<p style=\"text-align: justify;\">tak rozczochrane biel\u0105<\/p>\n<p style=\"text-align: justify;\">\u00a0\u00a0\u00a0\u00a0 czeremchy<\/p>\n<p style=\"text-align: justify;\">roz\u015bpiewane s\u0142owikami?<\/p>\n<p style=\"text-align: justify;\">.<\/p>\n<p style=\"text-align: justify;\">Wymieszaj zachwyt<\/p>\n<p style=\"text-align: justify;\">z zadziwieniem,<\/p>\n<p style=\"text-align: justify;\">bo niebo zb\u0142\u0119kitnia\u0142o<\/p>\n<p style=\"text-align: justify;\">od u\u015bmiechu wiosny.<\/p>\n<p style=\"text-align: justify;\"><em>\u00a0\u00a0\u00a0\u00a0 (Zarzetka, 2006)<\/em><\/p>\n<p style=\"text-align: justify;\">.<\/p>\n<p style=\"text-align: justify;\"><span style=\"color: #3366ff;\"><strong>Przytul mnie, Bo\u017ce\u2026<\/strong><\/span><\/p>\n<p style=\"text-align: justify;\">.<\/p>\n<p style=\"text-align: justify;\">Przytul mnie, Bo\u017ce,<\/p>\n<p style=\"text-align: justify;\">\u0142agodno\u015bci\u0105 zbocza,<\/p>\n<p style=\"text-align: justify;\">a kraw\u0119dzi\u0105 szczytu<\/p>\n<p style=\"text-align: justify;\">otrzyj \u0142z\u0119 zbola\u0142\u0105.<\/p>\n<p style=\"text-align: justify;\">.<\/p>\n<p style=\"text-align: justify;\">Ros\u0105 mg\u0142y poca\u0142uj,<\/p>\n<p style=\"text-align: justify;\">mo\u017ce odrodz\u0119 si\u0119 w s\u0142o\u0144cu<\/p>\n<p style=\"text-align: justify;\">i uko\u0142ysz\u0119 na fali<\/p>\n<p style=\"text-align: justify;\">Twojej Mi\u0142o\u015bci\u2026<\/p>\n<p style=\"text-align: justify;\">.<\/p>\n<p style=\"text-align: justify;\">Dlaczego te \u015bcie\u017cki<\/p>\n<p style=\"text-align: justify;\">tak d\u0142ugo prowadz\u0105 do Ciebie?<\/p>\n<p style=\"text-align: justify;\">Dlaczego zakr\u0119t musi by\u0107 zakr\u0119tem,<\/p>\n<p style=\"text-align: justify;\">a przepa\u015b\u0107 musi istnie\u0107?<\/p>\n<p style=\"text-align: justify;\">.<\/p>\n<p style=\"text-align: justify;\">Ostro\u015b\u0107 szczyt\u00f3w zatopionych w b\u0142\u0119kicie<\/p>\n<p style=\"text-align: justify;\">jest najprostsza,<\/p>\n<p style=\"text-align: justify;\">bo zupe\u0142nie Twoja\u2026<\/p>\n<p style=\"text-align: justify;\">\u00a0\u00a0\u00a0\u00a0 <em>(S\u0142owacki Raj, 2007)<\/em><\/p>\n<p style=\"text-align: justify;\">.<\/p>\n<p style=\"text-align: justify;\"><span style=\"color: #3366ff;\"><strong>Na balkonie u Pana Boga<\/strong><\/span><\/p>\n<p style=\"text-align: justify;\">.<\/p>\n<p style=\"text-align: justify;\">Delikatnymi pomrukami burzy<\/p>\n<p style=\"text-align: justify;\">zaprosi\u0142e\u015b nas, Panie,<\/p>\n<p style=\"text-align: justify;\">na sw\u00f3j balkon<\/p>\n<p style=\"text-align: justify;\">.<\/p>\n<p style=\"text-align: justify;\">Ods\u0142oni\u0142e\u015b czarowne zas\u0142ony<\/p>\n<p style=\"text-align: justify;\">drzew<\/p>\n<p style=\"text-align: justify;\">.<\/p>\n<p style=\"text-align: justify;\">Pozosta\u0142 tylko<\/p>\n<p style=\"text-align: justify;\">firanek mglisty tiul<\/p>\n<p style=\"text-align: justify;\">.<\/p>\n<p style=\"text-align: justify;\">Masz pi\u0119kny ogr\u00f3d, Bo\u017ce,<\/p>\n<p style=\"text-align: justify;\">w letniskowym domku<\/p>\n<p style=\"text-align: justify;\">S\u0142owackiego Raju\u2026<\/p>\n<p style=\"text-align: justify;\">.<\/p>\n<p style=\"text-align: justify;\">Wizyta by\u0142a zbyt<\/p>\n<p style=\"text-align: justify;\">kr\u00f3tka<\/p>\n<p style=\"text-align: justify;\">.<\/p>\n<p style=\"text-align: justify;\">A jednak sp\u0142yn\u0119\u0142y<\/p>\n<p style=\"text-align: justify;\">deszczowe \u0142zy<\/p>\n<p style=\"text-align: justify;\">z Twoich Oczu, Panie,<\/p>\n<p style=\"text-align: justify;\">na Po\u017cegnanie\u2026<\/p>\n<p style=\"text-align: justify;\"><em>\u00a0\u00a0\u00a0\u00a0 (S\u0142owacja, 2008)<\/em><\/p>\n<p style=\"text-align: justify;\">.<\/p>\n<p style=\"text-align: justify;\"><strong>\u0179r\u00f3d\u0142o:<\/strong> <em>Pod rodzinnym niebem, Antologia<\/em>, MiGOK w \u0141ochowie, \u0141och\u00f3w \u2013 Sadowne \u2013 Stoczek 2011<\/p>\n","protected":false},"excerpt":{"rendered":"<p>Pisze od szesnastego roku \u017cycia. Inspiracj\u0105 s\u0105 dla niej: mi\u0142o\u015b\u0107, cierpienie i pi\u0119kno przyrody, a w szczeg\u00f3lno\u015bci \u2013 g\u00f3r.<\/p>\n","protected":false},"author":1,"featured_media":0,"comment_status":"open","ping_status":"open","sticky":false,"template":"","format":"standard","meta":{"footnotes":""},"categories":[5,48,6,108],"tags":[970,109,49],"class_list":["post-6397","post","type-post","status-publish","format-standard","hentry","category-newsy","category-kacik-literacki","category-kultura-rozrywka-edukacja","category-okienko-poetyckie","tag-danuta-kobylinska-konik","tag-grupa-poetycka-iwa","tag-wiersze"],"views":3678,"_links":{"self":[{"href":"https:\/\/info.sadowne.pl\/index.php?rest_route=\/wp\/v2\/posts\/6397","targetHints":{"allow":["GET"]}}],"collection":[{"href":"https:\/\/info.sadowne.pl\/index.php?rest_route=\/wp\/v2\/posts"}],"about":[{"href":"https:\/\/info.sadowne.pl\/index.php?rest_route=\/wp\/v2\/types\/post"}],"author":[{"embeddable":true,"href":"https:\/\/info.sadowne.pl\/index.php?rest_route=\/wp\/v2\/users\/1"}],"replies":[{"embeddable":true,"href":"https:\/\/info.sadowne.pl\/index.php?rest_route=%2Fwp%2Fv2%2Fcomments&post=6397"}],"version-history":[{"count":5,"href":"https:\/\/info.sadowne.pl\/index.php?rest_route=\/wp\/v2\/posts\/6397\/revisions"}],"predecessor-version":[{"id":6411,"href":"https:\/\/info.sadowne.pl\/index.php?rest_route=\/wp\/v2\/posts\/6397\/revisions\/6411"}],"wp:attachment":[{"href":"https:\/\/info.sadowne.pl\/index.php?rest_route=%2Fwp%2Fv2%2Fmedia&parent=6397"}],"wp:term":[{"taxonomy":"category","embeddable":true,"href":"https:\/\/info.sadowne.pl\/index.php?rest_route=%2Fwp%2Fv2%2Fcategories&post=6397"},{"taxonomy":"post_tag","embeddable":true,"href":"https:\/\/info.sadowne.pl\/index.php?rest_route=%2Fwp%2Fv2%2Ftags&post=6397"}],"curies":[{"name":"wp","href":"https:\/\/api.w.org\/{rel}","templated":true}]}}