{"id":6526,"date":"2018-09-26T10:25:04","date_gmt":"2018-09-26T08:25:04","guid":{"rendered":"http:\/\/www.infosadowne.boo.pl\/?p=6526"},"modified":"2018-09-26T10:31:47","modified_gmt":"2018-09-26T08:31:47","slug":"juz-jesien","status":"publish","type":"post","link":"https:\/\/info.sadowne.pl\/?p=6526","title":{"rendered":"Przysz\u0142a jesie\u0144!"},"content":{"rendered":"<p style=\"text-align: justify;\"><strong><a href=\"http:\/\/www.info.sadowne.pl\/wp-content\/uploads\/2014\/10\/2014.10.08.1.jpg\" target=\"_blank\" rel=\"noopener noreferrer\"><img loading=\"lazy\" decoding=\"async\" class=\"alignleft wp-image-6527 size-thumbnail\" src=\"http:\/\/www.info.sadowne.pl\/wp-content\/uploads\/2014\/10\/2014.10.08.1-180x130.jpg\" alt=\"2014.10.08.1\" width=\"180\" height=\"130\" \/><\/a>I sezon ogrodniczy ma si\u0119 ku ko\u0144cowi. Nie zapominajmy o przygotowaniu ogrodu do zimy.<\/strong><!--more--><\/p>\n<p style=\"text-align: justify;\"><a href=\"http:\/\/www.info.sadowne.pl\/wp-content\/uploads\/2014\/10\/2014.10.08.2.jpg\" target=\"_blank\" rel=\"noopener noreferrer\"><img loading=\"lazy\" decoding=\"async\" class=\"alignright wp-image-6528 size-medium\" src=\"http:\/\/www.info.sadowne.pl\/wp-content\/uploads\/2014\/10\/2014.10.08.2-300x200.jpg\" alt=\"2014.10.08.2\" width=\"300\" height=\"200\" srcset=\"https:\/\/info.sadowne.pl\/wp-content\/uploads\/2014\/10\/2014.10.08.2-300x200.jpg 300w, https:\/\/info.sadowne.pl\/wp-content\/uploads\/2014\/10\/2014.10.08.2.jpg 806w\" sizes=\"auto, (max-width: 300px) 100vw, 300px\" \/><\/a>W pa\u017adzierniku kwitn\u0105 jeszcze niekt\u00f3re kwiaty, ale jest to okres przygotowa\u0144 do zimy. W ogrodzie jest jeszcze sporo pracy \u2013 do po\u0142owy miesi\u0105ca mo\u017cemy przesadza\u0107 ro\u015bliny iglaste, a tak\u017ce wykonywa\u0107 nowe nasadzenia drzew owocowych z \u201ego\u0142ym korzeniem\u201d lub krzew\u00f3w: porzeczki, agrestu czy malin. Po tych pracach dobrze jest ro\u015bliny wy\u015bci\u00f3\u0142kowa\u0107 np. such\u0105 traw\u0105 warstw\u0105 kory lub kompostu.<\/p>\n<p style=\"text-align: justify;\"><a href=\"http:\/\/www.info.sadowne.pl\/wp-content\/uploads\/2014\/10\/2014.10.08.3.jpg\" target=\"_blank\" rel=\"noopener noreferrer\"><img loading=\"lazy\" decoding=\"async\" class=\"alignleft wp-image-6529 size-medium\" src=\"http:\/\/www.info.sadowne.pl\/wp-content\/uploads\/2014\/10\/2014.10.08.3-300x200.jpg\" alt=\"2014.10.08.3\" width=\"300\" height=\"200\" srcset=\"https:\/\/info.sadowne.pl\/wp-content\/uploads\/2014\/10\/2014.10.08.3-300x200.jpg 300w, https:\/\/info.sadowne.pl\/wp-content\/uploads\/2014\/10\/2014.10.08.3.jpg 806w\" sizes=\"auto, (max-width: 300px) 100vw, 300px\" \/><\/a>Z drzew owocowych oraz pod nimi zbieramy wszystkie zeschni\u0119te i zgni\u0142e owoce, wygrabiamy li\u015bcie, martwe cz\u0119\u015bci ro\u015blin, resztki ro\u015blinne, by zapobiec rozprzestrzenianiu si\u0119 chor\u00f3b. Zabezpieczamy je tak\u017ce przed gryzoniami specjalnymi opaskami. Drzewka mo\u017cemy ju\u017c pomalowa\u0107 wapnem z dodatkiem farby emulsyjnej lub m\u0105cznego klajstru.<\/p>\n<p style=\"text-align: justify;\"><a href=\"http:\/\/www.info.sadowne.pl\/wp-content\/uploads\/2014\/10\/2014.10.08.4.jpg\" target=\"_blank\" rel=\"noopener noreferrer\"><img loading=\"lazy\" decoding=\"async\" class=\"alignright wp-image-6530 size-medium\" src=\"http:\/\/www.info.sadowne.pl\/wp-content\/uploads\/2014\/10\/2014.10.08.4-300x200.jpg\" alt=\"2014.10.08.4\" width=\"300\" height=\"200\" srcset=\"https:\/\/info.sadowne.pl\/wp-content\/uploads\/2014\/10\/2014.10.08.4-300x200.jpg 300w, https:\/\/info.sadowne.pl\/wp-content\/uploads\/2014\/10\/2014.10.08.4.jpg 804w\" sizes=\"auto, (max-width: 300px) 100vw, 300px\" \/><\/a>Z trawnik\u00f3w systematycznie wygrabiamy li\u015bcie, dar\u0144 napowietrzamy, a tak\u017ce mo\u017cemy nawie\u017a\u0107 nawozami zawieraj\u0105cymi fosfor i potas.<\/p>\n<p style=\"text-align: justify;\"><a href=\"http:\/\/www.info.sadowne.pl\/wp-content\/uploads\/2014\/10\/2014.10.08.5.jpg\" target=\"_blank\" rel=\"noopener noreferrer\"><img loading=\"lazy\" decoding=\"async\" class=\"alignleft wp-image-6531 size-medium\" src=\"http:\/\/www.info.sadowne.pl\/wp-content\/uploads\/2014\/10\/2014.10.08.5-300x200.jpg\" alt=\"2014.10.08.5\" width=\"300\" height=\"200\" srcset=\"https:\/\/info.sadowne.pl\/wp-content\/uploads\/2014\/10\/2014.10.08.5-300x200.jpg 300w, https:\/\/info.sadowne.pl\/wp-content\/uploads\/2014\/10\/2014.10.08.5.jpg 806w\" sizes=\"auto, (max-width: 300px) 100vw, 300px\" \/><\/a>Tak\u017ce sporo pracy czeka nas przy oczkach wodnych, stawach i innych zbiornikach wodnych. Przede wszystkim wyjmujemy i czy\u015bcimy pompy wodne. Przegl\u0105damy stan ro\u015blin wodnych, niekt\u00f3re gatunki przenosimy do pomieszcze\u0144 by tam zimowa\u0142y.\u00a0Wypompowujemy wod\u0119 ze zbiornika i czy\u015bcimy dno. Pozbywamy si\u0119 martwych cz\u0119\u015bci ro\u015blin i mu\u0142u. Po ponownym nape\u0142nieniu zbiornika wpuszczamy rybki. Oczko wodne przystosowane do zimowania ryb powinno mie\u0107 co najmniej 1m g\u0142\u0119boko\u015bci.\u00a0Je\u015bli b\u0119d\u0105 one zimowa\u0142y w naszym oczku, musimy pami\u0119ta\u0107 o napowietrzaniu zbiornika oraz dostarczania \u015bwiat\u0142a. Pomocne b\u0119dzie u\u0142o\u017cenie styropianowego kr\u0105\u017cka, dzi\u0119ki kt\u00f3remu w danym miejscu woda nie zamarznie. Mo\u017cemy tak\u017ce rozci\u0105gn\u0105\u0107 siatk\u0119 nas zbiornikiem, by nie wpada\u0142y do niego np. li\u015bcie.<\/p>\n<p style=\"text-align: justify;\"><strong>Tekst\/foto:<\/strong>\u00a0S\u0142awek Chyli\u0144ski<\/p>\n","protected":false},"excerpt":{"rendered":"<p>I sezon ogrodniczy ma si\u0119 ku ko\u0144cowi. Nie zapominajmy o przygotowaniu ogrodu do zimy.<\/p>\n","protected":false},"author":1,"featured_media":0,"comment_status":"open","ping_status":"open","sticky":false,"template":"","format":"standard","meta":{"footnotes":""},"categories":[5,414],"tags":[430,479],"class_list":["post-6526","post","type-post","status-publish","format-standard","hentry","category-newsy","category-w-ogrodzie","tag-jesienne-porzadki-w-ogrodzie","tag-w-ogrodzie-2"],"views":3640,"_links":{"self":[{"href":"https:\/\/info.sadowne.pl\/index.php?rest_route=\/wp\/v2\/posts\/6526","targetHints":{"allow":["GET"]}}],"collection":[{"href":"https:\/\/info.sadowne.pl\/index.php?rest_route=\/wp\/v2\/posts"}],"about":[{"href":"https:\/\/info.sadowne.pl\/index.php?rest_route=\/wp\/v2\/types\/post"}],"author":[{"embeddable":true,"href":"https:\/\/info.sadowne.pl\/index.php?rest_route=\/wp\/v2\/users\/1"}],"replies":[{"embeddable":true,"href":"https:\/\/info.sadowne.pl\/index.php?rest_route=%2Fwp%2Fv2%2Fcomments&post=6526"}],"version-history":[{"count":4,"href":"https:\/\/info.sadowne.pl\/index.php?rest_route=\/wp\/v2\/posts\/6526\/revisions"}],"predecessor-version":[{"id":19182,"href":"https:\/\/info.sadowne.pl\/index.php?rest_route=\/wp\/v2\/posts\/6526\/revisions\/19182"}],"wp:attachment":[{"href":"https:\/\/info.sadowne.pl\/index.php?rest_route=%2Fwp%2Fv2%2Fmedia&parent=6526"}],"wp:term":[{"taxonomy":"category","embeddable":true,"href":"https:\/\/info.sadowne.pl\/index.php?rest_route=%2Fwp%2Fv2%2Fcategories&post=6526"},{"taxonomy":"post_tag","embeddable":true,"href":"https:\/\/info.sadowne.pl\/index.php?rest_route=%2Fwp%2Fv2%2Ftags&post=6526"}],"curies":[{"name":"wp","href":"https:\/\/api.w.org\/{rel}","templated":true}]}}