{"id":6600,"date":"2014-10-16T13:49:55","date_gmt":"2014-10-16T11:49:55","guid":{"rendered":"http:\/\/www.infosadowne.boo.pl\/?p=6600"},"modified":"2014-10-16T13:49:55","modified_gmt":"2014-10-16T11:49:55","slug":"nowy-sklep-sad-pol-2","status":"publish","type":"post","link":"https:\/\/info.sadowne.pl\/?p=6600","title":{"rendered":"Nowy sklep SAD-POL 2"},"content":{"rendered":"<p style=\"text-align: justify;\"><strong><a href=\"http:\/\/www.info.sadowne.pl\/wp-content\/uploads\/2014\/10\/2014.10.16.6.jpg\" target=\"_blank\"><img loading=\"lazy\" decoding=\"async\" class=\"alignleft wp-image-6601 size-thumbnail\" src=\"http:\/\/www.info.sadowne.pl\/wp-content\/uploads\/2014\/10\/2014.10.16.6-180x130.jpg\" alt=\"2014.10.16.6\" width=\"180\" height=\"130\" \/><\/a>W sobot\u0119 otwarcie nowego sklepu SAD-POL 2.<\/strong><!--more--><\/p>\n<p style=\"text-align: justify;\"><a href=\"http:\/\/www.info.sadowne.pl\/wp-content\/uploads\/2014\/10\/2014.10.16.7.jpg\" target=\"_blank\"><img loading=\"lazy\" decoding=\"async\" class=\"alignright wp-image-6602 size-thumbnail\" src=\"http:\/\/www.info.sadowne.pl\/wp-content\/uploads\/2014\/10\/2014.10.16.7-180x130.jpg\" alt=\"2014.10.16.7\" width=\"180\" height=\"130\" \/><\/a>W sobot\u0119, 18 pa\u017adziernika o godz. 8.00 otwarty zostanie nowy sklep w Sadownem, kt\u00f3ry b\u0119dzie nosi\u0142 nazw\u0119 SAD-POL 2.<\/p>\n<p style=\"text-align: justify;\"><strong><a href=\"http:\/\/www.info.sadowne.pl\/wp-content\/uploads\/2014\/10\/2014.10.16.4.jpg\" target=\"_blank\"><img loading=\"lazy\" decoding=\"async\" class=\"alignleft wp-image-6603 size-thumbnail\" src=\"http:\/\/www.info.sadowne.pl\/wp-content\/uploads\/2014\/10\/2014.10.16.4-180x130.jpg\" alt=\"2014.10.16.4\" width=\"180\" height=\"130\" \/><\/a>Lokalizacja:<\/strong> Sadowne, ul. Ko\u015bciuszki 21 (po sklepie PANORAMA).<\/p>\n<p style=\"text-align: justify;\"><strong><a href=\"http:\/\/www.info.sadowne.pl\/wp-content\/uploads\/2014\/10\/2014.10.16.5.jpg\" target=\"_blank\"><img loading=\"lazy\" decoding=\"async\" class=\"alignright wp-image-6604 size-thumbnail\" src=\"http:\/\/www.info.sadowne.pl\/wp-content\/uploads\/2014\/10\/2014.10.16.5-180x130.jpg\" alt=\"2014.10.16.5\" width=\"180\" height=\"130\" \/><\/a>Asortyment:<\/strong> artyku\u0142y i akcesoria elektryczne, \u017cyrandole, lampki, tapety, okleiny meblowe, karnisze, termosy, czajniki, patelnie, szklanki \u2026 itp., itd.<\/p>\n<p style=\"text-align: justify;\"><strong>Ceny przyst\u0119pne, polecamy.<\/strong><\/p>\n<p style=\"text-align: justify;\"><a href=\"http:\/\/www.info.sadowne.pl\/wp-content\/uploads\/2014\/10\/2014.10.16.2.jpg\" target=\"_blank\"><img loading=\"lazy\" decoding=\"async\" class=\"alignleft wp-image-6605 size-medium\" src=\"http:\/\/www.info.sadowne.pl\/wp-content\/uploads\/2014\/10\/2014.10.16.2-212x300.jpg\" alt=\"2014.10.16.2\" width=\"212\" height=\"300\" srcset=\"https:\/\/info.sadowne.pl\/wp-content\/uploads\/2014\/10\/2014.10.16.2-212x300.jpg 212w, https:\/\/info.sadowne.pl\/wp-content\/uploads\/2014\/10\/2014.10.16.2.jpg 562w\" sizes=\"auto, (max-width: 212px) 100vw, 212px\" \/><\/a><a href=\"http:\/\/www.info.sadowne.pl\/wp-content\/uploads\/2014\/10\/2014.10.16.3.jpg\" target=\"_blank\"><img loading=\"lazy\" decoding=\"async\" class=\"aligncenter wp-image-6606 size-medium\" src=\"http:\/\/www.info.sadowne.pl\/wp-content\/uploads\/2014\/10\/2014.10.16.3-211x300.jpg\" alt=\"2014.10.16.3\" width=\"211\" height=\"300\" srcset=\"https:\/\/info.sadowne.pl\/wp-content\/uploads\/2014\/10\/2014.10.16.3-211x300.jpg 211w, https:\/\/info.sadowne.pl\/wp-content\/uploads\/2014\/10\/2014.10.16.3.jpg 558w\" sizes=\"auto, (max-width: 211px) 100vw, 211px\" \/><\/a><\/p>\n<p style=\"text-align: justify;\"><strong>Tekst:<\/strong> sch<\/p>\n","protected":false},"excerpt":{"rendered":"<p>W sobot\u0119 otwarcie nowego sklepu SAD-POL 2.<\/p>\n","protected":false},"author":1,"featured_media":0,"comment_status":"open","ping_status":"open","sticky":false,"template":"","format":"standard","meta":{"footnotes":""},"categories":[5,10,765],"tags":[996,25,995],"class_list":["post-6600","post","type-post","status-publish","format-standard","hentry","category-newsy","category-ogloszenia","category-sklepy","tag-sad-pol-2","tag-sadowne","tag-sklep-elektryczny"],"views":8838,"_links":{"self":[{"href":"https:\/\/info.sadowne.pl\/index.php?rest_route=\/wp\/v2\/posts\/6600","targetHints":{"allow":["GET"]}}],"collection":[{"href":"https:\/\/info.sadowne.pl\/index.php?rest_route=\/wp\/v2\/posts"}],"about":[{"href":"https:\/\/info.sadowne.pl\/index.php?rest_route=\/wp\/v2\/types\/post"}],"author":[{"embeddable":true,"href":"https:\/\/info.sadowne.pl\/index.php?rest_route=\/wp\/v2\/users\/1"}],"replies":[{"embeddable":true,"href":"https:\/\/info.sadowne.pl\/index.php?rest_route=%2Fwp%2Fv2%2Fcomments&post=6600"}],"version-history":[{"count":1,"href":"https:\/\/info.sadowne.pl\/index.php?rest_route=\/wp\/v2\/posts\/6600\/revisions"}],"predecessor-version":[{"id":6607,"href":"https:\/\/info.sadowne.pl\/index.php?rest_route=\/wp\/v2\/posts\/6600\/revisions\/6607"}],"wp:attachment":[{"href":"https:\/\/info.sadowne.pl\/index.php?rest_route=%2Fwp%2Fv2%2Fmedia&parent=6600"}],"wp:term":[{"taxonomy":"category","embeddable":true,"href":"https:\/\/info.sadowne.pl\/index.php?rest_route=%2Fwp%2Fv2%2Fcategories&post=6600"},{"taxonomy":"post_tag","embeddable":true,"href":"https:\/\/info.sadowne.pl\/index.php?rest_route=%2Fwp%2Fv2%2Ftags&post=6600"}],"curies":[{"name":"wp","href":"https:\/\/api.w.org\/{rel}","templated":true}]}}